{"id":8103,"date":"2026-03-11T09:33:47","date_gmt":"2026-03-11T08:33:47","guid":{"rendered":"https:\/\/www.trois-a.org\/?p=8103"},"modified":"2026-03-27T22:20:47","modified_gmt":"2026-03-27T21:20:47","slug":"les-reponses-des-candidats-au-questionnaire-3a","status":"publish","type":"post","link":"https:\/\/www.trois-a.org\/index.php\/2026\/03\/11\/les-reponses-des-candidats-au-questionnaire-3a\/","title":{"rendered":"Les r\u00e9ponses des candidats au questionnaire 3A"},"content":{"rendered":"<p><img decoding=\"async\" class=\"wp-image-8122 aligncenter\" src=\"https:\/\/www.trois-a.org\/wp-content\/uploads\/2026\/02\/3-candidats-300x169.jpg\" alt=\"\" width=\"595\" height=\"335\" srcset=\"https:\/\/www.trois-a.org\/wp-content\/uploads\/2026\/02\/3-candidats-300x169.jpg 300w, https:\/\/www.trois-a.org\/wp-content\/uploads\/2026\/02\/3-candidats-1024x576.jpg 1024w, https:\/\/www.trois-a.org\/wp-content\/uploads\/2026\/02\/3-candidats-768x432.jpg 768w, https:\/\/www.trois-a.org\/wp-content\/uploads\/2026\/02\/3-candidats-1536x864.jpg 1536w, https:\/\/www.trois-a.org\/wp-content\/uploads\/2026\/02\/3-candidats-2048x1152.jpg 2048w, https:\/\/www.trois-a.org\/wp-content\/uploads\/2026\/02\/3-candidats-1320x743.jpg 1320w\" sizes=\"(max-width: 595px) 100vw, 595px\" \/><\/p>\n<p>Les trois candidats d\u00e9clar\u00e9s aux \u00e9lections municipales de Bourg Saint Maurice en 2026 ont r\u00e9pondu au questionnaire 3A.<\/p>\n<div id=\"content_box_9b8c702af6c9f45e900e6c9aae9164cd\" class=\"content_box\">\n\t<div class=\"content_box_title\"><i class=\"theme-icon icon-edit\"><\/i>Mise \u00e0 jour le 12 mars 2026<\/div>\n\t<div class=\"content_box_content\" style=\"background-color:rgba(222,208,208,0.3);\">\n\t\tM\u00eame si elle ne respecte pas exactement la forme de notre questionnaire initial, ce qui ne permet pas de l&rsquo;inclure dans la version interactive, vous trouverez ci-apr\u00e8s la r\u00e9ponse compl\u00e9mentaire que <strong><a href=\"https:\/\/www.trois-a.org\/wp-content\/uploads\/2026\/03\/Reponses-Cecile-Utille-Grand-complement.pdf\" target=\"_blank\" rel=\"noopener\">la liste ACT Montagne emmen\u00e9e par C\u00e9cile UTILLE-GRAND<\/a><\/strong> nous a fait parvenir ce jour 12 mars 2026 \u00e0 destination des propri\u00e9taires aux Arcs\n\t\t<div class=\"content_box_space\"><\/div>\n\t<\/div>\n<\/div>\n\n<div id=\"content_box_fa80062fc484a544fe1334e774606ada\" class=\"content_box\">\n\t<div class=\"content_box_title\"><i class=\"theme-icon icon-edit\"><\/i>Mise \u00e0 jour le 11 mars 2026<\/div>\n\t<div class=\"content_box_content\" style=\"background-color:rgba(222,208,208,0.3);\">\n\t\t<p>Au vu des nouvelles d\u00e9clarations des candidats depuis la publication de leur r\u00e9ponse au questionnaire, nous leur avons demand\u00e9 s&rsquo;ils souhaitaient compl\u00e9ter leurs r\u00e9ponses initiales. Nous publierons leurs \u00e9ventuels compl\u00e9ments au fur et \u00e0 mesure que nous les recevrons. Au 11 mars, seul Guillaume Desrues nous a envoy\u00e9 un compl\u00e9ment, que vous pouvez consulter ci-dessous.<\/p>\n\t\t<div class=\"content_box_space\"><\/div>\n\t<\/div>\n<\/div>\n\n<p>Vous pouvez consulter ces r\u00e9ponses candidat par candidat via ces documents :<\/p>\n<p>&nbsp;<\/p>\n<p><img decoding=\"async\" class=\"wp-image-8235 alignleft\" src=\"https:\/\/www.trois-a.org\/wp-content\/uploads\/2026\/03\/Cecile-Utille-Grand-251x300.jpg\" alt=\"\" width=\"96\" height=\"114\" srcset=\"https:\/\/www.trois-a.org\/wp-content\/uploads\/2026\/03\/Cecile-Utille-Grand-251x300.jpg 251w, https:\/\/www.trois-a.org\/wp-content\/uploads\/2026\/03\/Cecile-Utille-Grand.jpg 600w\" sizes=\"(max-width: 96px) 100vw, 96px\" \/><\/p>\n<p>&nbsp;<\/p>\n<p><strong><a href=\"https:\/\/www.trois-a.org\/wp-content\/uploads\/2026\/02\/Reponse Cecile Utille-Grand.pdf\" target=\"_blank\" rel=\"noopener\">R\u00e9ponse de C\u00e9cile Utille-Grand<\/a><\/strong><\/p>\n<p><strong><a href=\"https:\/\/www.trois-a.org\/wp-content\/uploads\/2026\/03\/Reponses-Cecile-Utille-Grand-complement.pdf\" target=\"_blank\" rel=\"noopener\">R\u00e9ponse compl\u00e9mentaire de C\u00e9cile Utille-Grand re\u00e7ue sous format libre le 12 mars<\/a><\/strong><\/p>\n<p>&nbsp;<\/p>\n<p><img decoding=\"async\" class=\"wp-image-8236 alignleft\" src=\"https:\/\/www.trois-a.org\/wp-content\/uploads\/2026\/03\/Eric-Minoret-230x300.jpeg\" alt=\"\" width=\"85\" height=\"111\" srcset=\"https:\/\/www.trois-a.org\/wp-content\/uploads\/2026\/03\/Eric-Minoret-230x300.jpeg 230w, https:\/\/www.trois-a.org\/wp-content\/uploads\/2026\/03\/Eric-Minoret.jpeg 443w\" sizes=\"(max-width: 85px) 100vw, 85px\" \/><\/p>\n<p>&nbsp;<\/p>\n<p><strong><a href=\"https:\/\/www.trois-a.org\/wp-content\/uploads\/2026\/02\/Reponse-Eric-Minoret.pdf\" target=\"_blank\" rel=\"noopener\">R\u00e9ponse d&rsquo;\u00c9ric Minoret<\/a><\/strong><\/p>\n<p>&nbsp;<\/p>\n<p>&nbsp;<\/p>\n<p><img decoding=\"async\" class=\"wp-image-8237 alignleft\" src=\"https:\/\/www.trois-a.org\/wp-content\/uploads\/2026\/03\/Guillaume-Desrues-263x300.jpeg\" alt=\"\" width=\"94\" height=\"107\" srcset=\"https:\/\/www.trois-a.org\/wp-content\/uploads\/2026\/03\/Guillaume-Desrues-263x300.jpeg 263w, https:\/\/www.trois-a.org\/wp-content\/uploads\/2026\/03\/Guillaume-Desrues-768x875.jpeg 768w, https:\/\/www.trois-a.org\/wp-content\/uploads\/2026\/03\/Guillaume-Desrues.jpeg 875w\" sizes=\"(max-width: 94px) 100vw, 94px\" \/><\/p>\n<p>&nbsp;<\/p>\n<p><strong><a href=\"https:\/\/www.trois-a.org\/wp-content\/uploads\/2026\/02\/Reponse-Guillaume-Desrues.pdf\" target=\"_blank\" rel=\"noopener\">R\u00e9ponse de Guillaume Desrues<\/a><\/strong><\/p>\n<p><strong><a href=\"https:\/\/www.trois-a.org\/wp-content\/uploads\/2026\/03\/Reponses-Guillaume-Desrues-complement.pdf\" target=\"_blank\" rel=\"noopener\">R\u00e9ponse de Guillaume Desrues compl\u00e9t\u00e9e le 10 mars<\/a><\/strong><\/p>\n<p>&nbsp;<\/p>\n<p>Vous pouvez aussi les consulter question par question en utilisant la version interactive ci-dessous. Vous pouvez cliquer sur chacune des questions pour (re)voir les \u00e9ventuelles pr\u00e9cisions que 3A avait pr\u00e9vues pour cette question. Les r\u00e9ponses compl\u00e9mentaires de Guillaume Desrues sont <span style=\"color: #ff0000;\">en rouge<\/span>.<\/p>\n<p>Adh\u00e9rents 3A, vous pouvez partager vos commentaires sur le questionnaire ou les r\u00e9ponses gr\u00e2ce au formulaire en fin d&rsquo;article apr\u00e8s vous \u00eatre connect\u00e9s. <strong>Merci de rester le plus factuel et constructif que possible, et d&rsquo;\u00e9viter les pol\u00e9miques et attaques personnelles<\/strong>. Les commentaires qui ne respecteraient pas ces r\u00e8gles seront supprim\u00e9s.<\/p>\n<p>Vous pouvez \u00e9galement nous faire part de vos observations\/interrogations sur une question, ou la r\u00e9ponse d&rsquo;un ou des candidats, en utilisant <strong><a href=\"https:\/\/www.trois-a.org\/questionnaire\/questionnaire.html\" target=\"_blank\" rel=\"noopener\">cette version en ligne du questionnaire<\/a><\/strong>.<\/p>\n<p><iframe id=\"forme_interactive\" style=\"max-width: 900px; height: 2000px; border-radius: 8px; box-shadow: 0 4px 12px rgba(0,0,0,0.1);\" src=\"\/wp-content\/uploads\/2026\/02\/reponses.html\" width=\"100%\" height=\"2000px\" frameborder=\"0\"><span data-mce-type=\"bookmark\" style=\"display: inline-block; width: 0px; overflow: hidden; line-height: 0;\" class=\"mce_SELRES_start\">\ufeff<\/span><br \/>\n<\/iframe><\/p>\n","protected":false},"excerpt":{"rendered":"<p>Les trois candidats d\u00e9clar\u00e9s aux \u00e9lections municipales de Bourg Saint Maurice en 2026 ont r\u00e9pondu au questionnaire 3A. Vous pouvez consulter ces r\u00e9ponses candidat par candidat via ces documents : &nbsp; &nbsp; R\u00e9ponse de C\u00e9cile Utille-Grand R\u00e9ponse compl\u00e9mentaire de C\u00e9cile Utille-Grand re\u00e7ue sous format libre le 12 mars &nbsp; &nbsp; R\u00e9ponse d&rsquo;\u00c9ric Minoret &nbsp; &nbsp; &#8230;<\/p>\n","protected":false},"author":386,"featured_media":8123,"comment_status":"open","ping_status":"closed","sticky":false,"template":"","format":"standard","meta":{"footnotes":""},"categories":[12,39,14],"tags":[48],"class_list":["post-8103","post","type-post","status-publish","format-standard","has-post-thumbnail","hentry","category-3a","category-actualite","category-mairie","tag-article-en-acces-libre"],"_links":{"self":[{"href":"https:\/\/www.trois-a.org\/index.php\/wp-json\/wp\/v2\/posts\/8103","targetHints":{"allow":["GET"]}}],"collection":[{"href":"https:\/\/www.trois-a.org\/index.php\/wp-json\/wp\/v2\/posts"}],"about":[{"href":"https:\/\/www.trois-a.org\/index.php\/wp-json\/wp\/v2\/types\/post"}],"author":[{"embeddable":true,"href":"https:\/\/www.trois-a.org\/index.php\/wp-json\/wp\/v2\/users\/386"}],"replies":[{"embeddable":true,"href":"https:\/\/www.trois-a.org\/index.php\/wp-json\/wp\/v2\/comments?post=8103"}],"version-history":[{"count":15,"href":"https:\/\/www.trois-a.org\/index.php\/wp-json\/wp\/v2\/posts\/8103\/revisions"}],"predecessor-version":[{"id":8239,"href":"https:\/\/www.trois-a.org\/index.php\/wp-json\/wp\/v2\/posts\/8103\/revisions\/8239"}],"wp:featuredmedia":[{"embeddable":true,"href":"https:\/\/www.trois-a.org\/index.php\/wp-json\/wp\/v2\/media\/8123"}],"wp:attachment":[{"href":"https:\/\/www.trois-a.org\/index.php\/wp-json\/wp\/v2\/media?parent=8103"}],"wp:term":[{"taxonomy":"category","embeddable":true,"href":"https:\/\/www.trois-a.org\/index.php\/wp-json\/wp\/v2\/categories?post=8103"},{"taxonomy":"post_tag","embeddable":true,"href":"https:\/\/www.trois-a.org\/index.php\/wp-json\/wp\/v2\/tags?post=8103"}],"curies":[{"name":"wp","href":"https:\/\/api.w.org\/{rel}","templated":true}]}}