{"id":7879,"date":"2025-12-14T08:05:09","date_gmt":"2025-12-14T07:05:09","guid":{"rendered":"https:\/\/www.trois-a.org\/?p=7879"},"modified":"2025-12-14T08:06:35","modified_gmt":"2025-12-14T07:06:35","slug":"rencontre-proprietaire-aux-arcs-de-fin-dannee","status":"publish","type":"post","link":"https:\/\/www.trois-a.org\/index.php\/2025\/12\/14\/rencontre-proprietaire-aux-arcs-de-fin-dannee\/","title":{"rendered":"Rencontre \u00ab\u00a0Propri\u00e9taire aux Arcs\u00a0\u00bb de fin d&rsquo;ann\u00e9e"},"content":{"rendered":"<p style=\"font-weight: 400;\">3A invite vous invite \u00e0 sa rencontre \u00ab\u00a0Propri\u00e9taire aux Arcs\u00a0\u00bb de fin d\u2019ann\u00e9e 2025.<\/p>\n<p style=\"font-weight: 400;\"><img decoding=\"async\" class=\"alignnone wp-image-7880 aligncenter\" src=\"https:\/\/www.trois-a.org\/wp-content\/uploads\/2025\/12\/Lieu-date-et-heure-300x232.jpg\" alt=\"\" width=\"450\" height=\"348\" srcset=\"https:\/\/www.trois-a.org\/wp-content\/uploads\/2025\/12\/Lieu-date-et-heure-300x232.jpg 300w, https:\/\/www.trois-a.org\/wp-content\/uploads\/2025\/12\/Lieu-date-et-heure-1024x792.jpg 1024w, https:\/\/www.trois-a.org\/wp-content\/uploads\/2025\/12\/Lieu-date-et-heure-768x594.jpg 768w, https:\/\/www.trois-a.org\/wp-content\/uploads\/2025\/12\/Lieu-date-et-heure-1536x1188.jpg 1536w, https:\/\/www.trois-a.org\/wp-content\/uploads\/2025\/12\/Lieu-date-et-heure-1320x1021.jpg 1320w, https:\/\/www.trois-a.org\/wp-content\/uploads\/2025\/12\/Lieu-date-et-heure.jpg 1792w\" sizes=\"(max-width: 450px) 100vw, 450px\" \/><\/p>\n<p style=\"font-weight: 400;\">Au cours de cette r\u00e9union, nous vous pr\u00e9senterons rapidement le r\u00f4le de 3A en tant que \u00ab\u00a0voix des propri\u00e9taires aux Arcs\u00a0\u00bb, nous r\u00e9pondrons \u00e0 vos questions sur le fonctionnement et l\u2019avenir de la station, et ce sera l\u2019occasion d\u2019un \u00e9change entre propri\u00e9taires sur leurs pr\u00e9occupations.<\/p>\n<p style=\"font-weight: 400;\">En cette fin d\u2019ann\u00e9e, un des th\u00e8mes majeurs est la tenue des \u00e9lections municipales de mars prochain. Nous vous pr\u00e9senterons un projet de questionnaire aux candidats que nous vous inviterons \u00e0 commenter.<\/p>\n<p style=\"font-weight: 400;\">Vous pouvez consulter sur le site de 3A <a href=\"https:\/\/www.trois-a.org\/index.php\/2020\/01\/26\/elections-municipales-des-15-et-22-mars-2020-3a-interpelle-les-candidats-sur-leurs-priorites-pour-les-arcs\/\" target=\"_blank\" rel=\"noopener\">les r\u00e9ponses des candidats des derni\u00e8res \u00e9lections de 2020<\/a> au questionnaire qui leur avait \u00e9t\u00e9 soumis. Vous y trouverez \u00e9galement des renseignements sur <a href=\"https:\/\/www.trois-a.org\/index.php\/2025\/07\/18\/voter-aux-arcs\/\" target=\"_blank\" rel=\"noopener\">la possibilit\u00e9 de voter aux Arcs<\/a> pour les propri\u00e9taires de r\u00e9sidence secondaire.<\/p>\n<p style=\"font-weight: 400;\">N&rsquo;h\u00e9sitez pas \u00e0 inviter vos amis et connaissances propri\u00e9taires qui s&rsquo;int\u00e9ressent comme vous, comme nous, au pr\u00e9sent et au futur des Arcs !<\/p>\n<p style=\"font-weight: 400;\">\n","protected":false},"excerpt":{"rendered":"<p>3A invite vous invite \u00e0 sa rencontre \u00ab\u00a0Propri\u00e9taire aux Arcs\u00a0\u00bb de fin d\u2019ann\u00e9e 2025. Au cours de cette r\u00e9union, nous vous pr\u00e9senterons rapidement le r\u00f4le de 3A en tant que \u00ab\u00a0voix des propri\u00e9taires aux Arcs\u00a0\u00bb, nous r\u00e9pondrons \u00e0 vos questions sur le fonctionnement et l\u2019avenir de la station, et ce sera l\u2019occasion d\u2019un \u00e9change entre &#8230;<\/p>\n","protected":false},"author":386,"featured_media":7881,"comment_status":"open","ping_status":"closed","sticky":false,"template":"","format":"standard","meta":{"footnotes":""},"categories":[12,39],"tags":[48],"class_list":["post-7879","post","type-post","status-publish","format-standard","has-post-thumbnail","hentry","category-3a","category-actualite","tag-article-en-acces-libre"],"_links":{"self":[{"href":"https:\/\/www.trois-a.org\/index.php\/wp-json\/wp\/v2\/posts\/7879","targetHints":{"allow":["GET"]}}],"collection":[{"href":"https:\/\/www.trois-a.org\/index.php\/wp-json\/wp\/v2\/posts"}],"about":[{"href":"https:\/\/www.trois-a.org\/index.php\/wp-json\/wp\/v2\/types\/post"}],"author":[{"embeddable":true,"href":"https:\/\/www.trois-a.org\/index.php\/wp-json\/wp\/v2\/users\/386"}],"replies":[{"embeddable":true,"href":"https:\/\/www.trois-a.org\/index.php\/wp-json\/wp\/v2\/comments?post=7879"}],"version-history":[{"count":2,"href":"https:\/\/www.trois-a.org\/index.php\/wp-json\/wp\/v2\/posts\/7879\/revisions"}],"predecessor-version":[{"id":7883,"href":"https:\/\/www.trois-a.org\/index.php\/wp-json\/wp\/v2\/posts\/7879\/revisions\/7883"}],"wp:featuredmedia":[{"embeddable":true,"href":"https:\/\/www.trois-a.org\/index.php\/wp-json\/wp\/v2\/media\/7881"}],"wp:attachment":[{"href":"https:\/\/www.trois-a.org\/index.php\/wp-json\/wp\/v2\/media?parent=7879"}],"wp:term":[{"taxonomy":"category","embeddable":true,"href":"https:\/\/www.trois-a.org\/index.php\/wp-json\/wp\/v2\/categories?post=7879"},{"taxonomy":"post_tag","embeddable":true,"href":"https:\/\/www.trois-a.org\/index.php\/wp-json\/wp\/v2\/tags?post=7879"}],"curies":[{"name":"wp","href":"https:\/\/api.w.org\/{rel}","templated":true}]}}