{"id":7748,"date":"2025-09-23T00:12:00","date_gmt":"2025-09-22T22:12:00","guid":{"rendered":"https:\/\/www.trois-a.org\/?p=7748"},"modified":"2025-09-29T19:48:42","modified_gmt":"2025-09-29T17:48:42","slug":"la-renouee-du-japon-un-enjeu-environnemental-pour-les-arcs","status":"publish","type":"post","link":"https:\/\/www.trois-a.org\/index.php\/2025\/09\/23\/la-renouee-du-japon-un-enjeu-environnemental-pour-les-arcs\/","title":{"rendered":"La renou\u00e9e du Japon : un enjeu environnemental pour les Arcs"},"content":{"rendered":"<p style=\"font-weight: 400;\"><div class=\"info\"><div class=\"message_box_content\">Une adh\u00e9rente 3A, Fran\u00e7oise Durif (Aiguille Grive 2), nous a alert\u00e9s sur les dangers pr\u00e9sent\u00e9s par la pr\u00e9sence de la renou\u00e9e du Japon aux Arcs.<div class=\"message_box_space\"><\/div><\/div><\/div>\n<h2 style=\"font-weight: 400; text-align: center;\"><strong>La renou\u00e9e du Japon, c\u2019est quoi\u00a0?<\/strong><\/h2>\n<div id=\"attachment_7759\" style=\"width: 417px\" class=\"wp-caption aligncenter\"><img decoding=\"async\" aria-describedby=\"caption-attachment-7759\" class=\"wp-image-7759\" src=\"https:\/\/www.trois-a.org\/wp-content\/uploads\/2025\/09\/portrait-renouee-1-300x225.jpg\" alt=\"\" width=\"417\" height=\"313\" srcset=\"https:\/\/www.trois-a.org\/wp-content\/uploads\/2025\/09\/portrait-renouee-1-300x225.jpg 300w, https:\/\/www.trois-a.org\/wp-content\/uploads\/2025\/09\/portrait-renouee-1-1024x768.jpg 1024w, https:\/\/www.trois-a.org\/wp-content\/uploads\/2025\/09\/portrait-renouee-1-768x576.jpg 768w, https:\/\/www.trois-a.org\/wp-content\/uploads\/2025\/09\/portrait-renouee-1.jpg 1280w\" sizes=\"(max-width: 417px) 100vw, 417px\" \/><p id=\"caption-attachment-7759\" class=\"wp-caption-text\"><em>Portrait de la renou\u00e9e du Japon \u00a9 D\u00e9partement de la Savoie<\/em><\/p><\/div>\n<p>&nbsp;<\/p>\n<p style=\"font-weight: 400;\">La <strong>renou\u00e9e du Japon (Fallopia japonica)<\/strong> fait partie des esp\u00e8ces dites <em>exotiques envahissantes<\/em>. Introduite en Europe \u00e0 la fin du XIX\u1d49 si\u00e8cle pour ses qualit\u00e9s ornementales, elle est aujourd\u2019hui consid\u00e9r\u00e9e comme l\u2019une des plantes les plus probl\u00e9matiques pour la biodiversit\u00e9. Pour mieux comprendre comment elle envahit l\u2019Europe, consulter <strong><a href=\"https:\/\/biologie.ens-lyon.fr\/ressources\/Biodiversite\/Documents\/la-plante-du-mois\/De-l-origine-du-succes-de-la-renouee-du-japon\" target=\"_blank\" rel=\"noopener\">cet article<\/a><\/strong>, pour apprendre \u00e0 la reconnaitre, consultez <b><a href=\"https:\/\/www.tela-botanica.org\/2025\/05\/la-renouee-du-japon-portraitvegetal\/\">celui-ci (lire la vid\u00e9o)<\/a><\/b>.<\/p>\n<p style=\"font-weight: 400;\">Gr\u00e2ce \u00e0 une croissance extr\u00eamement rapide et \u00e0 un syst\u00e8me racinaire profond et r\u00e9sistant, elle s\u2019installe durablement, \u00e9touffe la flore locale et fragilise les sols et infrastructures. Sa pr\u00e9sence entra\u00eene la disparition progressive des esp\u00e8ces v\u00e9g\u00e9tales autochtones et appauvrit les milieux naturels.<\/p>\n<div id=\"attachment_7760\" style=\"width: 584px\" class=\"wp-caption aligncenter\"><img decoding=\"async\" aria-describedby=\"caption-attachment-7760\" class=\"wp-image-7760\" src=\"https:\/\/www.trois-a.org\/wp-content\/uploads\/2025\/09\/bosquet-1-300x184.jpg\" alt=\"\" width=\"584\" height=\"358\" srcset=\"https:\/\/www.trois-a.org\/wp-content\/uploads\/2025\/09\/bosquet-1-300x184.jpg 300w, https:\/\/www.trois-a.org\/wp-content\/uploads\/2025\/09\/bosquet-1-1024x630.jpg 1024w, https:\/\/www.trois-a.org\/wp-content\/uploads\/2025\/09\/bosquet-1-768x472.jpg 768w, https:\/\/www.trois-a.org\/wp-content\/uploads\/2025\/09\/bosquet-1.jpg 1280w\" sizes=\"(max-width: 584px) 100vw, 584px\" \/><p id=\"caption-attachment-7760\" class=\"wp-caption-text\"><em>Une fois qu\u2019elle s\u2019est d\u00e9velopp\u00e9e en massif, il devient quasi impossible de l\u2019\u00e9radiquer \u00a9 D\u00e9partement de la Savoie<\/em><\/p><\/div>\n<p>&nbsp;<\/p>\n<p style=\"font-weight: 400;\">Au niveau national comme europ\u00e9en, sa gestion est encadr\u00e9e et plusieurs m\u00e9thodes existent\u00a0: fauches r\u00e9p\u00e9t\u00e9es, excavation avec tri des rhizomes, b\u00e2chage, ou encore traitement thermique par injection d\u2019eau chaude. Toutefois, <a href=\"https:\/\/jardinierparesseux.com\/2025\/09\/03\/renouee-du-japon-lutter-avec-realisme\/\" target=\"_blank\" rel=\"noopener\"><strong>aucun de ces proc\u00e9d\u00e9s n\u2019est simple ni d\u00e9finitif<\/strong><\/a> : seule une surveillance continue et des actions coordonn\u00e9es sur plusieurs ann\u00e9es permettent de contenir son expansion.<\/p>\n<h2 style=\"font-weight: 400; text-align: center;\"><strong>La situation aux Arcs et les actions \u00e0 mener<\/strong><\/h2>\n<p style=\"font-weight: 400;\">Aux Arcs, plusieurs foyers de renou\u00e9e ont d\u00e9j\u00e0 \u00e9t\u00e9 identifi\u00e9s, en particulier \u00e0 Arc 1600, Arc 1800 et leurs abords imm\u00e9diats.<\/p>\n<div id=\"attachment_7761\" style=\"width: 565px\" class=\"wp-caption aligncenter\"><img decoding=\"async\" aria-describedby=\"caption-attachment-7761\" class=\"wp-image-7761\" src=\"https:\/\/www.trois-a.org\/wp-content\/uploads\/2025\/09\/Chemin-du-chamort-sans-legende-300x300.jpg\" alt=\"\" width=\"565\" height=\"565\" srcset=\"https:\/\/www.trois-a.org\/wp-content\/uploads\/2025\/09\/Chemin-du-chamort-sans-legende-300x300.jpg 300w, https:\/\/www.trois-a.org\/wp-content\/uploads\/2025\/09\/Chemin-du-chamort-sans-legende-150x150.jpg 150w, https:\/\/www.trois-a.org\/wp-content\/uploads\/2025\/09\/Chemin-du-chamort-sans-legende.jpg 640w\" sizes=\"(max-width: 565px) 100vw, 565px\" \/><p id=\"caption-attachment-7761\" class=\"wp-caption-text\"><em>Les massifs de renou\u00e9es du Japon aux abords du Ruitor (foyer 1)<\/em><\/p><\/div>\n<div id=\"attachment_7766\" style=\"width: 741px\" class=\"wp-caption aligncenter\"><img decoding=\"async\" aria-describedby=\"caption-attachment-7766\" class=\"wp-image-7766\" src=\"https:\/\/www.trois-a.org\/wp-content\/uploads\/2025\/09\/3e-spot-300x293.jpg\" alt=\"\" width=\"741\" height=\"723\" srcset=\"https:\/\/www.trois-a.org\/wp-content\/uploads\/2025\/09\/3e-spot-300x293.jpg 300w, https:\/\/www.trois-a.org\/wp-content\/uploads\/2025\/09\/3e-spot-1024x999.jpg 1024w, https:\/\/www.trois-a.org\/wp-content\/uploads\/2025\/09\/3e-spot-768x749.jpg 768w, https:\/\/www.trois-a.org\/wp-content\/uploads\/2025\/09\/3e-spot-1536x1499.jpg 1536w, https:\/\/www.trois-a.org\/wp-content\/uploads\/2025\/09\/3e-spot-1320x1288.jpg 1320w, https:\/\/www.trois-a.org\/wp-content\/uploads\/2025\/09\/3e-spot.jpg 1646w\" sizes=\"(max-width: 741px) 100vw, 741px\" \/><p id=\"caption-attachment-7766\" class=\"wp-caption-text\"><em>Au moins trois foyers d\u00e9j\u00e0 bien d\u00e9velopp\u00e9s \u00e0 proximit\u00e9 de Charmettoger<\/em><\/p><\/div>\n<div id=\"attachment_7763\" style=\"width: 498px\" class=\"wp-caption aligncenter\"><img decoding=\"async\" aria-describedby=\"caption-attachment-7763\" class=\"wp-image-7763\" src=\"https:\/\/www.trois-a.org\/wp-content\/uploads\/2025\/09\/Route-du-Merlais-1-300x300.jpeg\" alt=\"\" width=\"498\" height=\"498\" srcset=\"https:\/\/www.trois-a.org\/wp-content\/uploads\/2025\/09\/Route-du-Merlais-1-300x300.jpeg 300w, https:\/\/www.trois-a.org\/wp-content\/uploads\/2025\/09\/Route-du-Merlais-1-150x150.jpeg 150w, https:\/\/www.trois-a.org\/wp-content\/uploads\/2025\/09\/Route-du-Merlais-1.jpeg 640w\" sizes=\"(max-width: 498px) 100vw, 498px\" \/><p id=\"caption-attachment-7763\" class=\"wp-caption-text\"><em>Du c\u00f4t\u00e9 du Jardin Alpin (foyer 2)<\/em><\/p><\/div>\n<p>&nbsp;<\/p>\n<p>Sur Arc 1600, depuis 15 ans, C\u00e9cile et Charles-Albert s&rsquo;occupent sans rel\u00e2che des plants de renou\u00e9e du Japon pr\u00e8s de leur chalet pointu. Cliquez sur l&rsquo;image ci-dessous pour \u00e9couter les recommandations de C\u00e9cile si vous \u00eates dans la m\u00eame situation.<\/p>\n<div style=\"width: 464px;\" class=\"wp-video\"><video class=\"wp-video-shortcode\" id=\"video-7748-1\" width=\"464\" height=\"832\" poster=\"https:\/\/www.trois-a.org\/wp-content\/uploads\/2025\/09\/Cecile.jpg\" preload=\"metadata\" controls=\"controls\"><source type=\"video\/mp4\" src=\"https:\/\/www.trois-a.org\/wp-content\/uploads\/2025\/09\/message-Cecile.mp4?_=1\" \/><a href=\"https:\/\/www.trois-a.org\/wp-content\/uploads\/2025\/09\/message-Cecile.mp4\">https:\/\/www.trois-a.org\/wp-content\/uploads\/2025\/09\/message-Cecile.mp4<\/a><\/video><\/div>\n<p>&nbsp;<\/p>\n<p style=\"font-weight: 400;\">Certains foyers se trouvent sur des parcelles priv\u00e9es, d\u2019autres sur le domaine communal. Sans action concert\u00e9e, ils risquent de se multiplier et de transformer nos espaces verts en zones uniformes, au d\u00e9triment de la diversit\u00e9 de la flore de montagne.<\/p>\n<p style=\"font-weight: 400;\">La\u00a0Mairie de Bourg-Saint-Maurice\/Les Arcs est l\u2019interlocuteur naturel pour coordonner une strat\u00e9gie locale de lutte. Des soci\u00e9t\u00e9s sp\u00e9cialis\u00e9es, telles que\u00a0<strong><a href=\"https:\/\/www.rhizomex.com\/\">Rhizomex<\/a><\/strong>, proposent des protocoles adapt\u00e9s \u00e0 nos conditions d\u2019altitude, allant de l\u2019excavation s\u00e9lective au traitement thermique progressif sur plusieurs ann\u00e9es. Ces interventions, co\u00fbteuses, ne peuvent toutefois \u00eatre men\u00e9es efficacement que dans le cadre d\u2019un plan concert\u00e9 impliquant la commune et les propri\u00e9taires fonciers.<\/p>\n<p style=\"font-weight: 400;\">3A se donne pour objectif de relayer aupr\u00e8s de la Mairie les pr\u00e9occupations des propri\u00e9taires et de suivre l\u2019\u00e9laboration d\u2019un plan d\u2019action \u00e0 la hauteur de l\u2019enjeu.<\/p>\n<h2 style=\"font-weight: 400; text-align: center;\"><strong>Appel \u00e0 vigilance et \u00e0 contribution des propri\u00e9taires<\/strong><\/h2>\n<p style=\"font-weight: 400;\">Afin de disposer d\u2019un \u00e9tat des lieux aussi complet que possible,\u00a0<strong>3A invite l\u2019ensemble des propri\u00e9taires aux Arcs \u00e0 signaler les foyers de renou\u00e9e du Japon dont ils auraient connaissance<\/strong>.<\/p>\n<ul>\n<li>Apprenez \u00e0 reconnaitre la renou\u00e9e du Japon, \u00e0 l\u2019aide par exemple de cette <a href=\"https:\/\/www.savoie.fr\/upload\/docs\/application\/pdf\/2021-02\/renouee_du_japon_fevrier2021.pdf\" target=\"_blank\" rel=\"noopener\"><strong>fiche d\u2019information<\/strong><\/a> ou cette <a href=\"https:\/\/www.savoie.fr\/web\/psw_40624\/upload\/docs\/application\/pdf\/2019-07\/renouee_tech-v3.pdf\" target=\"_blank\" rel=\"noopener\"><strong>fiche de gestion de la plante<\/strong><\/a> du d\u00e9partement de la Savoie. Vous pouvez utiliser une application sur smartphone de reconnaissance des v\u00e9g\u00e9taux comme <strong><a href=\"https:\/\/identify.plantnet.org\/\" target=\"_blank\" rel=\"noopener\">PlantNet<\/a><\/strong> (<strong><a href=\"http:\/\/apple.co\/2cMtWgu\" target=\"_blank\" rel=\"noopener\">iOS<\/a><\/strong> ou <a href=\"http:\/\/bit.ly\/1K4D1eU\" target=\"_blank\" rel=\"noopener\"><strong>Android<\/strong><\/a>).<\/li>\n<li>relever la\u00a0<strong>localisation pr\u00e9cise<\/strong>\u00a0(coordonn\u00e9es GPS via <strong>Google Maps<\/strong>, l&rsquo;application <strong>Cartes IGN<\/strong> (<b><a href=\"https:\/\/apps.apple.com\/fr\/app\/cartes-ign\/id748345888\">iOS<\/a><\/b> ou <b><a href=\"https:\/\/play.google.com\/store\/apps\/details?id=fr.ign.geoportail&amp;hl=fr&amp;gl=US\">Android<\/a><\/b>) ou l&rsquo;application<a href=\"https:\/\/www.bourgsaintmaurice.fr\/une-commune\/abonnements\/faire-un-signalement\" target=\"_blank\" rel=\"noopener\">\u00a0<strong>A2mairie<\/strong><\/a>\u00a0de la commune),<\/li>\n<li>si possible,\u00a0<strong>prendre une photographie<\/strong>\u00a0permettant une identification claire,<\/li>\n<li>transmettre ces informations \u00e0 3A (commentaire ci-dessous, mail \u00e0 <a href=\"mailto:contact@trois-a.org\"><strong>contact@trois-a.org<\/strong><\/a>, ou utiliser <a href=\"https:\/\/www.trois-a.org\/index.php\/exprimez-vous\/\" target=\"_blank\" rel=\"noopener\"><strong>le formulaire \u00ab\u00a0Exprimez-vous\u00a0\u00bb<\/strong><\/a>, disponible sur toutes les pages du <strong><a href=\"https:\/\/trois-a.org\/\" target=\"_blank\" rel=\"noopener\">site de 3A<\/a><\/strong>, et qui permet de transmettre des documents).<\/li>\n<\/ul>\n<p style=\"font-weight: 400;\">Ces contributions permettront d\u2019\u00e9tablir une cartographie des foyers existants et de renforcer l\u2019action collective aupr\u00e8s de la commune pour limiter la progression de cette plante invasive.<\/p>\n<div class=\"info\"><div class=\"message_box_content\">\u00a0<strong>La protection du patrimoine naturel des Arcs est une responsabilit\u00e9 partag\u00e9e. Ensemble, mobilisons-nous pour pr\u00e9server la biodiversit\u00e9 et la qualit\u00e9 de nos paysages.<\/strong><div class=\"message_box_space\"><\/div><\/div><\/div>\n","protected":false},"excerpt":{"rendered":"<p>La renou\u00e9e du Japon, c\u2019est quoi\u00a0? &nbsp; La renou\u00e9e du Japon (Fallopia japonica) fait partie des esp\u00e8ces dites exotiques envahissantes. Introduite en Europe \u00e0 la fin du XIX\u1d49 si\u00e8cle pour ses qualit\u00e9s ornementales, elle est aujourd\u2019hui consid\u00e9r\u00e9e comme l\u2019une des plantes les plus probl\u00e9matiques pour la biodiversit\u00e9. Pour mieux comprendre comment elle envahit l\u2019Europe, consulter &#8230;<\/p>\n","protected":false},"author":386,"featured_media":7759,"comment_status":"open","ping_status":"closed","sticky":false,"template":"","format":"standard","meta":{"footnotes":""},"categories":[12,4,39,20],"tags":[48],"class_list":["post-7748","post","type-post","status-publish","format-standard","has-post-thumbnail","hentry","category-3a","category-action","category-actualite","category-environnement","tag-article-en-acces-libre"],"_links":{"self":[{"href":"https:\/\/www.trois-a.org\/index.php\/wp-json\/wp\/v2\/posts\/7748","targetHints":{"allow":["GET"]}}],"collection":[{"href":"https:\/\/www.trois-a.org\/index.php\/wp-json\/wp\/v2\/posts"}],"about":[{"href":"https:\/\/www.trois-a.org\/index.php\/wp-json\/wp\/v2\/types\/post"}],"author":[{"embeddable":true,"href":"https:\/\/www.trois-a.org\/index.php\/wp-json\/wp\/v2\/users\/386"}],"replies":[{"embeddable":true,"href":"https:\/\/www.trois-a.org\/index.php\/wp-json\/wp\/v2\/comments?post=7748"}],"version-history":[{"count":19,"href":"https:\/\/www.trois-a.org\/index.php\/wp-json\/wp\/v2\/posts\/7748\/revisions"}],"predecessor-version":[{"id":7785,"href":"https:\/\/www.trois-a.org\/index.php\/wp-json\/wp\/v2\/posts\/7748\/revisions\/7785"}],"wp:featuredmedia":[{"embeddable":true,"href":"https:\/\/www.trois-a.org\/index.php\/wp-json\/wp\/v2\/media\/7759"}],"wp:attachment":[{"href":"https:\/\/www.trois-a.org\/index.php\/wp-json\/wp\/v2\/media?parent=7748"}],"wp:term":[{"taxonomy":"category","embeddable":true,"href":"https:\/\/www.trois-a.org\/index.php\/wp-json\/wp\/v2\/categories?post=7748"},{"taxonomy":"post_tag","embeddable":true,"href":"https:\/\/www.trois-a.org\/index.php\/wp-json\/wp\/v2\/tags?post=7748"}],"curies":[{"name":"wp","href":"https:\/\/api.w.org\/{rel}","templated":true}]}}