{"id":7525,"date":"2025-07-20T07:42:08","date_gmt":"2025-07-20T05:42:08","guid":{"rendered":"https:\/\/www.trois-a.org\/?p=7525"},"modified":"2025-07-22T09:49:21","modified_gmt":"2025-07-22T07:49:21","slug":"lag-3a-2025-cest-le-31-juillet-cette-annee","status":"publish","type":"post","link":"https:\/\/www.trois-a.org\/index.php\/2025\/07\/20\/lag-3a-2025-cest-le-31-juillet-cette-annee\/","title":{"rendered":"L&rsquo;AG 3A 2025, c&rsquo;est le 31 juillet cette ann\u00e9e"},"content":{"rendered":"<p><img decoding=\"async\" class=\" wp-image-7528 aligncenter\" src=\"https:\/\/www.trois-a.org\/wp-content\/uploads\/2025\/07\/affiche-AG-2025-208x300.jpg\" alt=\"\" width=\"538\" height=\"776\" srcset=\"https:\/\/www.trois-a.org\/wp-content\/uploads\/2025\/07\/affiche-AG-2025-208x300.jpg 208w, https:\/\/www.trois-a.org\/wp-content\/uploads\/2025\/07\/affiche-AG-2025-709x1024.jpg 709w, https:\/\/www.trois-a.org\/wp-content\/uploads\/2025\/07\/affiche-AG-2025-768x1109.jpg 768w, https:\/\/www.trois-a.org\/wp-content\/uploads\/2025\/07\/affiche-AG-2025-1064x1536.jpg 1064w, https:\/\/www.trois-a.org\/wp-content\/uploads\/2025\/07\/affiche-AG-2025-1418x2048.jpg 1418w, https:\/\/www.trois-a.org\/wp-content\/uploads\/2025\/07\/affiche-AG-2025-1320x1906.jpg 1320w, https:\/\/www.trois-a.org\/wp-content\/uploads\/2025\/07\/affiche-AG-2025.jpg 1500w\" sizes=\"(max-width: 538px) 100vw, 538px\" \/><\/p>\n<p>L&rsquo;AG de 3A est le 31 juillet cette ann\u00e9e au centre Bernard Taillefer, \u00e0 15h, comme c&rsquo;est la tradition.<\/p>\n<p>Le projet de rapport moral de 3A qui sera soumis \u00e0 l&rsquo;approbation des adh\u00e9rents est disponible <a href=\"https:\/\/www.trois-a.org\/wp-content\/uploads\/2025\/07\/rapport-moral-3A-2025.pdf\" target=\"_blank\" rel=\"noopener\"><strong>ici<\/strong><\/a>. Il permet d&rsquo;avoir un aper\u00e7u assez complet des activit\u00e9s de 3A.<\/p>\n<p>M\u00eame si bien \u00e9videmment seuls les adh\u00e9rents \u00e0 jour de leur cotisation ont le droit de vote, l&rsquo;AG est ouverte \u00e0 tous les propri\u00e9taires aux Arcs. N&rsquo;h\u00e9sitez pas \u00e0 inviter vos connaissances int\u00e9ress\u00e9es.<\/p>\n<p>Afin de fluidifier l&rsquo;entr\u00e9e \u00e0 l&rsquo;AG, nous invitons les adh\u00e9rents non encore \u00e0 jour de leur cotisation 2025 \u00e0 renouveler d\u00e8s maintenant leur adh\u00e9sion en se rendant sur <strong><a href=\"https:\/\/www.trois-a.org\/index.php\/adhesion\/\" target=\"_blank\" rel=\"noopener\">cette page.<\/a><\/strong><\/p>\n<p>Adh\u00e9rents \u00e0 3A, une surprise vous y attend, venez nombreux&#8230;<\/p>\n","protected":false},"excerpt":{"rendered":"<p>L&rsquo;AG de 3A est le 31 juillet cette ann\u00e9e au centre Bernard Taillefer, \u00e0 15h, comme c&rsquo;est la tradition. Le projet de rapport moral de 3A qui sera soumis \u00e0 l&rsquo;approbation des adh\u00e9rents est disponible ici. Il permet d&rsquo;avoir un aper\u00e7u assez complet des activit\u00e9s de 3A. M\u00eame si bien \u00e9videmment seuls les adh\u00e9rents \u00e0 &#8230;<\/p>\n","protected":false},"author":386,"featured_media":7528,"comment_status":"open","ping_status":"closed","sticky":false,"template":"","format":"standard","meta":{"footnotes":""},"categories":[12,39],"tags":[48],"class_list":["post-7525","post","type-post","status-publish","format-standard","has-post-thumbnail","hentry","category-3a","category-actualite","tag-article-en-acces-libre"],"_links":{"self":[{"href":"https:\/\/www.trois-a.org\/index.php\/wp-json\/wp\/v2\/posts\/7525","targetHints":{"allow":["GET"]}}],"collection":[{"href":"https:\/\/www.trois-a.org\/index.php\/wp-json\/wp\/v2\/posts"}],"about":[{"href":"https:\/\/www.trois-a.org\/index.php\/wp-json\/wp\/v2\/types\/post"}],"author":[{"embeddable":true,"href":"https:\/\/www.trois-a.org\/index.php\/wp-json\/wp\/v2\/users\/386"}],"replies":[{"embeddable":true,"href":"https:\/\/www.trois-a.org\/index.php\/wp-json\/wp\/v2\/comments?post=7525"}],"version-history":[{"count":1,"href":"https:\/\/www.trois-a.org\/index.php\/wp-json\/wp\/v2\/posts\/7525\/revisions"}],"predecessor-version":[{"id":7530,"href":"https:\/\/www.trois-a.org\/index.php\/wp-json\/wp\/v2\/posts\/7525\/revisions\/7530"}],"wp:featuredmedia":[{"embeddable":true,"href":"https:\/\/www.trois-a.org\/index.php\/wp-json\/wp\/v2\/media\/7528"}],"wp:attachment":[{"href":"https:\/\/www.trois-a.org\/index.php\/wp-json\/wp\/v2\/media?parent=7525"}],"wp:term":[{"taxonomy":"category","embeddable":true,"href":"https:\/\/www.trois-a.org\/index.php\/wp-json\/wp\/v2\/categories?post=7525"},{"taxonomy":"post_tag","embeddable":true,"href":"https:\/\/www.trois-a.org\/index.php\/wp-json\/wp\/v2\/tags?post=7525"}],"curies":[{"name":"wp","href":"https:\/\/api.w.org\/{rel}","templated":true}]}}