{"id":7080,"date":"2025-01-14T18:08:43","date_gmt":"2025-01-14T17:08:43","guid":{"rendered":"https:\/\/www.trois-a.org\/?p=7080"},"modified":"2025-11-17T13:45:19","modified_gmt":"2025-11-17T12:45:19","slug":"les-arcs-vers-une-station-accessible-et-confortable-pour-tous","status":"publish","type":"post","link":"https:\/\/www.trois-a.org\/index.php\/2025\/01\/14\/les-arcs-vers-une-station-accessible-et-confortable-pour-tous\/","title":{"rendered":"Les Arcs, vers une station accessible et confortable pour tous"},"content":{"rendered":"<p>&nbsp;<\/p>\n<p style=\"text-align: center;\">\u00a0<img decoding=\"async\" class=\"alignnone wp-image-7082\" src=\"https:\/\/www.trois-a.org\/wp-content\/uploads\/2025\/01\/logo-accessibilite-300x284.jpg\" alt=\"\" width=\"429\" height=\"426\" \/><\/p>\n<p style=\"font-weight: 400;\">Accessibilit\u00e9, nous, nos proches, sommes tous potentiellement concern\u00e9s \u00e0 un moment de notre vie, temporairement ou d\u00e9finitivement.<\/p>\n<p style=\"font-weight: 400;\">En France, il y a 12 millions de personnes en situation de handicap, soit 1 fran\u00e7ais sur 6, et autant de personnes aidantes. Lorsqu\u2019on \u00e9voque le handicap, dans notre soci\u00e9t\u00e9 qui se veut inclusive, on pense aux aides pour faciliter l\u2019acc\u00e8s aux b\u00e2tis, \u00e0 l\u2019information, \u00e0 la citoyennet\u00e9, \u00e0 l\u2019\u00e9ducation, au sport de ces personnes. Les r\u00e9cents JO Paralympiques de Paris ont permis de rendre visibles handicaps et adaptations.<\/p>\n<p style=\"font-weight: 400;\">Ces adaptations peuvent \u00eatre utiles \u00e0 tout un chacun : une rampe d\u2019acc\u00e8s \u00e0 un b\u00e2timent, indispensable pour une personne en fauteuil roulant, va grandement aider les parents avec enfants en poussette, les personnes \u00e2g\u00e9es, les accident\u00e9s de la vie temporairement handicap\u00e9s ; une signal\u00e9tique uniforme et simple avec des logos, indispensable \u00e0 la personne autiste, malvoyante, d\u00e9ficiente intellectuelle, va aussi profiter aux personnes \u00e9trang\u00e8res lors de leur s\u00e9jour dans nos stations, pourvu que ces logos soient \u00a0internationalement connus, comme celui de la pharmacie ou des toilettes; les sous-titrages qui permettent \u00e0 une personne sourde de suivre un film vont nous \u00eatre d\u2019une grande aide quand la qualit\u00e9 du son n\u2019est pas bonne, quand nous vieillissons et perdons l\u2019audition.<\/p>\n<p style=\"font-weight: 400;\">Les stations des Arcs ont \u00e9t\u00e9 con\u00e7ues pour des skieurs, des jeunes dynamiques se d\u00e9pla\u00e7ant sans assistance, en pleine possession de leurs 5 sens. \u00c0 l\u2019\u00e9poque, on n\u2019avait pas le souci de l\u2019accessibilit\u00e9 pour tous. 50 ans apr\u00e8s la cr\u00e9ation des Arcs, les jeunes skieurs de l\u2019\u00e9poque ont vieilli, la soci\u00e9t\u00e9 se veut inclusive. Et pourtant, il apparait que nos stations des Arcs ont pris du retard dans leur mise en accessibilit\u00e9.<\/p>\n<p style=\"font-weight: 400;\">3A est soucieuse du confort des propri\u00e9taires des Arcs et de leurs proches, du confort de nos stations pour tous. Madame B\u00e9n\u00e9dicte Gendrault, membre du CA de 3A charg\u00e9e du handicap, a rencontr\u00e9 les acteurs de la commune de Bourg Saint Maurice-les Arcs et de la Communaut\u00e9 de Communes de Haute Tarentaise (CCHT) en charge du \u00ab confort pour tous\u00a0\u00bb, terme choisi par ces administrations. Elle est invit\u00e9e \u00e0 participer aux travaux de la Commission Communale pour l\u2019Accessibilit\u00e9 (CCA), avec le souhait d\u2019observer de ce qui se met en place dans tous les secteurs concern\u00e9s et d\u2019\u00eatre force de propositions et d\u2019impulsions au sein de la CCA.<\/p>\n<p style=\"font-weight: 400;\">R\u00e9glementairement, la commune de Bourg Saint Maurice-Les Arcs a l\u2019obligation de r\u00e9unir annuellement la CCA. La CCA est \u00e0 la fois un\u00a0\u00ab observatoire de la mise en accessibilit\u00e9 du territoire\u00a0\u00bb et une force de propositions pour am\u00e9liorer celle-ci\u00a0; elle suit les diff\u00e9rents am\u00e9nagements propos\u00e9s. Elle est compos\u00e9e de repr\u00e9sentants de la commune, d\u2019associations d\u2019usagers, d\u2019associations d\u2019aide aux personnes en situation de handicap, d\u2019acteurs \u00e9conomiques. Madame Mathilde Russeau, charg\u00e9e de mission accessibilit\u00e9 au sein de la CCHT, apporte son expertise \u00e0 la CCA. Pour aller plus loin, quelques r\u00e9f\u00e9rences sur l\u2019accessibilit\u00e9 de la vall\u00e9e\u00a0; vous y trouverez des informations sur les transports, les loisirs, les contacts, qui comme dit pr\u00e9c\u00e9demment, peuvent b\u00e9n\u00e9ficier \u00e0 tous\u00a0:<\/p>\n<ul>\n<li>\u00ab\u00a0L\u2019accessibilit\u00e9 pour les personnes en situation de handicap en haute Tarentaise\u00a0: rapport de diagnostic\u00a0\u00bb janvier 2022 <strong><u><a href=\"https:\/\/www.calameo.com\/read\/007644103c59b92c209a5?trackersource=library\" target=\"_blank\" rel=\"noopener\">\u00ab guide d\u2019accessibilit\u00e9\u00a02022-2023: la Haute Tarentaise confortable pour tous\u00a0\u00bb\u00a0<\/a><\/u><\/strong><\/li>\n<li>\u00ab\u00a0<u><a href=\"https:\/\/www.hautetarentaise.fr\/12257-mobilite.htm\" target=\"_blank\" rel=\"noopener\"><strong>CCHT\u00a0: mobilit\u00e9<\/strong>\u00a0<\/a><\/u>\u00bb \u00ab\u00a0<u><a href=\"https:\/\/www.hautetarentaise.fr\/12259-activites.htm\" target=\"_blank\" rel=\"noopener\"><strong>CCHT\u00a0: activit\u00e9s<\/strong>\u00a0<\/a><\/u>\u00bb<\/li>\n<\/ul>\n<p style=\"font-weight: 400;\">Les pr\u00e9c\u00e9dentes propositions de la CCA ont abouti \u00e0 l\u2019accessibilit\u00e9 des transports publics, dont <u><a href=\"https:\/\/www.trois-a.org\/index.php\/2024\/12\/10\/de-la-gare-sncf-a-celle-du-funiculaire\/\">\u00ab la Ronde\u00a0\u00bb<\/a><\/u> et les navettes interstations, \u00e0 un cheminement pour les malvoyants et les personnes \u00e0 mobilit\u00e9 r\u00e9duite (PMR) dans Bourg Saint Maurice. \u00a0Il reste du chemin \u00e0 faire pour que tout soit \u00ab confortable\u00a0\u00bb. Lors de la r\u00e9union du 26 novembre 2024, la CCA a d\u00e9fini comme sujets prioritaires pour nos stations\u00a0:<\/p>\n<ul>\n<li>Signal\u00e9tique\u00a0: uniformisation de la signal\u00e9tique pour la rendre simple, basique.<\/li>\n<li>Accueil des personnes en situation de handicap\u00a0: formation des professionnels au sein des Offices du Tourisme, des Ecoles de ski, des bureaux d\u2019accueil d\u2019ADS. Adaptation du b\u00e2ti\u00a0; pour exemple, le comptoir d\u2019accueil d\u2019ADS \u00e0 la gare d\u2019aval du Transarc est tr\u00e8s haut, les personnes en fauteuil roulant ne voient pas les h\u00f4tesses\u00a0!<\/li>\n<li>Transarc : demande de l\u2019adjonction d\u2019une rampe d\u2019acc\u00e8s \u00e0 la future plateforme de la gare amont du Transarc qui devrait \u00eatre finalis\u00e9e ce printemps.<\/li>\n<li>Am\u00e9nagement de l\u2019acc\u00e8s \u00e0 la gare de BSM : emplacements des places PMR initialement pr\u00e9vus \u00e0 revoir ; cheminement ; passages pi\u00e9tons. La passerelle ne permet pas de passer des quais \u00e0 la gare d\u2019aval du funiculaire ; ce probl\u00e8me est contourn\u00e9 par les bus de \u00ab la Ronde \u00bb (<strong><u><a href=\"https:\/\/www.trois-a.org\/index.php\/2024\/12\/10\/de-la-gare-sncf-a-celle-du-funiculaire\/\" target=\"_blank\" rel=\"noopener\">voir l\u2019article de 3A<\/a><\/u><\/strong>).<\/li>\n<li>Construction d\u2019une plateforme intermodale entre la gare d\u2019amont du funiculaire \u00e0 1600 et les navettes interstations\u00a0: prise en compte des diff\u00e9rents handicaps et am\u00e9nagements en cons\u00e9quence \u00e0 pr\u00e9voir d\u00e8s la conception.<\/li>\n<li>Ascenseur entre la place basse et la place haute des Villards \u00e0 1800\u00a0: cr\u00e9ation d\u2019un plan inclin\u00e9 au niveau de la place basse\u00a0; remplacement des portes \u00e0 battants existantes, lourdes et difficilement man\u0153uvrables par une personne en fauteuil, ou avec des b\u00e9quilles ou une poussette, par des portes \u00e0 ouverture lat\u00e9rale.<\/li>\n<\/ul>\n<p style=\"font-weight: 400;\"><strong>L\u2019avis de 3A<\/strong><\/p>\n<p style=\"font-weight: 400;\">Il y a des membres dynamiques au sein de cette commission CCA, impliqu\u00e9s pour la prise en compte des besoins des personnes en situation de handicap et le confort de tous. Et des manques dans la participation de certaines organisations. Le retard pris par la commune pour l\u2019acc\u00e8s des stations des Arcs en termes de handicap est grand\u00a0; des inerties existent, \u00e9manant d\u2019acteurs \u00e9conomiques, d\u2019instances d\u00e9cisionnaires\u2026 Au-del\u00e0 des obligations r\u00e9glementaires, des discours, 3A attend des r\u00e9alisations concr\u00e8tes, dans des d\u00e9lais raisonnables\u00a0; sa participation \u00e0 la CCA est un premier pas.<\/p>\n<p style=\"font-weight: 400;\">Un point particulier qui concerne les propri\u00e9taires des Arcs est celui de l\u2019accessibilit\u00e9 des copropri\u00e9t\u00e9s\u00a0; la conception initiale de notre patrimoine architectural n\u2019a pas pris en compte l\u2019accessibilit\u00e9. Aujourd\u2019hui il n\u2019existe pas d\u2019obligation concernant le <strong><u><a href=\"https:\/\/www.accessibilite-batiment.fr\/logements-existants\/generalites-et-definitions\/code-de-la-construction-et-de-lhabitation.html\" target=\"_blank\" rel=\"noopener\">b\u00e2ti priv\u00e9<\/a><\/u><\/strong>, en dehors de la mise en conformit\u00e9 des ascenseurs (boutons d\u2019appel doubl\u00e9s de plaques en braille, boucle magn\u00e9tique \u00e0 destination des personnes sourdes appareill\u00e9es pour appel des secours). Dans les r\u00e9sidences r\u00e9centes cependant, il y a des obligations \u00e0 respecter.<\/p>\n<p style=\"font-weight: 400;\">3A a l\u2019intention de proposer de faire le recensement des immeubles ou parties d\u2019immeubles accessibles, en collaboration avec d\u2019une part les pr\u00e9sidents de conseils syndicaux et d\u2019autre part AB Tourisme et la Maison des Propri\u00e9taires.<\/p>\n<p style=\"font-weight: 400;\">Certaines r\u00e9alisations pour augmenter l\u2019accessibilit\u00e9 au sein des stations des Arcs sont performantes, d\u2019autres sont perfectibles, et d\u2019autres enfin inexistantes. La CCA d\u00e9sirant r\u00e9aliser un nouveau \u00ab rapport de diagnostic de l\u2019accessibilit\u00e9 \u00bb, elle sollicite 3A et les propri\u00e9taires des Arcs pour cet \u00e9tat des lieux ; vos observations sur les espaces publics, priv\u00e9s vont \u00eatre fort utiles. Nous proposons \u00e0 tous nos lecteurs de nous en faire part en cliquant sur le lien du site de 3A <a href=\"https:\/\/www.trois-a.org\/index.php\/exprimez-vous\/\" target=\"_blank\" rel=\"noopener\"><strong>\u00ab Exprimez -vous<em>\u00a0\u00bb<\/em><\/strong>.<\/a> ou <a href=\"mailto:contact@trois-a.org\"><strong>par mail<\/strong><\/a> ; vous pouvez adjoindre \u00e0 vos commentaires des photos, ce sera encore plus explicite ! Et si vous souhaitez participer \u00e0 la commission handicap de 3A, manifestez-vous, ce sera un plaisir de vous rencontrer.<\/p>\n","protected":false},"excerpt":{"rendered":"<p>&nbsp; \u00a0 Accessibilit\u00e9, nous, nos proches, sommes tous potentiellement concern\u00e9s \u00e0 un moment de notre vie, temporairement ou d\u00e9finitivement. En France, il y a 12 millions de personnes en situation de handicap, soit 1 fran\u00e7ais sur 6, et autant de personnes aidantes. Lorsqu\u2019on \u00e9voque le handicap, dans notre soci\u00e9t\u00e9 qui se veut inclusive, on pense &#8230;<\/p>\n","protected":false},"author":386,"featured_media":7082,"comment_status":"open","ping_status":"closed","sticky":false,"template":"","format":"standard","meta":{"footnotes":""},"categories":[12,39],"tags":[48],"class_list":["post-7080","post","type-post","status-publish","format-standard","has-post-thumbnail","hentry","category-3a","category-actualite","tag-article-en-acces-libre"],"_links":{"self":[{"href":"https:\/\/www.trois-a.org\/index.php\/wp-json\/wp\/v2\/posts\/7080","targetHints":{"allow":["GET"]}}],"collection":[{"href":"https:\/\/www.trois-a.org\/index.php\/wp-json\/wp\/v2\/posts"}],"about":[{"href":"https:\/\/www.trois-a.org\/index.php\/wp-json\/wp\/v2\/types\/post"}],"author":[{"embeddable":true,"href":"https:\/\/www.trois-a.org\/index.php\/wp-json\/wp\/v2\/users\/386"}],"replies":[{"embeddable":true,"href":"https:\/\/www.trois-a.org\/index.php\/wp-json\/wp\/v2\/comments?post=7080"}],"version-history":[{"count":9,"href":"https:\/\/www.trois-a.org\/index.php\/wp-json\/wp\/v2\/posts\/7080\/revisions"}],"predecessor-version":[{"id":7861,"href":"https:\/\/www.trois-a.org\/index.php\/wp-json\/wp\/v2\/posts\/7080\/revisions\/7861"}],"wp:featuredmedia":[{"embeddable":true,"href":"https:\/\/www.trois-a.org\/index.php\/wp-json\/wp\/v2\/media\/7082"}],"wp:attachment":[{"href":"https:\/\/www.trois-a.org\/index.php\/wp-json\/wp\/v2\/media?parent=7080"}],"wp:term":[{"taxonomy":"category","embeddable":true,"href":"https:\/\/www.trois-a.org\/index.php\/wp-json\/wp\/v2\/categories?post=7080"},{"taxonomy":"post_tag","embeddable":true,"href":"https:\/\/www.trois-a.org\/index.php\/wp-json\/wp\/v2\/tags?post=7080"}],"curies":[{"name":"wp","href":"https:\/\/api.w.org\/{rel}","templated":true}]}}