{"id":6152,"date":"2024-05-21T07:50:17","date_gmt":"2024-05-21T05:50:17","guid":{"rendered":"https:\/\/www.trois-a.org\/?p=6152"},"modified":"2026-04-21T08:59:56","modified_gmt":"2026-04-21T06:59:56","slug":"exoneration-partielle-de-la-taxe-fonciere-pour-qui-comment-quel-pourcentage","status":"publish","type":"post","link":"https:\/\/www.trois-a.org\/index.php\/2024\/05\/21\/exoneration-partielle-de-la-taxe-fonciere-pour-qui-comment-quel-pourcentage\/","title":{"rendered":"Exon\u00e9ration partielle de la taxe fonci\u00e8re : pour qui, comment, quel pourcentage ?"},"content":{"rendered":"<p>&nbsp;<\/p>\n<div id=\"attachment_6153\" style=\"width: 502px\" class=\"wp-caption aligncenter\"><img decoding=\"async\" aria-describedby=\"caption-attachment-6153\" class=\"wp-image-6153\" src=\"https:\/\/www.trois-a.org\/wp-content\/uploads\/2024\/05\/extrait-voeux-du-maire-300x129.jpeg\" alt=\"\" width=\"502\" height=\"216\" srcset=\"https:\/\/www.trois-a.org\/wp-content\/uploads\/2024\/05\/extrait-voeux-du-maire-300x129.jpeg 300w, https:\/\/www.trois-a.org\/wp-content\/uploads\/2024\/05\/extrait-voeux-du-maire-768x330.jpeg 768w, https:\/\/www.trois-a.org\/wp-content\/uploads\/2024\/05\/extrait-voeux-du-maire.jpeg 862w\" sizes=\"(max-width: 502px) 100vw, 502px\" \/><p id=\"caption-attachment-6153\" class=\"wp-caption-text\">Extrait des <strong><a href=\"https:\/\/www.trois-a.org\/wp-content\/uploads\/2024\/05\/extrait-voeux-du-maire.jpeg\">v\u0153ux du maire <\/a><\/strong>d\u00e9but 2024<\/p><\/div>\n<p>&nbsp;<\/p>\n<p>Vous \u00eates propri\u00e9taire \u00e0 Bourg St Maurice et\/ou aux Arcs, et avez effectu\u00e9 (ou vous souhaitez effectuer) des travaux de r\u00e9novation \u00e9nerg\u00e9tique, vous pouvez \u00e9ventuellement b\u00e9n\u00e9ficier d\u2019une exon\u00e9ration partielle de votre taxe fonci\u00e8re, selon la date de fin de construction de votre logement. En effet, <a href=\"https:\/\/www.trois-a.org\/wp-content\/uploads\/2024\/05\/CR-du-CM-du-14-decembre-2023-extrait.pdf\" target=\"_blank\" rel=\"noopener\"><strong>le conseil municipal du 14 d\u00e9cembre 2023<\/strong><\/a> a valid\u00e9 une mesure nationale concernant le d\u00e9gr\u00e8vement de la taxe fonci\u00e8re pour les propri\u00e9taires de r\u00e9sidences principales ou secondaires situ\u00e9es \u00e0 Bourg St Maurice-Les Arcs effectuant des travaux de r\u00e9novation \u00e9nerg\u00e9tique.<\/p>\n<p><strong>Logements concern\u00e9s\u00a0:<\/strong> r\u00e9sidences principales et secondaires termin\u00e9es avant le 1\/1\/1989 et apr\u00e8s le 1\/1\/2009. Entre le 2\/1\/1989 et le 31\/12\/2008, le l\u00e9gislateur n\u2019a rien pr\u00e9vu \u00e0 ce jour.<\/p>\n<p><strong>A) Pour les Logements termin\u00e9s avant le 1\/1\/1989\u00a0:<\/strong><\/p>\n<p><strong>Quels travaux\u00a0?\u00a0<\/strong>D\u00e9pense d\u2019\u00e9quipements destin\u00e9s \u00e0 \u00e9conomiser l\u2019\u00e9nergie : travaux d\u2019isolation, de changement d\u2019huisserie et de certains syst\u00e8mes de chauffage<em> (pour une liste compl\u00e8te et pr\u00e9cise, voir<\/em> <a href=\"https:\/\/www.legifrance.gouv.fr\/codes\/article_lc\/LEGIARTI000041963475#:~:text=Les%20capteurs%20utilis\u00e9s%2C%20qui%20disposent,ou%20\u00e9gale%20\u00e0%201%20m2.\" target=\"_blank\" rel=\"noopener\"><strong><em>l\u2019article 18bis de l\u2019annexe IV du Code G\u00e9n\u00e9ral des imp\u00f4ts<\/em><\/strong><\/a><em>)<\/em>. Les travaux collectifs sont \u00e9ligibles, il faut prendre le montant de la quote-part pay\u00e9e par le copropri\u00e9taire.<\/p>\n<p>Vous pouvez consulter le texte officiel en suivant <a href=\"https:\/\/www.impots.gouv.fr\/particulier\/questions\/ai-je-droit-pour-ma-taxe-fonciere-lexoneration-en-faveur-des-economies\"><strong>ce lien<\/strong><\/a>.<\/p>\n<p><strong>Montant de l\u2019exon\u00e9ration<\/strong>\u00a0: Exon\u00e9ration \u00e0 partir de l\u2019ann\u00e9e fiscale 2025 de la taxe fonci\u00e8re \u00e0 hauteur de 50% lorsque le montant total des d\u00e9penses pay\u00e9es au cours de l\u2019ann\u00e9e pr\u00e9c\u00e9dant la premi\u00e8re ann\u00e9e d\u2019application d\u2019exon\u00e9ration est sup\u00e9rieur \u00e0 10\u00a0000\u20ac\/logement ou lorsque le montant d\u00e9pens\u00e9 au cours des 3 ann\u00e9es pr\u00e9c\u00e9dant l\u2019ann\u00e9e d\u2019application est sup\u00e9rieur \u00e0 15\u00a0000\u20ac\/logement. Disposition applicable durant 3 ans \u00e0 compter de l\u2019ann\u00e9e qui suit celle du paiement des d\u00e9penses totales et l\u2019exon\u00e9ration ne peut pas \u00eatre renouvel\u00e9e durant les dix ann\u00e9es suivantes.<\/p>\n<p><strong>Comment en b\u00e9n\u00e9ficier\u00a0: <\/strong>vous devez adresser au service des imp\u00f4ts du lieu de situation du bien, avant le 1<sup>er<\/sup> janvier de la premi\u00e8re ann\u00e9e \u00e0 compter de laquelle l\u2019exon\u00e9ration est applicable, une d\u00e9claration sur papier libre comportant tous les \u00e9l\u00e9ments d\u2019identification des biens, dont la date d\u2019ach\u00e8vement de votre logement et accompagn\u00e9e de tous les \u00e9l\u00e9ments justifiant de la nature et du montant des d\u00e9penses.<\/p>\n<p><strong>B) Logements termin\u00e9s entre le 2\/1\/1989 et le 1\/1\/2009\u00a0: <\/strong><\/p>\n<p>Le l\u00e9gislateur n\u2019a rien pr\u00e9vu \u00e0 ce jour.<\/p>\n<p><a id=\"post-6152-_Hlk165902925\"><\/a><strong>C) Logements termin\u00e9s apr\u00e8s le 1\/1\/2009 et pr\u00e9sentant une performance \u00e9nerg\u00e9tique globale \u00e9lev\u00e9e<\/strong><\/p>\n<p>Ces logements (conform\u00e9ment au d\u00e9cret n\u00b02009-1529 du 9 d\u00e9cembre 2009) doivent pr\u00e9senter une performance \u00e9nerg\u00e9tique globale \u00e9lev\u00e9e et \u00eatre titulaire du label \u00ab b\u00e2timent basse consommation \u00e9nerg\u00e9tique, BBC 2005 \u00bb. Attention, le label \u00ab BBC 2005 \u00bb n\u2019est plus d\u00e9livr\u00e9 aux logements dont la demande de permis de construire a \u00e9t\u00e9 d\u00e9pos\u00e9e apr\u00e8s le 1er janvier 2013.<\/p>\n<p>Vous pouvez consulter le texte officiel en suivant <a href=\"https:\/\/www.impots.gouv.fr\/particulier\/questions\/ai-je-droit-lexoneration-haut-niveau-de-performance-energetique-pour-ma-taxe\" target=\"_blank\" rel=\"noopener\"><strong>ce lien<\/strong><\/a>.<\/p>\n<p><strong>Montant de la r\u00e9duction :<\/strong> Exon\u00e9ration de 50% de la taxe fonci\u00e8re durant 5 ans.<\/p>\n<p><strong>Comment en b\u00e9n\u00e9ficier :<\/strong> Pour b\u00e9n\u00e9ficier de cette exon\u00e9ration, vous devez d\u00e9poser avant le 1er janvier de la premi\u00e8re ann\u00e9e \u00e0 compter de laquelle l\u2019exon\u00e9ration est applicable, aupr\u00e8s du service des imp\u00f4ts du lieu de situation des biens, une d\u00e9claration sur papier libre comportant l\u2019identification du bien dont la date d\u2019ach\u00e8vement. Cette demande doit \u00eatre accompagn\u00e9e des \u00e9l\u00e9ments qui montrent que la construction remplit les crit\u00e8res de performance \u00e9nerg\u00e9tique requis. Le niveau de performance doit \u00eatre sup\u00e9rieur \u00e0 celui de la r\u00e9glementation en vigueur.<\/p>\n","protected":false},"excerpt":{"rendered":"<p>&nbsp; &nbsp; Vous \u00eates propri\u00e9taire \u00e0 Bourg St Maurice et\/ou aux Arcs, et avez effectu\u00e9 (ou vous souhaitez effectuer) des travaux de r\u00e9novation \u00e9nerg\u00e9tique, vous pouvez \u00e9ventuellement b\u00e9n\u00e9ficier d\u2019une exon\u00e9ration partielle de votre taxe fonci\u00e8re, selon la date de fin de construction de votre logement. En effet, le conseil municipal du 14 d\u00e9cembre 2023 a &#8230;<\/p>\n","protected":false},"author":386,"featured_media":6153,"comment_status":"open","ping_status":"closed","sticky":false,"template":"","format":"standard","meta":{"footnotes":""},"categories":[12,39,40,14],"tags":[48],"class_list":["post-6152","post","type-post","status-publish","format-standard","has-post-thumbnail","hentry","category-3a","category-actualite","category-coproprietes","category-mairie","tag-article-en-acces-libre"],"_links":{"self":[{"href":"https:\/\/www.trois-a.org\/index.php\/wp-json\/wp\/v2\/posts\/6152","targetHints":{"allow":["GET"]}}],"collection":[{"href":"https:\/\/www.trois-a.org\/index.php\/wp-json\/wp\/v2\/posts"}],"about":[{"href":"https:\/\/www.trois-a.org\/index.php\/wp-json\/wp\/v2\/types\/post"}],"author":[{"embeddable":true,"href":"https:\/\/www.trois-a.org\/index.php\/wp-json\/wp\/v2\/users\/386"}],"replies":[{"embeddable":true,"href":"https:\/\/www.trois-a.org\/index.php\/wp-json\/wp\/v2\/comments?post=6152"}],"version-history":[{"count":12,"href":"https:\/\/www.trois-a.org\/index.php\/wp-json\/wp\/v2\/posts\/6152\/revisions"}],"predecessor-version":[{"id":7362,"href":"https:\/\/www.trois-a.org\/index.php\/wp-json\/wp\/v2\/posts\/6152\/revisions\/7362"}],"wp:featuredmedia":[{"embeddable":true,"href":"https:\/\/www.trois-a.org\/index.php\/wp-json\/wp\/v2\/media\/6153"}],"wp:attachment":[{"href":"https:\/\/www.trois-a.org\/index.php\/wp-json\/wp\/v2\/media?parent=6152"}],"wp:term":[{"taxonomy":"category","embeddable":true,"href":"https:\/\/www.trois-a.org\/index.php\/wp-json\/wp\/v2\/categories?post=6152"},{"taxonomy":"post_tag","embeddable":true,"href":"https:\/\/www.trois-a.org\/index.php\/wp-json\/wp\/v2\/tags?post=6152"}],"curies":[{"name":"wp","href":"https:\/\/api.w.org\/{rel}","templated":true}]}}