{"id":6114,"date":"2024-05-13T08:22:20","date_gmt":"2024-05-13T06:22:20","guid":{"rendered":"https:\/\/www.trois-a.org\/?p=6114"},"modified":"2025-05-20T18:22:46","modified_gmt":"2025-05-20T16:22:46","slug":"la-reunion-publique-du-10-avril-2024","status":"publish","type":"post","link":"https:\/\/www.trois-a.org\/index.php\/2024\/05\/13\/la-reunion-publique-du-10-avril-2024\/","title":{"rendered":"La r\u00e9union publique du 10 avril 2024"},"content":{"rendered":"<p><span style=\"color: #ff0000;\">Article r\u00e9serv\u00e9 aux adh\u00e9rents 3A<\/span><\/p>\n<p><img decoding=\"async\" class=\"wp-image-6115 aligncenter\" src=\"https:\/\/www.trois-a.org\/wp-content\/uploads\/2024\/05\/une-image-contenant-texte-appareil-de-presentatio.jpeg\" alt=\"Une image contenant texte, Appareil de pr\u00e9sentation, ordinateur, multim\u00e9dia Description g\u00e9n\u00e9r\u00e9e automatiquement\" width=\"789\" height=\"592\" srcset=\"https:\/\/www.trois-a.org\/wp-content\/uploads\/2024\/05\/une-image-contenant-texte-appareil-de-presentatio.jpeg 1024w, https:\/\/www.trois-a.org\/wp-content\/uploads\/2024\/05\/une-image-contenant-texte-appareil-de-presentatio-300x225.jpeg 300w, https:\/\/www.trois-a.org\/wp-content\/uploads\/2024\/05\/une-image-contenant-texte-appareil-de-presentatio-768x576.jpeg 768w\" sizes=\"(max-width: 789px) 100vw, 789px\" \/><\/p>\n<p>Le 10 avril dernier s\u2019est tenue la traditionnelle r\u00e9union publique organis\u00e9e par la station pour pr\u00e9senter le bilan de la saison et ses perspectives aux propri\u00e9taires des Arcs.<\/p>\n<p>Vous trouverez les diapos de support des pr\u00e9sentations <strong><a href=\"https:\/\/www.lesarcs.com\/proprietaires\/reunion-publique\" target=\"_blank\" rel=\"noopener\">sur le site des Arcs<\/a><\/strong> ou <strong><a href=\"https:\/\/drive.google.com\/file\/d\/10CVuc4iBEQmgnUDPtJYkDQv9qrj4xGkZ\/view?usp=sharing\" target=\"_blank\" rel=\"noopener\">sous format pdf ici<\/a><\/strong>.<\/p>\n<p>Les informations majeures :<\/p>\n<ul>\n<li>annonce de la cr\u00e9ation d\u2019une Soci\u00e9t\u00e9 d\u2019\u00c9conomie Mixte pour donner \u00e0 la mairie les moyens d&rsquo;un investissement maitris\u00e9 dans le logement, notamment pour les saisonniers<\/li>\n<li>r\u00e9novation du centre m\u00e9dical d\u2019Arc1600<\/li>\n<li>tr\u00e8s bonne saison en termes de journ\u00e9es-skieurs, avec une augmentation de fr\u00e9quentation pendant les semaines habituellement creuses<\/li>\n<li>consolidation des services de la Maison de Propri\u00e9taires<\/li>\n<li>pr\u00e9sentation du nouveau Transarc et de ses cons\u00e9quences pour la saison d&rsquo;\u00e9t\u00e9<\/li>\n<li>sans oublier l\u2019hommage \u00e0 la saison exceptionnelle de Marielle Berger en skicross.<\/li>\n<\/ul>\n<p>Voici quelques d\u00e9tails avec <span style=\"color: #0000ff;\"><em>des commentaires de 3A en italique<\/em><\/span>.<\/p>\n<p>Tout d\u2019abord, le maire de Bourg Saint Maurice-Les Arcs, Guillaume Desrues, a abord\u00e9 les sujets suivants pendant une vingtaine de minutes\u00a0:<\/p>\n<p>* annonc\u00e9 comme prioritaire, le logement. La cr\u00e9ation d\u2019une Soci\u00e9t\u00e9 d\u2019\u00e9conomie mixte dans laquelle elle reste majoritaire \u00e0 51% va permettre \u00e0 la mairie de garder le contr\u00f4le de la construction et de l\u2019utilisation de nouveaux logements. \u00ab\u00a0Un logement d\u00e9cent (confort et co\u00fbt) nous am\u00e8nera, \u00e0 nous propri\u00e9taires, des saisonniers aimables, souriants et pr\u00e9venants\u00a0\u00bb. On trouvera des d\u00e9tails dans <strong><a href=\"https:\/\/www.trois-a.org\/wp-content\/uploads\/2024\/05\/SEMILAB.pdf\" target=\"_blank\" rel=\"noopener\">ce fac-simil\u00e9 de la communication de la mairie<\/a><\/strong> sur cette op\u00e9ration.<\/p>\n<p><img decoding=\"async\" class=\"wp-image-6116 aligncenter\" src=\"https:\/\/www.trois-a.org\/wp-content\/uploads\/2024\/05\/une-image-contenant-texte-personne-presentation.jpeg\" alt=\"Une image contenant texte, personne, pr\u00e9sentation, \u00c9cran de projection Description g\u00e9n\u00e9r\u00e9e automatiquement\" width=\"812\" height=\"609\" srcset=\"https:\/\/www.trois-a.org\/wp-content\/uploads\/2024\/05\/une-image-contenant-texte-personne-presentation.jpeg 1024w, https:\/\/www.trois-a.org\/wp-content\/uploads\/2024\/05\/une-image-contenant-texte-personne-presentation-300x225.jpeg 300w, https:\/\/www.trois-a.org\/wp-content\/uploads\/2024\/05\/une-image-contenant-texte-personne-presentation-768x576.jpeg 768w\" sizes=\"(max-width: 812px) 100vw, 812px\" \/><\/p>\n<p><span style=\"color: #0000ff;\"><em>3A salue cette nouvelle politique en faveur d\u2019un habitat maitris\u00e9 pour r\u00e9sidents et saisonniers, mieux vaut tard que jamais. On aurait appr\u00e9ci\u00e9 la mention que cette nouvelle politique est fortement facilit\u00e9e par la surtaxe d\u2019habitation sur les r\u00e9sidences secondaires que nous allons fournir \u00e0 la commune \u00e0 partir de cette ann\u00e9e.<\/em><\/span><\/p>\n<p>* Les Arcs en route pour l\u2019autonomie \u00e9nerg\u00e9tique : pr\u00e9sentation de la couverture des parkings par des panneaux solaires.<\/p>\n<p><img decoding=\"async\" class=\"wp-image-6117 aligncenter\" src=\"https:\/\/www.trois-a.org\/wp-content\/uploads\/2024\/05\/une-image-contenant-texte-habits-presentation-a.jpeg\" alt=\"Une image contenant texte, habits, pr\u00e9sentation, Appareil de pr\u00e9sentation Description g\u00e9n\u00e9r\u00e9e automatiquement\" width=\"815\" height=\"611\" srcset=\"https:\/\/www.trois-a.org\/wp-content\/uploads\/2024\/05\/une-image-contenant-texte-habits-presentation-a.jpeg 1024w, https:\/\/www.trois-a.org\/wp-content\/uploads\/2024\/05\/une-image-contenant-texte-habits-presentation-a-300x225.jpeg 300w, https:\/\/www.trois-a.org\/wp-content\/uploads\/2024\/05\/une-image-contenant-texte-habits-presentation-a-768x576.jpeg 768w\" sizes=\"(max-width: 815px) 100vw, 815px\" \/><\/p>\n<p><em><span style=\"color: #0000ff;\">Si la perspective d\u2019une autonomie \u00e9nerg\u00e9tique de la station peut \u00eatre qualifi\u00e9e pour le moins de futuriste, tout effort sur cet axe est le bienvenu. Il est cependant dommage que la commune n\u2019ait pas (encore\u00a0?) un plan concert\u00e9 avec les propri\u00e9taires pour le d\u00e9ploiement des \u00e9nergies renouvelables. Toutes les tentatives d\u2019am\u00e9liorer les autonomies individuelles des immeubles aux Arcs se sont pour l\u2019instant heurt\u00e9es \u00e0 des refus qui semblaient ne pas d\u00e9passer un dogme sur les d\u00e9t\u00e9riorations \u00ab\u00a0patrimoniales\u00a0\u00bb sans envisager une r\u00e9flexion globale sur les \u00e9ventuels compromis qu\u2019exige une vision partag\u00e9e de l\u2019avenir \u00ab\u00a0responsable\u00a0\u00bb de la station.<\/span> <\/em><\/p>\n<p>* Une diapo sur les Infrastructures de recharge de v\u00e9hicule \u00e9lectrique (IRVE) : \u00e9quipement des parkings de 1800 (+4 aux Charvet, 5 \u00e0 Charmettoger) et 2000 (2 fois 4) avec des bornes \u00ab\u00a0normales\u00a0\u00bb (une nuit pour une recharge\u2026) en juillet 24 et 4 bornes de recharge rapide (20 min ?) pr\u00e8s de la gare SNCF en novembre 24.<\/p>\n<p><span style=\"color: #0000ff;\"><em>Ces bonnes nouvelles semblent un peu minimalistes en regard des besoins actuellement non satisfaits dans ce domaine, et qui ne peuvent que s\u2019amplifier. Comme d\u00e9j\u00e0 annonc\u00e9, 3A se propose d\u2019apporter sa contribution pour faire \u00e9voluer la situation.<\/em><\/span><\/p>\n<p>* r\u00e9novation, agrandissement et meilleure accessibilit\u00e9 du cabinet m\u00e9dical \u00e0 Arc 1600 (livraison printemps 2025), en insistant sur une \u00e9quipe (3 m\u00e9decins en tout) qui s\u2019annonce comme \u00ab\u00a0solide\u00a0\u00bb et p\u00e9renne.<\/p>\n<p><img decoding=\"async\" class=\"wp-image-6118 aligncenter\" src=\"https:\/\/www.trois-a.org\/wp-content\/uploads\/2024\/05\/une-image-contenant-texte-habits-appareil-de-pre.jpeg\" alt=\"Une image contenant texte, habits, Appareil de pr\u00e9sentation, pr\u00e9sentation Description g\u00e9n\u00e9r\u00e9e automatiquement\" width=\"781\" height=\"586\" srcset=\"https:\/\/www.trois-a.org\/wp-content\/uploads\/2024\/05\/une-image-contenant-texte-habits-appareil-de-pre.jpeg 1024w, https:\/\/www.trois-a.org\/wp-content\/uploads\/2024\/05\/une-image-contenant-texte-habits-appareil-de-pre-300x225.jpeg 300w, https:\/\/www.trois-a.org\/wp-content\/uploads\/2024\/05\/une-image-contenant-texte-habits-appareil-de-pre-768x576.jpeg 768w\" sizes=\"(max-width: 781px) 100vw, 781px\" \/><\/p>\n<p><span style=\"color: #0000ff;\"><em>Tr\u00e8s bonne op\u00e9ration pour une ressource jusqu\u2019\u00e0 pr\u00e9sent un peu fragile et \u00e0 l\u2019\u00e9troit, surtout en face des situations comme cet hiver de station transform\u00e9e en \u00ab\u00a0patinoire g\u00e9ante\u00a0\u00bb\u2026<\/em><\/span><\/p>\n<p>* mise en valeur du parc des Marais, \u00ab\u00a0paysage \u00e0 r\u00e9v\u00e9ler\u00a0\u00bb, pr\u00e9sent\u00e9 comme connexe aux Arcs (pas faux) du fait de sa proximit\u00e9 avec la gare aval du funiculaire, avec une nouvelle aire de jeux (\u00e0 partir de 5 ans), elle-m\u00eame d\u00e9finie en mettant \u00e0 contribution un conseil des enfants qui a voulu y retrouver des symboles forts de la station comme le funiculaire.<\/p>\n<p>* la mise en place d\u00e8s cet \u00e9t\u00e9 d\u2019un \u00ab\u00a0city stade du Chantel\u00a0\u00bb, au-dessus d\u2019Edenarc, multi-sports.<\/p>\n<p><img decoding=\"async\" width=\"607\" height=\"455\" class=\"wp-image-6119 aligncenter\" src=\"https:\/\/www.trois-a.org\/wp-content\/uploads\/2024\/05\/une-image-contenant-texte-appareil-de-presentatio-1.jpeg\" alt=\"Une image contenant texte, Appareil de pr\u00e9sentation, \u00e9cran, capture d\u2019\u00e9cran Description g\u00e9n\u00e9r\u00e9e automatiquement\" srcset=\"https:\/\/www.trois-a.org\/wp-content\/uploads\/2024\/05\/une-image-contenant-texte-appareil-de-presentatio-1.jpeg 607w, https:\/\/www.trois-a.org\/wp-content\/uploads\/2024\/05\/une-image-contenant-texte-appareil-de-presentatio-1-300x225.jpeg 300w\" sizes=\"(max-width: 607px) 100vw, 607px\" \/><\/p>\n<p><img decoding=\"async\" width=\"607\" height=\"455\" class=\"wp-image-6120 aligncenter\" src=\"https:\/\/www.trois-a.org\/wp-content\/uploads\/2024\/05\/une-image-contenant-texte-capture-decran-interi.jpeg\" alt=\"Une image contenant texte, capture d\u2019\u00e9cran, int\u00e9rieur Description g\u00e9n\u00e9r\u00e9e automatiquement\" srcset=\"https:\/\/www.trois-a.org\/wp-content\/uploads\/2024\/05\/une-image-contenant-texte-capture-decran-interi.jpeg 607w, https:\/\/www.trois-a.org\/wp-content\/uploads\/2024\/05\/une-image-contenant-texte-capture-decran-interi-300x225.jpeg 300w\" sizes=\"(max-width: 607px) 100vw, 607px\" \/><\/p>\n<p><span style=\"color: #0000ff;\"><em>L\u2019augmentation de la capacit\u00e9 de la station \u00e0 offrir de nouvelles opportunit\u00e9s de pratique sportive et de sorties familiales est toujours une bonne chose<\/em><\/span><\/p>\n<p>* enfin, le rappel du succ\u00e8s de la manifestation Archi\u2019 Design, qui commence \u00e0 faire des envieux.<\/p>\n<p>Ensuite, Laurent Chelle, adjoint au maire en charge de l&rsquo;Economie et du Tourisme et pr\u00e9sident d\u2019AB Tourisme, a combin\u00e9 sa pr\u00e9sentation et celle d\u2019\u00c9ric Chevalier (directeur d\u2019AB Tourisme), absent.<\/p>\n<p>Saison 2023-24\u00a0: +5,8% en nuit\u00e9es sur le pr\u00e9visionnel, avec un meilleur remplissage des p\u00e9riodes creuses par rapport aux ann\u00e9es pr\u00e9c\u00e9dentes.<\/p>\n<p>Rappel de l\u2019opini\u00e2tre lobbying aupr\u00e8s de la SNCF (avec d\u2019autres stations de la Tarantaise), pr\u00e9sent\u00e9 comme action sur le long terme, mais prometteur du retour des trains de nuit et de la transformation de la gare en \u00ab\u00a0plate-forme intermodale\u00a0\u00bb avec une meilleure connexion avec le funiculaire.<\/p>\n<p>Toujours des am\u00e9liorations sur tous les axes (Les Arcs \u00ab\u00a0capitale outdoor\u00a0\u00bb, remplissage du funiculaire, meilleure ouverture des infrastructures aux deux extr\u00e9mit\u00e9s de la saison d\u2019\u00e9t\u00e9 : \u00ab on commence par mettre en place des mobilit\u00e9s, des activit\u00e9s, des animations. Et puis, on esp\u00e8re que tout \u00e7a, par syst\u00e8me d&rsquo;entra\u00eenement, va continuer \u00e0 nous aider \u00e0 concevoir cette saison de 3 mois\u00a0\u00bb).<\/p>\n<p><img decoding=\"async\" class=\"wp-image-6121 aligncenter\" src=\"https:\/\/www.trois-a.org\/wp-content\/uploads\/2024\/05\/une-image-contenant-presentation-ecran-de-project.jpeg\" alt=\"Une image contenant pr\u00e9sentation, \u00c9cran de projection, habits, int\u00e9rieur Description g\u00e9n\u00e9r\u00e9e automatiquement\" width=\"832\" height=\"624\" srcset=\"https:\/\/www.trois-a.org\/wp-content\/uploads\/2024\/05\/une-image-contenant-presentation-ecran-de-project.jpeg 1024w, https:\/\/www.trois-a.org\/wp-content\/uploads\/2024\/05\/une-image-contenant-presentation-ecran-de-project-300x225.jpeg 300w, https:\/\/www.trois-a.org\/wp-content\/uploads\/2024\/05\/une-image-contenant-presentation-ecran-de-project-768x576.jpeg 768w\" sizes=\"(max-width: 832px) 100vw, 832px\" \/><\/p>\n<p><span style=\"color: #0000ff;\"><em>Pr\u00e9sentation s\u00e9duisante des avanc\u00e9es de la station, mais on en voudrait toujours plus, plus vite.<\/em><\/span><\/p>\n<p>La tentative de passer un film sur <strong><a href=\"https:\/\/www.youtube.com\/watch?v=PFMzCnMohIg\" target=\"_blank\" rel=\"noopener\">le ski-show 2024<\/a><\/strong>, spectaculaire cette ann\u00e9e avec en particulier le spectacle de drones, a \u00e9chou\u00e9 techniquement, mais 3A vous propose <strong><a href=\"https:\/\/drive.google.com\/file\/d\/1057EyxyRJRniroHLEkueARu4PQ1T1XAf\/view?usp=share_link\" target=\"_blank\" rel=\"noopener\">cette compensation<\/a><\/strong> (si vous n\u2019avez pas le temps de tout regarder, allez directement \u00e0 10:18)<\/p>\n<p>B\u00e9atrice Arpin a pr\u00e9sent\u00e9 le catalogue des prestations d\u00e9sormais bien rod\u00e9es de <strong><a href=\"https:\/\/www.lesarcs.com\/proprietaires\" target=\"_blank\" rel=\"noopener\">la Maison des Propri\u00e9taires<\/a><\/strong>, dont elle est responsable. Les listes d\u2019attente pour <strong><a href=\"https:\/\/www.lesarcs.com\/proprietaires\/vos-rendez-vous\/vos-rendez-vous-hiver-2023\/2024\" target=\"_blank\" rel=\"noopener\">les \u00e9v\u00e8nements organis\u00e9s \u00e0 notre intention<\/a><\/strong>, souvent avec l\u2019aide d\u2019ADS et des moniteurs de l&rsquo;ESF, t\u00e9moignent du succ\u00e8s renouvel\u00e9 de ce programme.<\/p>\n<p><img decoding=\"async\" class=\"wp-image-6122 aligncenter\" src=\"https:\/\/www.trois-a.org\/wp-content\/uploads\/2024\/05\/une-image-contenant-texte-personne-interieur-pr.jpeg\" alt=\"Une image contenant texte, personne, int\u00e9rieur, pr\u00e9sentation Description g\u00e9n\u00e9r\u00e9e automatiquement\" width=\"725\" height=\"544\" srcset=\"https:\/\/www.trois-a.org\/wp-content\/uploads\/2024\/05\/une-image-contenant-texte-personne-interieur-pr.jpeg 1024w, https:\/\/www.trois-a.org\/wp-content\/uploads\/2024\/05\/une-image-contenant-texte-personne-interieur-pr-300x225.jpeg 300w, https:\/\/www.trois-a.org\/wp-content\/uploads\/2024\/05\/une-image-contenant-texte-personne-interieur-pr-768x576.jpeg 768w\" sizes=\"(max-width: 725px) 100vw, 725px\" \/><\/p>\n<p><span style=\"color: #0000ff;\"><em>3A encourage tous les propri\u00e9taires \u00e0 consulter <\/em><strong><a style=\"color: #0000ff;\" href=\"https:\/\/www.lesarcs.com\/proprietaires\" target=\"_blank\" rel=\"noopener\"><em>le site qui leur est consacr\u00e9\u00a0<\/em><\/a><\/strong><em>: une mine d\u2019informations pour r\u00e9nover ou louer son appartement (y compris les aspects fiscaux) les y attend. C\u2019est l\u00e0 aussi qu\u2019ils pourront s\u2019inscrire aux \u00e9v\u00e8nements que la Maison des propri\u00e9taires leur r\u00e9serve\u00a0; citons B\u00e9atrice\u00a0: \u00ab\u00a0chaque semaine de la saison d&rsquo;hiver et d&rsquo;\u00e9t\u00e9. Soit cet hiver 20 RDV propos\u00e9s avec par exemple :<\/em><\/span><\/p>\n<p><span style=\"color: #0000ff;\"><em>Visite de la machinerie du Vanoise Express, First track, D\u00e9couverte de la piscine d&rsquo;Arc 1800 et de ses espaces, Visite du village igloo, Luge, Journ\u00e9e Paradiski, D\u00e9couverte des coulisses du Domaine de Montagne, Visite guid\u00e9e Archi-ski, Slalom G\u00e9ant&#8230;<\/em><\/span><\/p>\n<p><a href=\"https:\/\/www.mon-sejour-en-montagne.com\/histoires-et-anecdotes\/a-la-rencontre-d-aurelie-leveque-nouvelle-directrice-du-domaine-skiable-des-arcs\/\" target=\"_blank\" rel=\"noopener\"><strong>Aur\u00e9lie L\u00e9v\u00e8que<\/strong><\/a>, notre nouvelle directrice du domaine skiable (remont\u00e9es m\u00e9caniques, damage, production de neige et s\u00e9curit\u00e9 des pistes), a essentiellement pr\u00e9sent\u00e9 le remplacement du Transarc et ses cons\u00e9quences, qu\u2019ADS a voulu aussi faibles que possible, sur la saison d\u2019\u00e9t\u00e9. Si votre syndic ne vous l\u2019a pas d\u00e9j\u00e0 transmis, vous trouverez<strong> <a href=\"https:\/\/www.trois-a.org\/wp-content\/uploads\/2024\/05\/Communication-ADS-chantier-Transarc.pdf\" target=\"_blank\" rel=\"noopener\">ici le message d\u2019ADS<\/a><\/strong> d\u00e9taillant les modalit\u00e9s de cette importante op\u00e9ration, pendant laquelle l\u2019acc\u00e8s \u00e0 Arc 2000 depuis Arc 1800 sera assur\u00e9 par le t\u00e9l\u00e9si\u00e8ge du Carreley (ou navettes).<\/p>\n<p>Pour tous les d\u00e9tails du projet et de son avancement, on peut consulter un dossier tr\u00e8s complet sur <strong><a href=\"https:\/\/www.remontees-mecaniques.net\/forums\/index.php?s=bc60f1a6f39f89c1c0c1c12043a5ae30&amp;showtopic=38733&amp;st=40\" target=\"_blank\" rel=\"noopener\">ce forum des remont\u00e9es m\u00e9caniques<\/a><\/strong>.<\/p>\n<p>Nouveaut\u00e9 : une version \u00ab\u00a0\u00e9t\u00e9\u00a0\u00bb pour Yuge.<\/p>\n<p><img decoding=\"async\" class=\"wp-image-6123 aligncenter\" src=\"https:\/\/www.trois-a.org\/wp-content\/uploads\/2024\/05\/une-image-contenant-texte-appareil-de-presentatio-2.jpeg\" alt=\"Une image contenant texte, Appareil de pr\u00e9sentation, m\u00e9dias, pr\u00e9sentation Description g\u00e9n\u00e9r\u00e9e automatiquement\" width=\"784\" height=\"588\" srcset=\"https:\/\/www.trois-a.org\/wp-content\/uploads\/2024\/05\/une-image-contenant-texte-appareil-de-presentatio-2.jpeg 1024w, https:\/\/www.trois-a.org\/wp-content\/uploads\/2024\/05\/une-image-contenant-texte-appareil-de-presentatio-2-300x225.jpeg 300w, https:\/\/www.trois-a.org\/wp-content\/uploads\/2024\/05\/une-image-contenant-texte-appareil-de-presentatio-2-768x576.jpeg 768w\" sizes=\"(max-width: 784px) 100vw, 784px\" \/><\/p>\n<p>&nbsp;<\/p>\n<p>Guillaume Desrues a conclu la r\u00e9union par une diapo d\u2019hommage \u00e0 Marielle Berger (voir <strong><a href=\"https:\/\/www.trois-a.org\/index.php\/2023\/12\/09\/marielle-berger-toujours-au-top\/\" target=\"_blank\" rel=\"noopener\">notre article<\/a><\/strong> et <strong><a href=\"https:\/\/www.trois-a.org\/index.php\/2023\/05\/19\/connaissez-vous-marielle-berger\/\" target=\"_blank\" rel=\"noopener\">l\u2019interview de Marielle par 3A<\/a><\/strong>), qui a port\u00e9 haut, tr\u00e8s haut, les couleurs de la station cette saison, en insistant sur son implication dans<strong><a href=\"https:\/\/www.bourgsaintmaurice.fr\/pratique\/education-et-jeunesse\/campus-alpin\/campus-connecte\" target=\"_blank\" rel=\"noopener\"> le campus connect\u00e9 de Bourg Saint Maurice-Les Arcs<\/a><\/strong>.<\/p>\n<p><img decoding=\"async\" class=\" wp-image-6125 aligncenter\" src=\"https:\/\/www.trois-a.org\/wp-content\/uploads\/2024\/05\/Marielle-logo-les-Arcs-225x300.jpg\" alt=\"\" width=\"499\" height=\"665\" srcset=\"https:\/\/www.trois-a.org\/wp-content\/uploads\/2024\/05\/Marielle-logo-les-Arcs-225x300.jpg 225w, https:\/\/www.trois-a.org\/wp-content\/uploads\/2024\/05\/Marielle-logo-les-Arcs-768x1024.jpg 768w, https:\/\/www.trois-a.org\/wp-content\/uploads\/2024\/05\/Marielle-logo-les-Arcs-1152x1536.jpg 1152w, https:\/\/www.trois-a.org\/wp-content\/uploads\/2024\/05\/Marielle-logo-les-Arcs-1320x1760.jpg 1320w, https:\/\/www.trois-a.org\/wp-content\/uploads\/2024\/05\/Marielle-logo-les-Arcs.jpg 1536w\" sizes=\"(max-width: 499px) 100vw, 499px\" \/><\/p>\n","protected":false},"excerpt":{"rendered":"<p>Article r\u00e9serv\u00e9 aux adh\u00e9rents 3A Le 10 avril dernier s\u2019est tenue la traditionnelle r\u00e9union publique organis\u00e9e par la station pour pr\u00e9senter le bilan de la saison et ses perspectives aux propri\u00e9taires des Arcs. Vous trouverez les diapos de support des pr\u00e9sentations sur le site des Arcs ou sous format pdf ici. Les informations majeures : &#8230;<\/p>\n","protected":false},"author":386,"featured_media":6121,"comment_status":"open","ping_status":"closed","sticky":false,"template":"","format":"standard","meta":{"footnotes":""},"categories":[12,16,39,14],"tags":[48],"class_list":["post-6114","post","type-post","status-publish","format-standard","has-post-thumbnail","hentry","category-3a","category-abt","category-actualite","category-mairie","tag-article-en-acces-libre"],"_links":{"self":[{"href":"https:\/\/www.trois-a.org\/index.php\/wp-json\/wp\/v2\/posts\/6114","targetHints":{"allow":["GET"]}}],"collection":[{"href":"https:\/\/www.trois-a.org\/index.php\/wp-json\/wp\/v2\/posts"}],"about":[{"href":"https:\/\/www.trois-a.org\/index.php\/wp-json\/wp\/v2\/types\/post"}],"author":[{"embeddable":true,"href":"https:\/\/www.trois-a.org\/index.php\/wp-json\/wp\/v2\/users\/386"}],"replies":[{"embeddable":true,"href":"https:\/\/www.trois-a.org\/index.php\/wp-json\/wp\/v2\/comments?post=6114"}],"version-history":[{"count":10,"href":"https:\/\/www.trois-a.org\/index.php\/wp-json\/wp\/v2\/posts\/6114\/revisions"}],"predecessor-version":[{"id":6148,"href":"https:\/\/www.trois-a.org\/index.php\/wp-json\/wp\/v2\/posts\/6114\/revisions\/6148"}],"wp:featuredmedia":[{"embeddable":true,"href":"https:\/\/www.trois-a.org\/index.php\/wp-json\/wp\/v2\/media\/6121"}],"wp:attachment":[{"href":"https:\/\/www.trois-a.org\/index.php\/wp-json\/wp\/v2\/media?parent=6114"}],"wp:term":[{"taxonomy":"category","embeddable":true,"href":"https:\/\/www.trois-a.org\/index.php\/wp-json\/wp\/v2\/categories?post=6114"},{"taxonomy":"post_tag","embeddable":true,"href":"https:\/\/www.trois-a.org\/index.php\/wp-json\/wp\/v2\/tags?post=6114"}],"curies":[{"name":"wp","href":"https:\/\/api.w.org\/{rel}","templated":true}]}}