{"id":590,"date":"2016-05-19T18:03:44","date_gmt":"2016-05-19T16:03:44","guid":{"rendered":"https:\/\/www.trois-a.org\/?p=590"},"modified":"2017-07-19T18:07:27","modified_gmt":"2017-07-19T16:07:27","slug":"frederic-charlot-remplace-laurent-chelle-a-la-direction-dads","status":"publish","type":"post","link":"https:\/\/www.trois-a.org\/index.php\/2016\/05\/19\/frederic-charlot-remplace-laurent-chelle-a-la-direction-dads\/","title":{"rendered":"Fr\u00e9d\u00e9ric Charlot remplace Laurent Chelle \u00e0 la direction d&rsquo;ADS"},"content":{"rendered":"<p>Dans le cadre de sa strat\u00e9gie de renforcement de l&rsquo;activit\u00e9 montagne, la Compagnie des Alpes a proc\u00e9d\u00e9 \u00e0 un renforcement de son comit\u00e9 ex\u00e9cutif en int\u00e9grant notament Laurent Chelle qui a, \u00e0 compter du 1er juin 2016, la responsabilit\u00e9 de la nouvelle direction du d\u00e9veloppement et de l\u2019attractivit\u00e9 des destinations montagne. Il est remplac\u00e9 \u00e0 la direction d&rsquo;ADS par Fr\u00e9d\u00e9ric Charlot, jusqu&rsquo;alors directeur g\u00e9n\u00e9ral de Val d\u2019Is\u00e8re T\u00e9l\u00e9ph\u00e9riques.Plus de pr\u00e9cisions sur le site \u00ab\u00a0actu montagnes\u00a0\u00bb:<br \/>\n<img decoding=\"async\" src=\"https:\/\/www.trois-a.org\/wp-content\/uploads\/2017\/07\/ads_nominations.png\" alt=\"\" width=\"696\" height=\"693\" class=\"aligncenter size-full wp-image-591\" srcset=\"https:\/\/www.trois-a.org\/wp-content\/uploads\/2017\/07\/ads_nominations.png 696w, https:\/\/www.trois-a.org\/wp-content\/uploads\/2017\/07\/ads_nominations-150x150.png 150w, https:\/\/www.trois-a.org\/wp-content\/uploads\/2017\/07\/ads_nominations-300x300.png 300w\" sizes=\"(max-width: 696px) 100vw, 696px\" \/><\/p>\n","protected":false},"excerpt":{"rendered":"<p>Dans le cadre de sa strat\u00e9gie de renforcement de l&rsquo;activit\u00e9 montagne, la Compagnie des Alpes a proc\u00e9d\u00e9 \u00e0 un renforcement de son comit\u00e9 ex\u00e9cutif en int\u00e9grant notament Laurent Chelle qui a, \u00e0 compter du 1er juin 2016, la responsabilit\u00e9 de la nouvelle direction du d\u00e9veloppement et de l\u2019attractivit\u00e9 des destinations montagne. Il est remplac\u00e9 \u00e0 &#8230;<\/p>\n","protected":false},"author":386,"featured_media":0,"comment_status":"closed","ping_status":"closed","sticky":false,"template":"","format":"standard","meta":{"footnotes":""},"categories":[18],"tags":[],"class_list":["post-590","post","type-post","status-publish","format-standard","hentry","category-ads"],"_links":{"self":[{"href":"https:\/\/www.trois-a.org\/index.php\/wp-json\/wp\/v2\/posts\/590","targetHints":{"allow":["GET"]}}],"collection":[{"href":"https:\/\/www.trois-a.org\/index.php\/wp-json\/wp\/v2\/posts"}],"about":[{"href":"https:\/\/www.trois-a.org\/index.php\/wp-json\/wp\/v2\/types\/post"}],"author":[{"embeddable":true,"href":"https:\/\/www.trois-a.org\/index.php\/wp-json\/wp\/v2\/users\/386"}],"replies":[{"embeddable":true,"href":"https:\/\/www.trois-a.org\/index.php\/wp-json\/wp\/v2\/comments?post=590"}],"version-history":[{"count":1,"href":"https:\/\/www.trois-a.org\/index.php\/wp-json\/wp\/v2\/posts\/590\/revisions"}],"predecessor-version":[{"id":592,"href":"https:\/\/www.trois-a.org\/index.php\/wp-json\/wp\/v2\/posts\/590\/revisions\/592"}],"wp:attachment":[{"href":"https:\/\/www.trois-a.org\/index.php\/wp-json\/wp\/v2\/media?parent=590"}],"wp:term":[{"taxonomy":"category","embeddable":true,"href":"https:\/\/www.trois-a.org\/index.php\/wp-json\/wp\/v2\/categories?post=590"},{"taxonomy":"post_tag","embeddable":true,"href":"https:\/\/www.trois-a.org\/index.php\/wp-json\/wp\/v2\/tags?post=590"}],"curies":[{"name":"wp","href":"https:\/\/api.w.org\/{rel}","templated":true}]}}