{"id":5631,"date":"2023-09-12T17:10:16","date_gmt":"2023-09-12T15:10:16","guid":{"rendered":"https:\/\/www.trois-a.org\/?p=5631"},"modified":"2025-05-25T19:08:26","modified_gmt":"2025-05-25T17:08:26","slug":"la-majoration-de-la-taxe-dhabitation-ce-sera-40","status":"publish","type":"post","link":"https:\/\/www.trois-a.org\/index.php\/2023\/09\/12\/la-majoration-de-la-taxe-dhabitation-ce-sera-40\/","title":{"rendered":"La majoration de la taxe d&rsquo;habitation : ce sera +40%"},"content":{"rendered":"<p><span style=\"color: #00ff00;\">Article en libre acc\u00e8s<\/span><\/p>\n<p><img decoding=\"async\" class=\"alignnone wp-image-5632 aligncenter\" src=\"https:\/\/www.trois-a.org\/wp-content\/uploads\/2023\/09\/THRS40-300x248.jpg\" alt=\"\" width=\"434\" height=\"359\" srcset=\"https:\/\/www.trois-a.org\/wp-content\/uploads\/2023\/09\/THRS40-300x248.jpg 300w, https:\/\/www.trois-a.org\/wp-content\/uploads\/2023\/09\/THRS40-1024x846.jpg 1024w, https:\/\/www.trois-a.org\/wp-content\/uploads\/2023\/09\/THRS40-768x635.jpg 768w, https:\/\/www.trois-a.org\/wp-content\/uploads\/2023\/09\/THRS40-1536x1269.jpg 1536w, https:\/\/www.trois-a.org\/wp-content\/uploads\/2023\/09\/THRS40-1320x1091.jpg 1320w, https:\/\/www.trois-a.org\/wp-content\/uploads\/2023\/09\/THRS40.jpg 1566w\" sizes=\"(max-width: 434px) 100vw, 434px\" \/><\/p>\n<div id=\"content_box_23c8bac740b9b09dcee31cf7b5afc9d2\" class=\"content_box\">\n\t<div class=\"content_box_title\">Mise \u00e0 jour du 21 septembre 2023<\/div>\n\t<div class=\"content_box_content\">\n\t\t\n<p>Vous trouverez<span style=\"color: #0000ff;\"> <a style=\"color: #0000ff;\" href=\"https:\/\/www.trois-a.org\/wp-content\/uploads\/2023\/09\/CR-du-CM-du-14-septembre-2023-extrait.pdf\"><strong>ici<\/strong><\/a> <\/span>l\u2019extrait du compte-rendu relatant le d\u00e9roulement de la r\u00e9union du conseil municipal qui, apr\u00e8s avoir entendu l\u2019argumentaire du maire, a ent\u00e9rin\u00e9 sans r\u00e9el d\u00e9bat, et avec 4 voix contre (parmi lesquelles Laurent Ducreux, conseiller municipal d\u00e9l\u00e9gu\u00e9 station, dont 3A salue la prise de position), sa proposition de majorer de 40% le taux de la THRS applicable en 2024, ce qui entra\u00eenera pour tous les propri\u00e9taires de r\u00e9sidences secondaires, <em>qu\u2019ils pratiquent la location saisonni\u00e8re ou non<\/em>, une augmentation de leur imposition de plus de 60% par rapport \u00e0 2022.<\/p>\n<p>3A continuera \u00e0 d\u00e9noncer le caract\u00e8re brutal, discriminatoire et inefficace de cette d\u00e9cision dont les motivations affich\u00e9es et l\u2019effet final seront fort \u00e9loign\u00e9s de celles du l\u00e9gislateur qui esp\u00e9rait en faire un outil de lutte contre les difficult\u00e9s de logement des habitants permanents, notamment les plus jeunes et les plus d\u00e9munis.<\/p>\n<p>Les informations plus r\u00e9centes sur la position des maires des stations de montagne et plus particuli\u00e8rement ceux de Haute-Savoie montrent que nombreux sont ceux qui ont adopt\u00e9 une attitude mod\u00e9r\u00e9e et dialogu\u00e9e, \u00e0 l\u2019instar de M. Rubin maire de Chatel et pr\u00e9sident de l\u2019association des maires de Haute-Savoie.<\/p>\n<p>Comme l\u2019a relat\u00e9 le Dauphin\u00e9 lib\u00e9r\u00e9 dat\u00e9 du 17 septembre (<span style=\"color: #0000ff;\"><strong><a style=\"color: #0000ff;\" href=\"https:\/\/www.ledauphine.com\/politique\/2023\/09\/16\/taxe-d-habitation-sur-les-residences-secondaires-les-elus-informes\">consultation r\u00e9serv\u00e9e aux abonn\u00e9s<\/a><\/strong><\/span> au DL), apr\u00e8s avoir soulign\u00e9 que la d\u00e9cision appartient souverainement aux \u00e9lus de chaque commune, M. Rubin a d\u00e9cid\u00e9 de ne pas exploiter en 2024 la facult\u00e9 l\u00e9gislative de majorer le taux applicable \u00e0 la THRS et d&rsquo;utiliser l&rsquo;ann\u00e9e qui vient pour \u00ab\u00a0prendre du recul, informer et justifier une d\u00e9cision ult\u00e9rieure\u00a0\u00bb pour 2025, qu&rsquo;il pr\u00e9voit \u00ab\u00a0avec un taux justifi\u00e9, raisonnable, adapt\u00e9 et expliqu\u00e9\u00a0\u00bb et un \u00ab\u00a0fl\u00e9chage des actions en ce sens\u00a0\u00bb. Comme pr\u00e9sident de l&rsquo;association des maires de Haute-Savoie, il a organis\u00e9 une visioconf\u00e9rence pour les maires des 182 communes du 74 concern\u00e9es par ce dispositif et leur a conseill\u00e9 une d\u00e9marche analogue \u00e0 la sienne.<\/p>\n<p>Une position de principe \u00e0 notre avis marqu\u00e9e au coin du bon sens !<\/p>\n<p>A l\u2019occasion de l\u2019assembl\u00e9e g\u00e9n\u00e9rale de l\u2019ANMSM du 20 septembre \u00e0 laquelle la FARSM avait \u00e9t\u00e9 invit\u00e9e nous avons pu, avec la pr\u00e9sidente de la FARSM Mme Mireille Sertout, nous entretenir avec de nombreux maires.<\/p>\n<p>Au final, si quelques uns ont fait voter la surtaxe au taux maximum de +60% tels les maires de la vall\u00e9e de Chamonix (o\u00f9, reconnaissons-le, le march\u00e9 immobilier est extr\u00eamement tendu du fait de la demande solvable en r\u00e9sidences secondaires), ils sont assez nombreux \u00e0 avoir renonc\u00e9 \u00e0 surtaxer les propri\u00e9taires de r\u00e9sidences secondaires (citons en plus du maire de Chatel ceux de Belleville, Courchevel, les Gets, Meg\u00e8ve, Saint-Gervais-les Bains et, plus pr\u00e8s de nous, Villaroger). En d\u00e9cidant une surtaxe de 40%, la municipalit\u00e9 de Bourg-Saint-Maurice s\u2019est malheureusement plac\u00e9e d\u2019embl\u00e9e dans la partie haute de la fourchette l\u00e9galement autoris\u00e9e.<\/p>\n<p>A noter aussi l\u2019engagement pris par certains maires de \u00ab fl\u00e9cher \u00bb pr\u00e9cis\u00e9ment l\u2019utilisation de ce surcro\u00eet de ressources vers des d\u00e9penses servant les contribuables concern\u00e9s. Une conduite que 3A demandera \u00e0 voir s\u2019appliquer effectivement sur les Arcs.<\/p>\n<p>En conclusion \u00e0 3A nous n\u2019aurons pas m\u00e9nag\u00e9 nos efforts pour d\u00e9fendre le bon sens d\u2019une taxation \u00e9quitable et raisonnable, et nous continuerons \u00e0 le faire. Les articles parus dans le Dauphin\u00e9 lib\u00e9r\u00e9 dat\u00e9s du 20 septembre en lecture r\u00e9serv\u00e9e aux abonn\u00e9s au DL <span style=\"color: #0000ff;\"><a style=\"color: #0000ff;\" href=\"https:\/\/www.ledauphine.com\/magazine-immobilier\/2023\/09\/19\/surtaxe-d-habitations-secondaires-ce-qui-va-changer-en-haute-tarentaise\"><strong>ici<\/strong><\/a><\/span> et <span style=\"color: #0000ff;\"><a style=\"color: #0000ff;\" href=\"https:\/\/www.ledauphine.com\/actualite\/2023\/09\/19\/bernard-seligmann-l-impression-d-etre-des-vaches-a-lait\"><strong>ici<\/strong><\/a><\/span> en sont le plus r\u00e9cent t\u00e9moignage.<\/p>\n<p>Forts de l\u2019adh\u00e9sion de propri\u00e9taires de plus en plus nombreux, nous entendons poursuivre inlassablement nos actions pour arriver \u00e0 convaincre sans jamais renoncer au dialogue constructif.<\/p>\n\n\t\t<div class=\"content_box_space\"><\/div>\n\t<\/div>\n<\/div>\n\n<p>Aux questions pos\u00e9es par 3A en fin d\u2019ann\u00e9e derni\u00e8re sur ses intentions d\u2019utiliser la nouvelle loi lui permettant d\u2019augmenter la taxe d\u2019habitation sur les r\u00e9sidences secondaires (THRS) de 5 \u00e0 60 %, Guillaume Desrues, maire de Bourg Saint Maurice-Les Arcs, vient de r\u00e9pondre dans un communiqu\u00e9 de presse reproduit ci-dessous.<\/p>\n<p><strong>L\u2019augmentation pour les propri\u00e9taires aux Arcs sera de 40% en 2024 pour la part communale, ce qui aboutit \u00e0 une majoration de pr\u00e8s de 60% par rapport \u00e0 2022 <\/strong>(voir le texte de la lettre ci-dessous)<strong>.<\/strong><\/p>\n<p>Choqu\u00e9 par l&rsquo;ampleur et par le caract\u00e8re discriminatoire de cette d\u00e9cision annonc\u00e9e quelques jours seulement avant qu&rsquo;elle soit prise, le pr\u00e9sident de 3A a fait connaitre la profonde d\u00e9ception et la vive r\u00e9probation de 3A et de ses adh\u00e9rents dans une lettre dont le contenu pourra \u00eatre utilement exploit\u00e9 par les tr\u00e8s nombreux propri\u00e9taires aux Arcs souhaitant \u00e9galement rapidement r\u00e9agir :<\/p>\n<hr \/>\n<p><img decoding=\"async\" width=\"153\" height=\"119\" class=\"wp-image-5635\" src=\"https:\/\/www.trois-a.org\/wp-content\/uploads\/2023\/09\/page1image35507664-1.png\" alt=\"page1image35507664\" \/><\/p>\n<p>Les Arcs, le 11 septembre 2023<\/p>\n<p>\u00c0\u00a0: Guillaume Desrues<\/p>\n<p>Maire de Bourg Saint Maurice-Les Arcs<\/p>\n<p>De\u00a0: C\u00e9dric Lespiau<\/p>\n<p>Pr\u00e9sident de l\u2019association 3A<\/p>\n<p>Avenir et Animation des Arcs<\/p>\n<p>Monsieur le Maire,<\/p>\n<p>L\u2019association 3A, qui f\u00e9d\u00e8re des propri\u00e9taires amoureux des Arcs et attach\u00e9s \u00e0 son d\u00e9veloppement durable, enregistre avec consternation votre intention de faire voter jeudi prochain par le conseil municipal une majoration de 40\u00a0% de la taxe d\u2019habitation sur les r\u00e9sidences secondaires (THRS) de la commune.<\/p>\n<p>Avec l\u2019augmentation in\u00e9vitable des valeurs locatives due \u00e0 l\u2019inflation, et avec celle du taux de base de la taxe d\u2019habitation d\u00e9j\u00e0 d\u00e9cid\u00e9e en mars dernier par le conseil municipal, il est l\u00e9gitime d\u2019anticiper que tous les propri\u00e9taires de r\u00e9sidences secondaires supporteront en 2024 une augmentation de leur taxe d\u2019habitation qui sera non pas de 40%, mais de plus de 60% par rapport \u00e0 2022 (dont 11% en 2023)\u00a0!<\/p>\n<p>Cette augmentation nous choque et elle nous m\u00e9contente par son ampleur et par son caract\u00e8re discriminatoire.<\/p>\n<p>Dans ma lettre du 15 d\u00e9cembre 2022, je faisais d\u00e9j\u00e0 valoir qu\u2019elle serait dans son principe tout \u00e0 la fois\u00a0:<\/p>\n<p>&#8211; inamicale \u00e0 l\u2019\u00e9gard de l\u2019ensemble des propri\u00e9taires de r\u00e9sidences secondaires,<\/p>\n<p>&#8211; injuste, ceux-ci \u00e9tant les seuls contributeurs du budget communal au titre de la TH sans pour autant b\u00e9n\u00e9ficier des m\u00eames services publics,<\/p>\n<p>&#8211; inefficace eu \u00e9gard \u00e0 l\u2019argument initialement avanc\u00e9 de lutte contre les difficult\u00e9s de logement des Borains, notamment les plus jeunes ou ceux disposant de faibles revenus (les logements des Arcs, du fait de leur localisation, de leur taille et de leur occupation saisonni\u00e8re n\u2019accroissant aucune p\u00e9nurie de logement permanent),<\/p>\n<p>-inappropri\u00e9e au regard des difficult\u00e9s budg\u00e9taires de la commune, le rendement des autres taxes locales telle la taxe fonci\u00e8re \u00e9galement support\u00e9e par tous les propri\u00e9taires \u00e9tant bien sup\u00e9rieur \u00e0 celui de la THRS.<\/p>\n<p>Nous sommes de plus navr\u00e9s de constater que la plupart des arguments justificatifs d\u00e9velopp\u00e9s dans le communiqu\u00e9 de presse du 7 septembre d\u00e9montrent par leur faiblesse l\u2019absence de justifications suffisantes\u00a0:<\/p>\n<ul>\n<li>Comment croire que la premi\u00e8re raison serait, f\u00fbt-ce pour partie, d\u2019inciter les propri\u00e9taires de r\u00e9sidences secondaires, majoritairement concentr\u00e9es sur les Arcs, \u00e0 louer leur logement \u00e0 l\u2019ann\u00e9e alors que la station est ferm\u00e9e plus de la moiti\u00e9 de l\u2019ann\u00e9e\u00a0?<\/li>\n<li>Non, ce n\u2019est pas \u00ab\u00a0l\u2019offre de logements touristiques <em>[qui se trouve concentr\u00e9e en stations ferm\u00e9es la majeure partie de l\u2019ann\u00e9e]<\/em> qui induit raret\u00e9 des biens et tarifs inaccessibles <em>[entra\u00eenant]<\/em> difficult\u00e9s de logement pour les habitants \u00e0 l\u2019ann\u00e9e et les travailleurs saisonniers\u00a0\u00bb\u00a0!<\/li>\n<\/ul>\n<p>N\u2019est-ce pas plut\u00f4t l\u2019absence pendant de longues ann\u00e9es d\u2019une r\u00e9elle politique communale du logement\u00a0?<\/p>\n<ul>\n<li>Comment accepter l\u2019id\u00e9e que c\u2019est une majoration de la THRS qui devrait financer les d\u00e9penses suppl\u00e9mentaires de navettes et de funiculaire, plut\u00f4t que la taxe de s\u00e9jour ou la redevance sur les remont\u00e9es m\u00e9caniques d\u00e9j\u00e0 en place \u00e0 cet effet\u00a0?<\/li>\n<li>En tout \u00e9tat de cause, y aura-t-il une possibilit\u00e9 de v\u00e9rifier la r\u00e9alit\u00e9 du fl\u00e9chage annonc\u00e9 de la majoration de la THRS des arcadiens vers des d\u00e9penses utiles aux Arcs\u00a0?<\/li>\n<li>O\u00f9 sont les espaces publics anciennement priv\u00e9s repris par la commune et induisant pour elle de nouvelles charges d\u2019entretien\u00a0?<\/li>\n<\/ul>\n<p>Nous inviterons les propri\u00e9taires de r\u00e9sidences secondaires \u00e0 \u00eatre plus nombreux pour faire entendre leur voix comme \u00e9lecteurs de la commune et pas seulement comme contribuables.<\/p>\n<p>Je vous prie d\u2019agr\u00e9er, Monsieur le maire, l\u2019assurance de ma fid\u00e8le consid\u00e9ration.<\/p>\n<p>C\u00e9dric Lespiau<\/p>\n<p>Pr\u00e9sident de l\u2019association 3A<\/p>\n<hr \/>\n<p>Pour une information plus compl\u00e8te sur ce dossier, vous pouvez \u00e9galement consulter\u00a0:<\/p>\n<ul>\n<li><a href=\"https:\/\/www.trois-a.org\/index.php\/2023\/01\/12\/vers-une-augmentation-de-la-taxe-dhabitation-aux-arcs\/\">L\u2019article de 3A de la fin d\u2019ann\u00e9e derni\u00e8re<\/a> \u00e0 propos de l\u2019augmentation de la THRS contenant la lettre envoy\u00e9e par 3A au maire et la r\u00e9ponse de ce dernier \u00e0 cette \u00e9poque<\/li>\n<li>Le <a href=\"https:\/\/www.legifrance.gouv.fr\/jorf\/id\/JORFTEXT000047998521#:~:text=au%20champ%20...-,D\u00e9cret%20n\u00b0%202023%2D822%20du%2025%20ao\u00fbt%202023%20modifiant,du%20code%20g\u00e9n\u00e9ral%20des%20imp\u00f4ts\">d\u00e9cret du 25 ao\u00fbt 2023<\/a> classant BSM-Les Arcs dans les communes pouvant recourir \u00e0 la surtaxe (ne pas se laisser abuser par le terme \u00ab logements vacants \u00bb du titre, il s\u2019agit bien de \u00ab\u00a0<em>la majoration de taxe d\u2019habitation sur les logements meuble\u0301s non affecte\u0301s a\u0300 l\u2019habitation principale\u00a0<\/em>\u00bb.<\/li>\n<li>La <a href=\"https:\/\/www.change.org\/p\/surtaxe-d-habitation-pour-les-propri\u00e9taires-secondaires-de-peisey-nancroix?recruiter=129462075&amp;recruited_by_id=d3cb501a-0adb-4763-a1bb-a4631d360469&amp;utm_source=share_petition&amp;utm_campaign=share_petition&amp;utm_medium=copylink&amp;utm_content=cl_sharecopy_37213670_fr-FR%3A7\">p\u00e9tition lanc\u00e9e \u00e0 Peisey-Nancroy<\/a><\/li>\n<\/ul>\n<p>3A vous tiendra inform\u00e9s des suites de l\u2019affaire, notamment des d\u00e9cisions prises par les stations de sports d&rsquo;hiver (les d\u00e9lib\u00e9rations doivent avoir lieu avant le 1<sup>er<\/sup> octobre) et des \u00e9ventuelles actions juridiques auxquelles r\u00e9fl\u00e9chit la FARSM (la Fe\u0301de\u0301ration Franc\u0327aise des Associations de Re\u0301sidents des Stations de Montagne, dont 3A est membre).<\/p>\n<p>Le communiqu\u00e9 de presse du maire :<\/p>\n<p><img decoding=\"async\" class=\" wp-image-5637 aligncenter\" src=\"https:\/\/www.trois-a.org\/wp-content\/uploads\/2023\/09\/Communique-de-presse-7-septebre-23-THRS-2023_VF-212x300.jpg\" alt=\"\" width=\"856\" height=\"1211\" srcset=\"https:\/\/www.trois-a.org\/wp-content\/uploads\/2023\/09\/Communique-de-presse-7-septebre-23-THRS-2023_VF-212x300.jpg 212w, https:\/\/www.trois-a.org\/wp-content\/uploads\/2023\/09\/Communique-de-presse-7-septebre-23-THRS-2023_VF-724x1024.jpg 724w, https:\/\/www.trois-a.org\/wp-content\/uploads\/2023\/09\/Communique-de-presse-7-septebre-23-THRS-2023_VF-768x1086.jpg 768w, https:\/\/www.trois-a.org\/wp-content\/uploads\/2023\/09\/Communique-de-presse-7-septebre-23-THRS-2023_VF-1086x1536.jpg 1086w, https:\/\/www.trois-a.org\/wp-content\/uploads\/2023\/09\/Communique-de-presse-7-septebre-23-THRS-2023_VF-1448x2048.jpg 1448w, https:\/\/www.trois-a.org\/wp-content\/uploads\/2023\/09\/Communique-de-presse-7-septebre-23-THRS-2023_VF-1320x1867.jpg 1320w, https:\/\/www.trois-a.org\/wp-content\/uploads\/2023\/09\/Communique-de-presse-7-septebre-23-THRS-2023_VF.jpg 1653w\" sizes=\"(max-width: 856px) 100vw, 856px\" \/><\/p>\n<p>&nbsp;<\/p>\n","protected":false},"excerpt":{"rendered":"<p>Article en libre acc\u00e8s Aux questions pos\u00e9es par 3A en fin d\u2019ann\u00e9e derni\u00e8re sur ses intentions d\u2019utiliser la nouvelle loi lui permettant d\u2019augmenter la taxe d\u2019habitation sur les r\u00e9sidences secondaires (THRS) de 5 \u00e0 60 %, Guillaume Desrues, maire de Bourg Saint Maurice-Les Arcs, vient de r\u00e9pondre dans un communiqu\u00e9 de presse reproduit ci-dessous. L\u2019augmentation &#8230;<\/p>\n","protected":false},"author":386,"featured_media":5632,"comment_status":"open","ping_status":"closed","sticky":false,"template":"","format":"standard","meta":{"footnotes":""},"categories":[12,4,39,14],"tags":[48],"class_list":["post-5631","post","type-post","status-publish","format-standard","has-post-thumbnail","hentry","category-3a","category-action","category-actualite","category-mairie","tag-article-en-acces-libre"],"_links":{"self":[{"href":"https:\/\/www.trois-a.org\/index.php\/wp-json\/wp\/v2\/posts\/5631","targetHints":{"allow":["GET"]}}],"collection":[{"href":"https:\/\/www.trois-a.org\/index.php\/wp-json\/wp\/v2\/posts"}],"about":[{"href":"https:\/\/www.trois-a.org\/index.php\/wp-json\/wp\/v2\/types\/post"}],"author":[{"embeddable":true,"href":"https:\/\/www.trois-a.org\/index.php\/wp-json\/wp\/v2\/users\/386"}],"replies":[{"embeddable":true,"href":"https:\/\/www.trois-a.org\/index.php\/wp-json\/wp\/v2\/comments?post=5631"}],"version-history":[{"count":7,"href":"https:\/\/www.trois-a.org\/index.php\/wp-json\/wp\/v2\/posts\/5631\/revisions"}],"predecessor-version":[{"id":5698,"href":"https:\/\/www.trois-a.org\/index.php\/wp-json\/wp\/v2\/posts\/5631\/revisions\/5698"}],"wp:featuredmedia":[{"embeddable":true,"href":"https:\/\/www.trois-a.org\/index.php\/wp-json\/wp\/v2\/media\/5632"}],"wp:attachment":[{"href":"https:\/\/www.trois-a.org\/index.php\/wp-json\/wp\/v2\/media?parent=5631"}],"wp:term":[{"taxonomy":"category","embeddable":true,"href":"https:\/\/www.trois-a.org\/index.php\/wp-json\/wp\/v2\/categories?post=5631"},{"taxonomy":"post_tag","embeddable":true,"href":"https:\/\/www.trois-a.org\/index.php\/wp-json\/wp\/v2\/tags?post=5631"}],"curies":[{"name":"wp","href":"https:\/\/api.w.org\/{rel}","templated":true}]}}