{"id":5317,"date":"2023-07-04T22:44:59","date_gmt":"2023-07-04T20:44:59","guid":{"rendered":"https:\/\/www.trois-a.org\/?p=5317"},"modified":"2025-05-11T19:44:33","modified_gmt":"2025-05-11T17:44:33","slug":"les-breves-de-3a-n21","status":"publish","type":"post","link":"https:\/\/www.trois-a.org\/index.php\/2023\/07\/04\/les-breves-de-3a-n21\/","title":{"rendered":"Les Br\u00e8ves de 3A n\u00b021"},"content":{"rendered":"<p><span style=\"color: #339966;\">Article en acc\u00e8s libre<\/span><\/p>\n<p><a href=\"https:\/\/www.trois-a.org\/wp-content\/uploads\/2023\/11\/Breves-21.pdf\">T\u00e9l\u00e9charger la version pdf (717 Ko)<\/a><\/p>\n<p><img decoding=\"async\" class=\"wp-image-5318 aligncenter\" src=\"https:\/\/www.trois-a.org\/wp-content\/uploads\/2023\/07\/une-image-contenant-ligne-triangle-police-conce.jpeg\" alt=\"Une image contenant ligne, triangle, Police, conception Description g\u00e9n\u00e9r\u00e9e automatiquement\" width=\"263\" height=\"203\" srcset=\"https:\/\/www.trois-a.org\/wp-content\/uploads\/2023\/07\/une-image-contenant-ligne-triangle-police-conce.jpeg 453w, https:\/\/www.trois-a.org\/wp-content\/uploads\/2023\/07\/une-image-contenant-ligne-triangle-police-conce-300x232.jpeg 300w\" sizes=\"(max-width: 263px) 100vw, 263px\" \/><\/p>\n<h1 style=\"text-align: center;\"><strong>Les Br\u00e8ves de 3A n\u00b021<\/strong><\/h1>\n<h1 style=\"text-align: center;\"><strong>Juillet 2023<\/strong><\/h1>\n<hr \/>\n<p style=\"text-align: center;\">Tous les anciens nume\u0301ros des Bre\u0300ves de 3A sont disponibles en libre acce\u0300s <a href=\"https:\/\/www.trois-a.org\/index.php\/accueil\/les-breves-de-3a\/\" target=\"_blank\" rel=\"noopener\"><strong>ici<\/strong><\/a>.<\/p>\n<hr \/>\n<p>&nbsp;<\/p>\n<p><img decoding=\"async\" class=\"alignnone wp-image-5362\" src=\"https:\/\/www.trois-a.org\/wp-content\/uploads\/2023\/07\/couverture-JC-1-300x225.gif\" alt=\"\" width=\"1023\" height=\"767\" srcset=\"https:\/\/www.trois-a.org\/wp-content\/uploads\/2023\/07\/couverture-JC-1-300x225.gif 300w, https:\/\/www.trois-a.org\/wp-content\/uploads\/2023\/07\/couverture-JC-1-1024x768.gif 1024w, https:\/\/www.trois-a.org\/wp-content\/uploads\/2023\/07\/couverture-JC-1-768x576.gif 768w, https:\/\/www.trois-a.org\/wp-content\/uploads\/2023\/07\/couverture-JC-1-1536x1152.gif 1536w, https:\/\/www.trois-a.org\/wp-content\/uploads\/2023\/07\/couverture-JC-1-1320x990.gif 1320w\" sizes=\"(max-width: 1023px) 100vw, 1023px\" \/><\/p>\n<p>Dans ce num\u00e9ro<\/p>\n<ol>\n<li><a href=\"#post-5317-Edito\">L\u2019\u00e9dito du pr\u00e9sident<\/a><\/li>\n<li><a href=\"#post-5317-Tarification\">La nouvelle tarification de l\u2019eau aux Arcs<\/a><\/li>\n<li><a href=\"#post-5317-Forum\">Le forum des pr\u00e9sidents de conseil syndical aux Arcs<\/a><\/li>\n<li><a href=\"#post-5317-Ev\u00e8nements3A\">Les \u00e9v\u00e8nements 3A de l\u2019\u00e9t\u00e9<\/a><\/li>\n<li><a href=\"#post-5317-MontagneExp\u00e9rience\">Montagne exp\u00e9rience by ESF<\/a><\/li>\n<li><a href=\"#post-5317-SkiAcademy\">Les ESF des Arcs et de Peisey Vallandry lancent la \u00ab\u00a0Ski Academy\u00a0\u00bb<\/a><\/li>\n<li><a href=\"#post-5317-P\u00e9age\">Vers un stationnement payant \u00e0 Arc 1600<\/a><\/li>\n<li><a href=\"#post-5317-RencontrePr\u00e9sidents\">3A rencontre les pr\u00e9sidents de copropri\u00e9t\u00e9<\/a><\/li>\n<li><a href=\"#post-5317-festival\">Le festival de musique f\u00eate ses 50 ans\u00a0: r\u00e9servez vos places\u00a0!<\/a><\/li>\n<li><a href=\"#post-5317-TREX\">T-Rex \u00e9dition 2023<\/a><\/li>\n<li><a href=\"#post-5317-CDA\">La \u00ab\u00a0Raison d\u2019\u00eatre\u00a0\u00bb de la CDA\u00a0: une assurance pour la p\u00e9rennit\u00e9 de notre patrimoine\u00a0?<\/a><\/li>\n<li><a href=\"#post-5317-Site3A\">Sur le site de 3A<\/a><\/li>\n<\/ol>\n<hr \/>\n<p><img decoding=\"async\" class=\"wp-image-5320 aligncenter\" src=\"https:\/\/www.trois-a.org\/wp-content\/uploads\/2023\/07\/une-image-contenant-texte-visage-humain-neige-h.jpeg\" alt=\"Une image contenant texte, Visage humain, neige, hiver Description g\u00e9n\u00e9r\u00e9e automatiquement\" width=\"317\" height=\"200\" srcset=\"https:\/\/www.trois-a.org\/wp-content\/uploads\/2023\/07\/une-image-contenant-texte-visage-humain-neige-h.jpeg 608w, https:\/\/www.trois-a.org\/wp-content\/uploads\/2023\/07\/une-image-contenant-texte-visage-humain-neige-h-300x189.jpeg 300w\" sizes=\"(max-width: 317px) 100vw, 317px\" \/><\/p>\n<h1 style=\"text-align: center;\"><a id=\"post-5317-Edito\"><\/a>L\u2019\u00e9dito du pr\u00e9sident<\/h1>\n<p style=\"text-align: center;\"><strong>L\u2019AG 3A du 3 Aout 2023 : un tournant<\/strong><\/p>\n<p>Chers adh\u00e9rents, chers propri\u00e9taires aux Arcs,<\/p>\n<p>Notre AG du 3 ao\u00fbt prochain sera une \u00e9tape importante pour 3A. Celle d\u2019une red\u00e9finition du statut des propri\u00e9taires des Arcs.<\/p>\n<p>Longtemps simplement cantonn\u00e9 \u00e0 un r\u00f4le d\u2019acteur \u00e9conomique (investisseur, loueur, consommateur), le propri\u00e9taire est aussi un acteur instrumental dans le bon fonctionnement de la station, son renom et ses \u00e9volutions.<\/p>\n<p>Un nouveau mod\u00e8le de propri\u00e9taires \u00e9merge et voit grossir\u00a0une communaut\u00e9 d\u2019amoureux des sites, pr\u00eats \u00e0 (s\u2019)investir dans l\u2019avenir de leurs enfants, et embrassant toutes les initiatives propices \u00e0 la station de demain.<\/p>\n<p>3A se veut le porte-parole et le f\u00e9d\u00e9rateur de ce propri\u00e9taire cl\u00e9 pour les rouages du microcosme des Arcs. Ce \u00ab propri\u00e9taire 3A \u00bb, d\u00e9j\u00e0 aujourd\u2019hui partenaire actif, mais encore trop souvent individuellement, des instances de la station (Office du Tourisme, commer\u00e7ants, \u00e9coles de ski, domaine skiable\u2026), sera demain le levier pr\u00e9cieux pour ne pas dire indispensable des initiatives nouvelles autour de la transition vers un mod\u00e8le p\u00e9renne de la station, de la r\u00e9novation du parc immobilier, de l\u2019extension des saisons. Autant de th\u00e8mes essentiels pour l\u2019avenir des Arcs.<\/p>\n<p>Chaque adh\u00e9sion \u00e0 3A t\u00e9moigne de l\u2019esprit et du partage de nos objectifs communs pour la station de demain. Afin d\u2019apporter de la substance \u00e0 nos engagements mutuels, 3A cr\u00e9e et lance le programme \u00ab Partenaire 3A \u00bb. Ce programme repose sur la cr\u00e9ation d\u2019un \u00ab Pass 3A \u00bb permettant une identification simple et fiable de la qualit\u00e9 d\u2019adh\u00e9rent 3A, avec pour but de renforcer le liant entre nous tous, acteurs \u00e0 long terme des Arcs, d\u2019aligner nos objectifs, et de faciliter nos initiatives communes.<\/p>\n<p>Notre AG du 3 Aout sera l\u2019occasion d\u2019exposer ce partenariat et ses motivations. Adh\u00e9rents 3A ou propri\u00e9taires non adh\u00e9rents, venez nombreux !<\/p>\n<p>Cedric Lespiau<\/p>\n<p>Pr\u00e9sident de 3A<\/p>\n<p><img decoding=\"async\" class=\"wp-image-5321\" src=\"https:\/\/www.trois-a.org\/wp-content\/uploads\/2023\/07\/une-image-contenant-visage-humain-personne-souri.jpeg\" alt=\"Une image contenant Visage humain, personne, sourire, Front Description g\u00e9n\u00e9r\u00e9e automatiquement\" width=\"138\" height=\"173\" \/><\/p>\n<hr \/>\n<p><a id=\"post-5317-Tarification\"><\/a><br \/>\n<img decoding=\"async\" width=\"180\" height=\"237\" class=\"wp-image-5322 aligncenter\" src=\"https:\/\/www.trois-a.org\/wp-content\/uploads\/2023\/07\/une-image-contenant-salle-de-bain-bouche-dincend.jpeg\" alt=\"Une image contenant salle de bain, bouche d\u2019incendie, robinet Description g\u00e9n\u00e9r\u00e9e automatiquement\" \/><\/p>\n<h1 style=\"text-align: center;\">La nouvelle tarification de l\u2019eau aux Arcs<\/h1>\n<p>La municipalit\u00e9 a d\u00e9cid\u00e9 le 9 mars dernier d\u2019appliquer simultan\u00e9ment une hausse des taxes communales sur le prix du m3 d\u2019eau potable consomm\u00e9, pour financer des travaux, et une tarification progressive par tranches, dont le but affich\u00e9 est l\u2019incitation \u00e0 la sobri\u00e9t\u00e9.<\/p>\n<p>3A a publi\u00e9 sur son site <strong><a href=\"https:\/\/www.trois-a.org\/index.php\/2023\/03\/30\/nouvelle-evolution-du-prix-de-leau-aux-arcs\/\" target=\"_blank\" rel=\"noopener\">une \u00e9tude<\/a><\/strong> sur les cons\u00e9quences de cette d\u00e9cision.<\/p>\n<p>Il s\u2019av\u00e8re que le mode retenu d\u2019application du tarif progressif aboutit en pratique \u00e0 un effet contraire \u00e0 celui escompt\u00e9, les tranches s\u2019appliquant indistinctement \u00e0 une habitation individuelle ou \u00e0 un immeuble collectif regroupant plusieurs dizaines voire plusieurs centaines de propri\u00e9taires. D\u00e8s lors, un propri\u00e9taire d\u2019une grosse r\u00e9sidence ne peut que tomber dans la tranche dite \u00ab de confort \u00bb tax\u00e9e la plus lourdement, quels que soient ses efforts individuels. Rat\u00e9 pour l\u2019incitation \u00e0 la sobri\u00e9t\u00e9.<\/p>\n<p>Le 25 avril dernier, 3A a <strong><a href=\"https:\/\/www.trois-a.org\/wp-content\/uploads\/2023\/03\/Nouvelle-tarification-de-leau.pdf\" target=\"_blank\" rel=\"noopener\">interpell\u00e9 le maire<\/a><\/strong> sur, entre autres, l\u2019impact in\u00e9galitaire entre citoyens de ce mode d\u2019application d\u2019une tarification progressive, qu\u2019elle saluerait sans ce d\u00e9faut r\u00e9dhibitoire. \u00c0 ce jour, le maire n\u2019a pas souhait\u00e9 y r\u00e9pondre.<\/p>\n<p>De nombreuses copropri\u00e9t\u00e9s des Arcs (et m\u00eame de Bourg Saint Maurice) ont d\u00e9pos\u00e9 un recours gracieux, auxquels la municipalit\u00e9 vient d\u2019envoyer une r\u00e9ponse officielle le rejetant. Elle pr\u00e9conise aux copropri\u00e9t\u00e9s de faire souscrire un abonnement individuel \u00e0 chaque copropri\u00e9taire.<\/p>\n<p>En pratique, on peut sans doute compter sur les doigts de la main le nombre de copropri\u00e9t\u00e9s pour lesquelles une telle solution est envisageable : plusieurs d\u2019entre elles, repr\u00e9sentatives, ont d\u00e9j\u00e0 fait \u00e9valuer par Veolia sa faisabilit\u00e9, qui se r\u00e9v\u00e8le soit impossible soit impliquant des co\u00fbts tr\u00e8s \u00e9lev\u00e9s de r\u00e9organisation des canalisations. Notons que si cette solution \u00e9tait adopt\u00e9e par l\u2019ensemble des copropri\u00e9t\u00e9s, la commune ne disposerait plus d\u2019aucune ressource pour financer les travaux annonc\u00e9s dans la d\u00e9cision du 9 mars, le quota de la tranche destin\u00e9e \u00e0 inciter \u00e0 la sobri\u00e9t\u00e9 (800 m3) ne concernant qu\u2019une infime partie des abonn\u00e9s individuels.<\/p>\n<p>Une derni\u00e8re remarque\u00a0: cette augmentation injustement r\u00e9partie s\u2019ajoute \u00e0 l\u2019augmentation de 11,5%, cette fois-ci sur l\u2019abonnement, donc uniform\u00e9ment r\u00e9partie, constat\u00e9e sur la derni\u00e8re facture d\u2019eau re\u00e7ue en mai.<\/p>\n<hr \/>\n<p><a id=\"post-5317-Forum\"><\/a><br \/>\n<img decoding=\"async\" class=\"wp-image-5323 aligncenter\" src=\"https:\/\/www.trois-a.org\/wp-content\/uploads\/2023\/07\/une-image-contenant-cercle-dessin-humoristique-d.jpeg\" alt=\"Une image contenant cercle, dessin humoristique, Dessin d\u2019enfant, clipart Description g\u00e9n\u00e9r\u00e9e automatiquement\" width=\"515\" height=\"216\" srcset=\"https:\/\/www.trois-a.org\/wp-content\/uploads\/2023\/07\/une-image-contenant-cercle-dessin-humoristique-d.jpeg 880w, https:\/\/www.trois-a.org\/wp-content\/uploads\/2023\/07\/une-image-contenant-cercle-dessin-humoristique-d-300x126.jpeg 300w, https:\/\/www.trois-a.org\/wp-content\/uploads\/2023\/07\/une-image-contenant-cercle-dessin-humoristique-d-768x322.jpeg 768w\" sizes=\"(max-width: 515px) 100vw, 515px\" \/><\/p>\n<h1 style=\"text-align: center;\">Le forum des pr\u00e9sidents de conseil syndical aux Arcs<\/h1>\n<p>Comme annonc\u00e9 dans <strong><a href=\"https:\/\/www.trois-a.org\/index.php\/2022\/10\/10\/les-breves-de-3a-n19\/\" target=\"_blank\" rel=\"noopener\">les Br\u00e8ves de 3A n\u00b019<\/a><\/strong> (\u00ab 3A, courroie de transmission entre les pr\u00e9sidents de copropri\u00e9t\u00e9 ? \u00bb), 3A a mis en place d\u00e9but 2023 une liste d\u2019\u00e9changes \u00e9lectroniques pour faciliter sa communication avec les pr\u00e9sidents de copropri\u00e9t\u00e9 aux Arcs. Cette liste a \u00e9galement pour fonction explicite de permettre aux pr\u00e9sidents d\u2019\u00e9changer entre eux, ce qu\u2019ils ne manquent pas de faire, notamment afin de partager leurs exp\u00e9riences de gestion de copropri\u00e9t\u00e9, la r\u00e9novation des b\u00e2timents en \u00e9tant un des exemples les plus significatifs.<\/p>\n<p>La liste compte actuellement 55 copropri\u00e9t\u00e9s.<\/p>\n<hr \/>\n<p><a id=\"post-5317-Ev\u00e8nements3A\"><\/a><br \/>\n<strong><img decoding=\"async\" class=\"wp-image-5324 aligncenter\" src=\"https:\/\/www.trois-a.org\/wp-content\/uploads\/2023\/07\/une-image-contenant-interieur-habits-personne-c.jpeg\" alt=\"Une image contenant int\u00e9rieur, habits, personne, chaise Description g\u00e9n\u00e9r\u00e9e automatiquement\" width=\"598\" height=\"201\" srcset=\"https:\/\/www.trois-a.org\/wp-content\/uploads\/2023\/07\/une-image-contenant-interieur-habits-personne-c.jpeg 1108w, https:\/\/www.trois-a.org\/wp-content\/uploads\/2023\/07\/une-image-contenant-interieur-habits-personne-c-300x101.jpeg 300w, https:\/\/www.trois-a.org\/wp-content\/uploads\/2023\/07\/une-image-contenant-interieur-habits-personne-c-1024x345.jpeg 1024w, https:\/\/www.trois-a.org\/wp-content\/uploads\/2023\/07\/une-image-contenant-interieur-habits-personne-c-768x259.jpeg 768w\" sizes=\"(max-width: 598px) 100vw, 598px\" \/><\/strong><\/p>\n<h1 style=\"text-align: center;\">Les \u00e9v\u00e8nements 3A de l\u2019\u00e9t\u00e9<\/h1>\n<ul>\n<li>L\u2019AG 2023 de 3A se tiendra le jeudi 3 ao\u00fbt, dans le cadre traditionnel de \u00ab pr\u00e9lude\u00a0\u00bb \u00e0 la r\u00e9union d\u2019information des propri\u00e9taires organis\u00e9e par la mairie au centre Taillefer et suivie d\u2019un pot offert par 3A qui permet les \u00e9changes avec les acteurs de la station dans un cadre convivial.<\/li>\n<\/ul>\n<p>Rappelons que la mairie organise aussi une r\u00e9union d\u2019information pour les propri\u00e9taires en fin de saison d\u2019hiver, qui a eu lieu cette ann\u00e9e le 23 avril. On peut consulter <strong><a href=\"https:\/\/www.calameo.com\/read\/0056896169a0065c64ba0?page=1\" target=\"_blank\" rel=\"noopener\">les supports de pr\u00e9sentation de cette session<\/a><\/strong> sur le site \u00ab\u00a0Propri\u00e9taires\u00a0\u00bb de la station.<\/p>\n<ul>\n<li>La comp\u00e9tition de golf 3A aura lieu cette ann\u00e9e le 8 ao\u00fbt.<\/li>\n<li>Les <strong><a href=\"https:\/\/www.trois-a.org\/index.php\/2019\/07\/18\/reprise-de-lactivite-bridge\/\" target=\"_blank\" rel=\"noopener\">s\u00e9ances de bridge anim\u00e9es par Monique<\/a><\/strong> seront de nouveau au rendez-vous cet \u00e9t\u00e9 (derni\u00e8re semaine de juillet, premi\u00e8re quinzaine d\u2019ao\u00fbt).<\/li>\n<li>Nouvelle rencontre de 3A avec les pr\u00e9sidents le dimanche 30 juillet \u00e0 17h \u00e0 l\u2019h\u00f4tel La Cachette<\/li>\n<\/ul>\n<hr \/>\n<p><a id=\"post-5317-MontagneExp\u00e9rience\"><\/a><br \/>\n<img decoding=\"async\" class=\"wp-image-5325 aligncenter\" src=\"https:\/\/www.trois-a.org\/wp-content\/uploads\/2023\/07\/une-image-contenant-texte-police-logo-graphique.jpeg\" alt=\"Une image contenant texte, Police, logo, Graphique Description g\u00e9n\u00e9r\u00e9e automatiquement\" width=\"370\" height=\"175\" srcset=\"https:\/\/www.trois-a.org\/wp-content\/uploads\/2023\/07\/une-image-contenant-texte-police-logo-graphique.jpeg 666w, https:\/\/www.trois-a.org\/wp-content\/uploads\/2023\/07\/une-image-contenant-texte-police-logo-graphique-300x142.jpeg 300w\" sizes=\"(max-width: 370px) 100vw, 370px\" \/><\/p>\n<h1 style=\"text-align: center;\">Montagne exp\u00e9rience by ESF<\/h1>\n<p>L\u2019ESF d\u2019Arc 1600 propose un nouveau bouquet d\u2019activit\u00e9s appel\u00e9 <a href=\"https:\/\/mexarc160023.vercel.app\/\" target=\"_blank\" rel=\"noopener\"><strong>\u00ab\u00a0Montagne Exp\u00e9rience\u00a0\u00bb<\/strong>.<\/a><\/p>\n<p>Au programme\u00a0: parapente, eaux vives (rafting, hydrospeed et canyoning), accrobranche (\u00e0 S\u00e9ez), lasergame, golf et randonn\u00e9e en Quad.<\/p>\n<hr \/>\n<p><a id=\"post-5317-SkiAcademy\"><\/a><br \/>\n<a href=\"https:\/\/esf-academy-les-arcs-peisey.com\/\" target=\"_blank\" rel=\"noopener\"><img decoding=\"async\" class=\"wp-image-5326 aligncenter\" src=\"https:\/\/www.trois-a.org\/wp-content\/uploads\/2023\/07\/une-image-contenant-graphique-logo-clipart-poli.png\" alt=\"Une image contenant Graphique, logo, clipart, Police Description g\u00e9n\u00e9r\u00e9e automatiquement\" width=\"242\" height=\"242\" srcset=\"https:\/\/www.trois-a.org\/wp-content\/uploads\/2023\/07\/une-image-contenant-graphique-logo-clipart-poli.png 1000w, https:\/\/www.trois-a.org\/wp-content\/uploads\/2023\/07\/une-image-contenant-graphique-logo-clipart-poli-300x300.png 300w, https:\/\/www.trois-a.org\/wp-content\/uploads\/2023\/07\/une-image-contenant-graphique-logo-clipart-poli-150x150.png 150w, https:\/\/www.trois-a.org\/wp-content\/uploads\/2023\/07\/une-image-contenant-graphique-logo-clipart-poli-768x768.png 768w\" sizes=\"(max-width: 242px) 100vw, 242px\" \/><\/a><\/p>\n<p>&nbsp;<\/p>\n<h1 style=\"text-align: center;\">Les ESF des Arcs et de Peisey Vallandry lancent la \u00ab\u00a0Ski Academy\u00a0\u00bb<\/h1>\n<p>Comme chacun sait, les Arcs font partie des stations pour lesquelles l\u2019enneigement permettra encore la pratique du ski pour de nombreuses d\u00e9cennies\u00a0: le m\u00e9tier de moniteur a encore un avenir dans notre station. Les ESF des Arcs et de Peisey Vallandry ont mis en place un programme d\u2019accompagnement des vocations des jeunes skieurs \u00ab\u00a0qui ont la p\u00eache\u00a0\u00bb pour ce m\u00e9tier\u00a0: <strong><a href=\"https:\/\/esf-academy-les-arcs-peisey.com\/\" target=\"_blank\" rel=\"noopener\">la \u00ab\u00a0Ski Academy\u00a0\u00bb<\/a><\/strong>. Le partenariat de ce programme avec <strong><a href=\"https:\/\/www.hautetarentaise.fr\/12582-le-campus-alpin.htm\" target=\"_blank\" rel=\"noopener\">le Campus Alpin<\/a><\/strong> est un bel exemple de la pertinence de la mise en place par la commune de cette institution qui permet de poursuivre des \u00e9tudes sup\u00e9rieures \u00e0 Bourg Saint Maurice, promesse de la possibilit\u00e9 d\u2019attirer ou de garder sur place \u00e0 l\u2019avenir de brillants cerveaux.<\/p>\n<p><img decoding=\"async\" width=\"370\" height=\"523\" class=\"wp-image-5327 aligncenter\" src=\"https:\/\/www.trois-a.org\/wp-content\/uploads\/2023\/07\/une-image-contenant-texte-visage-humain-femme-h.jpeg\" alt=\"Une image contenant texte, Visage humain, femme, habits Description g\u00e9n\u00e9r\u00e9e automatiquement\" srcset=\"https:\/\/www.trois-a.org\/wp-content\/uploads\/2023\/07\/une-image-contenant-texte-visage-humain-femme-h.jpeg 370w, https:\/\/www.trois-a.org\/wp-content\/uploads\/2023\/07\/une-image-contenant-texte-visage-humain-femme-h-212x300.jpeg 212w\" sizes=\"(max-width: 370px) 100vw, 370px\" \/><\/p>\n<hr \/>\n<p>&nbsp;<\/p>\n<h1 style=\"text-align: center;\"><img decoding=\"async\" class=\" wp-image-5333 aligncenter\" src=\"https:\/\/www.trois-a.org\/wp-content\/uploads\/2023\/07\/Reunion-publique-Arc-1600-modifiee-212x300.jpg\" alt=\"\" width=\"308\" height=\"435\" srcset=\"https:\/\/www.trois-a.org\/wp-content\/uploads\/2023\/07\/Reunion-publique-Arc-1600-modifiee-212x300.jpg 212w, https:\/\/www.trois-a.org\/wp-content\/uploads\/2023\/07\/Reunion-publique-Arc-1600-modifiee-724x1024.jpg 724w, https:\/\/www.trois-a.org\/wp-content\/uploads\/2023\/07\/Reunion-publique-Arc-1600-modifiee-768x1086.jpg 768w, https:\/\/www.trois-a.org\/wp-content\/uploads\/2023\/07\/Reunion-publique-Arc-1600-modifiee-1086x1536.jpg 1086w, https:\/\/www.trois-a.org\/wp-content\/uploads\/2023\/07\/Reunion-publique-Arc-1600-modifiee-1448x2048.jpg 1448w, https:\/\/www.trois-a.org\/wp-content\/uploads\/2023\/07\/Reunion-publique-Arc-1600-modifiee-1320x1867.jpg 1320w, https:\/\/www.trois-a.org\/wp-content\/uploads\/2023\/07\/Reunion-publique-Arc-1600-modifiee.jpg 1653w\" sizes=\"(max-width: 308px) 100vw, 308px\" \/><\/h1>\n<h1 style=\"text-align: center;\">R\u00e9union de concertation sur le stationnement payant \u00e0 Arc 1600<\/h1>\n<p>La mairie organise une r\u00e9union d\u2019information sur le projet de stationnement payant \u00e0 1600 pour les propri\u00e9taires d\u2019Arc 1600 le jeudi 3 ao\u00fbt \u00e0 10h30 \u00e0 la Coupole. Des propositions d\u2019am\u00e9nagement de ces futures installations, pr\u00e9sent\u00e9es pour discussion, ont \u00e9t\u00e9 \u00e9labor\u00e9es en concertation avec les pr\u00e9sidents des copropri\u00e9t\u00e9s propri\u00e9taires des principales emprises de parking seront pr\u00e9sent\u00e9es pour discussion. Plus d\u2019information <strong><a href=\"https:\/\/www.trois-a.org\/wp-content\/uploads\/2023\/07\/Presentation-stationnement-payant-Arc-1600.pdf\" target=\"_blank\" rel=\"noopener\">en cliquant ici<\/a><\/strong> (ou en scannant le QR-code de l\u2019affiche ci-dessus).<\/p>\n<hr \/>\n<p><a id=\"post-5317-RencontrePr\u00e9sidents\"><\/a><br \/>\n<img decoding=\"async\" width=\"300\" height=\"220\" class=\"wp-image-5328 aligncenter\" src=\"https:\/\/www.trois-a.org\/wp-content\/uploads\/2023\/07\/une-image-contenant-personne-visage-humain-habit.jpeg\" alt=\"Une image contenant personne, Visage humain, habits, homme Description g\u00e9n\u00e9r\u00e9e automatiquement\" \/><\/p>\n<h1 style=\"text-align: center;\">3A rencontre les pr\u00e9sidents de copropri\u00e9t\u00e9<\/h1>\n<p>3A a <strong><a href=\"https:\/\/www.trois-a.org\/index.php\/2023\/06\/13\/la-rencontre-3a-presidents-du-2-avril-2023\/\" target=\"_blank\" rel=\"noopener\">rencontr\u00e9 les pr\u00e9sidents de copropri\u00e9t\u00e9 aux Arcs<\/a><\/strong> dans une ambiance conviviale le 2 avril dernier. Malgr\u00e9 quelques imperfections techniques, l\u2019essentiel de la r\u00e9union a \u00e9t\u00e9<strong> <a href=\"https:\/\/www.youtube.com\/watch?v=Wx-4iBIf91E\" target=\"_blank\" rel=\"noopener\">diffus\u00e9 en direct<\/a><\/strong>, avec une nombreuse assistance \u00e0 distance (jusqu\u2019\u00e0 27 personnes connect\u00e9es). Il est possible de consulter le programme, les supports de pr\u00e9sentation et l\u2019enregistrement de cet \u00e9v\u00e8nement dans <strong><a href=\"https:\/\/www.trois-a.org\/index.php\/2023\/06\/13\/la-rencontre-3a-presidents-du-2-avril-2023\/\" target=\"_blank\" rel=\"noopener\">cet article du site de 3A<\/a><\/strong>.<\/p>\n<p>Devant le succ\u00e8s de cette rencontre, mais aussi la demande de pr\u00e9sidents n\u2019ayant pas pu y assister, 3A la r\u00e9\u00e9ditera cet \u00e9t\u00e9 le dimanche 30 juillet \u00e0 17h. M\u00eame lieu (h\u00f4tel La Cachette), m\u00eame heure (17h).<\/p>\n<hr \/>\n<p><a id=\"post-5317-festival\"><\/a><br \/>\n<img decoding=\"async\" class=\"wp-image-5329 aligncenter\" src=\"https:\/\/www.trois-a.org\/wp-content\/uploads\/2023\/07\/une-image-contenant-personne-sport-mur-coude-d.jpeg\" alt=\"Une image contenant personne, sport, mur, Coude Description g\u00e9n\u00e9r\u00e9e automatiquement\" width=\"557\" height=\"325\" srcset=\"https:\/\/www.trois-a.org\/wp-content\/uploads\/2023\/07\/une-image-contenant-personne-sport-mur-coude-d.jpeg 600w, https:\/\/www.trois-a.org\/wp-content\/uploads\/2023\/07\/une-image-contenant-personne-sport-mur-coude-d-300x175.jpeg 300w\" sizes=\"(max-width: 557px) 100vw, 557px\" \/><\/p>\n<h1 style=\"text-align: center;\">Le festival de musique f\u00eate ses 50 ans\u00a0: r\u00e9servez vos places\u00a0!<\/h1>\n<p>Qui aurait pu esp\u00e9rer, m\u00eame en r\u00eave, pouvoir faire partie des premi\u00e8res loges et admirer nos artistes mondialement reconnus comme les fr\u00e8res Capu\u00e7on, Benjamin Millepied et tant d\u2019autres, et ceci de surcroit gratuitement ? Une opportunit\u00e9 sans doute unique, dont m\u00eame nos propri\u00e9taires et touristes ne peuvent profiter aussi facilement depuis leur capitale. Quelle chance pour notre communaut\u00e9 des Arcs, habitants locaux, enfants, amis, toute la vall\u00e9e, de pouvoir b\u00e9n\u00e9ficier d\u2019un tel cadeau !<\/p>\n<p>Le <strong><a href=\"https:\/\/festivaldesarcs.com\/\" target=\"_blank\" rel=\"noopener\">festival de musique des Arcs<\/a><\/strong> figure parmi les fleurons de l\u2019image de marque des Arcs. Fid\u00e8le \u00e0 sa tradition de gratuit\u00e9 des concerts, il offrira, lors de l\u2019\u00e9dition 2023, un rassemblement de personnalit\u00e9s du monde musical et de la danse l\u2019ayant fr\u00e9quent\u00e9 par le pass\u00e9 dans une r\u00e9trospective flamboyante. Malheureusement, on ne peut pas repousser les murs du Centre Taillefer ou de la Coupole, les \u00e9picentres de l\u2019\u00e9v\u00e8nement, qui rayonne maintenant bien au-del\u00e0 des Arcs : certains concerts aux intervenants prestigieux, risquant de se jouer \u00e0 guichet ferm\u00e9, font l\u2019objet d\u2019une r\u00e9servation pr\u00e9alable, valable jusqu\u2019\u00e0 10 mn avant le d\u00e9but des concerts. Il est conseill\u00e9 de r\u00e9server en cliquant <strong><a href=\"https:\/\/www.helloasso.com\/associations\/musique-et-danse-aux-arcs\/evenements\/reservations-concerts-festival-des-arcs\" target=\"_blank\" rel=\"noopener\">sur ce lien<\/a><\/strong>.<\/p>\n<hr \/>\n<p><a id=\"post-5317-TREX\"><\/a><br \/>\n<strong><img decoding=\"async\" class=\"wp-image-5330 aligncenter\" src=\"https:\/\/www.trois-a.org\/wp-content\/uploads\/2023\/07\/une-image-contenant-texte-capture-decran-police.jpeg\" alt=\"Une image contenant texte, capture d\u2019\u00e9cran, Police Description g\u00e9n\u00e9r\u00e9e automatiquement\" width=\"658\" height=\"249\" srcset=\"https:\/\/www.trois-a.org\/wp-content\/uploads\/2023\/07\/une-image-contenant-texte-capture-decran-police.jpeg 1260w, https:\/\/www.trois-a.org\/wp-content\/uploads\/2023\/07\/une-image-contenant-texte-capture-decran-police-300x113.jpeg 300w, https:\/\/www.trois-a.org\/wp-content\/uploads\/2023\/07\/une-image-contenant-texte-capture-decran-police-1024x387.jpeg 1024w, https:\/\/www.trois-a.org\/wp-content\/uploads\/2023\/07\/une-image-contenant-texte-capture-decran-police-768x290.jpeg 768w\" sizes=\"(max-width: 658px) 100vw, 658px\" \/><\/strong><\/p>\n<h1 style=\"text-align: center;\">T-REX \u00e9dition 2023<\/h1>\n<p>3A n\u2019a h\u00e9las pas pu participer comme elle l\u2019a fait l\u2019ann\u00e9e derni\u00e8re (voir l\u2019article \u00ab\u00a0<a href=\"https:\/\/www.trois-a.org\/index.php\/2022\/06\/22\/les-arcs-destination-de-plus-en-plus-responsable\/\" target=\"_blank\" rel=\"noopener\"><strong>Les Arcs, destination de plus en plus responsable\u00a0?<\/strong>\u00a0<\/a>\u00bb) \u00e0 l\u2019\u00e9dition 2023 (la deuxi\u00e8me) de cet \u00e9v\u00e8nement qui semble bien parti pour devenir <strong>le<\/strong> rendez-vous annuel des \u00ab\u00a0acteurs de la transition\u00a0\u00bb de la r\u00e9gion.<\/p>\n<p>Les pr\u00e9sentations sont <strong><a href=\"https:\/\/www.lesarcs.com\/que-faire-aux-arcs\/evenements-ete\/trex\/intervenant\" target=\"_blank\" rel=\"noopener\">l\u00e0<\/a><\/strong>, les photos sont <strong><a href=\"https:\/\/adminphoto.lesarcs.com\/p?t=b6UjGB9I1#\/share\" target=\"_blank\" rel=\"noopener\">ici<\/a>.<\/strong><\/p>\n<p><img decoding=\"async\" class=\" wp-image-5355 aligncenter\" src=\"https:\/\/www.trois-a.org\/wp-content\/uploads\/2023\/07\/T.REX-2023-300x200.jpeg\" alt=\"\" width=\"507\" height=\"338\" srcset=\"https:\/\/www.trois-a.org\/wp-content\/uploads\/2023\/07\/T.REX-2023-300x200.jpeg 300w, https:\/\/www.trois-a.org\/wp-content\/uploads\/2023\/07\/T.REX-2023-1024x683.jpeg 1024w, https:\/\/www.trois-a.org\/wp-content\/uploads\/2023\/07\/T.REX-2023-768x512.jpeg 768w, https:\/\/www.trois-a.org\/wp-content\/uploads\/2023\/07\/T.REX-2023.jpeg 1200w\" sizes=\"(max-width: 507px) 100vw, 507px\" \/><\/p>\n<hr \/>\n<p><a id=\"post-5317-CDA\"><\/a><br \/>\n<img decoding=\"async\" class=\"wp-image-5331 aligncenter\" src=\"https:\/\/www.trois-a.org\/wp-content\/uploads\/2023\/07\/une-image-contenant-graphique-logo-police-graph.png\" alt=\"Une image contenant Graphique, logo, Police, graphisme Description g\u00e9n\u00e9r\u00e9e automatiquement\" width=\"442\" height=\"188\" srcset=\"https:\/\/www.trois-a.org\/wp-content\/uploads\/2023\/07\/une-image-contenant-graphique-logo-police-graph.png 1000w, https:\/\/www.trois-a.org\/wp-content\/uploads\/2023\/07\/une-image-contenant-graphique-logo-police-graph-300x128.png 300w, https:\/\/www.trois-a.org\/wp-content\/uploads\/2023\/07\/une-image-contenant-graphique-logo-police-graph-768x327.png 768w\" sizes=\"(max-width: 442px) 100vw, 442px\" \/><\/p>\n<h1 style=\"text-align: center;\">La \u00ab\u00a0Raison d\u2019\u00eatre\u00a0\u00bb de la CDA\u00a0: une assurance pour la p\u00e9rennit\u00e9 de notre patrimoine\u00a0?<\/h1>\n<p>La Compagnie des Alpes, dont ADS (l\u2019op\u00e9rateur des remont\u00e9es m\u00e9caniques de notre station) est une filiale, a d\u00e9voil\u00e9 lors de l\u2019assembl\u00e9e g\u00e9n\u00e9rale du 9 mars dernier sa <strong><a href=\"https:\/\/news.compagniedesalpes.com\/engagements-renoncements\/\" target=\"_blank\" rel=\"noopener\">\u00ab\u00a0Raison d\u2019\u00eatre\u00a0\u00bb<\/a><\/strong> concr\u00e9tis\u00e9e par un spectaculaire plan d\u2019action pour faire face au d\u00e9fi que repr\u00e9sente le r\u00e9chauffement climatique pour l\u2019avenir des stations de sport d\u2019hiver, et donc des Arcs.<\/p>\n<p>Nous vous encourageons \u00e0 prendre connaissance de son \u00ab <strong><a href=\"https:\/\/engagements.compagniedesalpes.com\" target=\"_blank\" rel=\"noopener\">vademecum<\/a><\/strong> \u00bb, qui d\u00e9taille 9 engagements, eux-m\u00eames balis\u00e9s de jalons, suivis de 5 renoncements majeurs. Tout un programme !<\/p>\n<p>3A ne peut que se f\u00e9liciter de cette initiative. En voulant privil\u00e9gier le fond sur le jargon technocratique de la forme, elle reste consciente de l\u2019aspect forc\u00e9ment marketing de la d\u00e9marche. De plus, elle constate que notre station se place probablement dans le peloton des \u00ab bons \u00e9l\u00e8ves \u00bb de la CDA, ayant par exemple remport\u00e9 l\u2019ann\u00e9e derni\u00e8re <strong><a href=\"https:\/\/mesinfos.fr\/auvergne-rhone-alpes\/mountain-planet-les-arcs-remportent-le-trophee-de-l-ecodamage-107710.html\" target=\"_blank\" rel=\"noopener\">le troph\u00e9e de l\u2019\u00e9codamage<\/a><\/strong>, et ADS finan\u00e7ant depuis plusieurs ann\u00e9es <strong><a href=\"https:\/\/www.youtube.com\/watch?v=IqE7SBKpecs\" target=\"_blank\" rel=\"noopener\">le collectif \u00ab\u00a0La Ruche\u00a0\u00bb<\/a><\/strong>. Rappelons ici la br\u00e8ve \u00ab\u00a0Les Arcs, une destination (de plus en plus) responsable ?\u00a0\u00bb extraite des <strong><a href=\"https:\/\/www.trois-a.org\/wp-content\/uploads\/2022\/07\/Breves-18.pdf\" target=\"_blank\" rel=\"noopener\">Br\u00e8ves de 3A n\u00b018<\/a><\/strong>.<\/p>\n<p>L\u2019existence d\u2019une telle perspective renforce le r\u00f4le de vigilance que 3A a toujours rempli vis-\u00e0-vis du respect des engagements que tel ou tel acteur de la station peut afficher. Elle est aussi l\u2019occasion de faire entendre la voix des propri\u00e9taires, un peu oubli\u00e9e dans ce document qui lui-m\u00eame s&rsquo;inscrit dans ce processus de transition \u00e9nerg\u00e9tique, \u00e9conomique et soci\u00e9tale qui assurera la p\u00e9rennit\u00e9 de notre patrimoine.<\/p>\n<hr \/>\n<p><a id=\"post-5317-Site3A\"><\/a><br \/>\n<img decoding=\"async\" class=\"wp-image-5332 aligncenter\" src=\"https:\/\/www.trois-a.org\/wp-content\/uploads\/2023\/07\/une-image-contenant-texte-police-ligne-capture.jpeg\" alt=\"Une image contenant texte, Police, ligne, capture d\u2019\u00e9cran Description g\u00e9n\u00e9r\u00e9e automatiquement\" width=\"628\" height=\"200\" srcset=\"https:\/\/www.trois-a.org\/wp-content\/uploads\/2023\/07\/une-image-contenant-texte-police-ligne-capture.jpeg 1942w, https:\/\/www.trois-a.org\/wp-content\/uploads\/2023\/07\/une-image-contenant-texte-police-ligne-capture-300x95.jpeg 300w, https:\/\/www.trois-a.org\/wp-content\/uploads\/2023\/07\/une-image-contenant-texte-police-ligne-capture-1024x326.jpeg 1024w, https:\/\/www.trois-a.org\/wp-content\/uploads\/2023\/07\/une-image-contenant-texte-police-ligne-capture-768x244.jpeg 768w, https:\/\/www.trois-a.org\/wp-content\/uploads\/2023\/07\/une-image-contenant-texte-police-ligne-capture-1536x489.jpeg 1536w, https:\/\/www.trois-a.org\/wp-content\/uploads\/2023\/07\/une-image-contenant-texte-police-ligne-capture-1320x420.jpeg 1320w\" sizes=\"(max-width: 628px) 100vw, 628px\" \/><\/p>\n<h1 style=\"text-align: center;\">Sur le site de 3A<\/h1>\n<p>Ne manquez pas de consulter ces articles publi\u00e9s r\u00e9cemment sur le site de 3A\u00a0:<\/p>\n<p><a href=\"https:\/\/www.trois-a.org\/index.php\/2023\/06\/14\/le-festival-de-musique-a-besoin-de-vous\/\" target=\"_blank\" rel=\"noopener\"><strong>Le festival de musique a besoin de vous<\/strong><\/a><\/p>\n<p>Il est toujours temps de donner un coup de main\u2026<\/p>\n<p><a href=\"https:\/\/www.trois-a.org\/index.php\/2023\/05\/19\/connaissez-vous-marielle-berger\/\" target=\"_blank\" rel=\"noopener\"><strong>Connaissez-vous Marielle Berger\u00a0?<\/strong><\/a><\/p>\n<p>Portrait d\u2019une championne des Arcs<\/p>\n<p><a href=\"https:\/\/www.trois-a.org\/index.php\/2023\/06\/06\/lisez-le-bulletin-de-lassociation-de-proprietaires-de-peisey-vallandry\/\" target=\"_blank\" rel=\"noopener\"><strong>Lisez le bulletin de l\u2019association des propri\u00e9taires de Peisey Vallandry<\/strong><\/a><\/p>\n<p>Toujours aussi riche en informations<\/p>\n<p><a href=\"https:\/\/www.trois-a.org\/index.php\/2023\/06\/09\/vers-un-festival-de-bridge-aux-arcs\/\" target=\"_blank\" rel=\"noopener\"><strong>Vers un festival de bridge aux Arcs<\/strong><\/a><\/p>\n<p>Une initiative de 3A pour \u00e9tendre les activit\u00e9s de la station. Intervenants prestigieux.<\/p>\n<p><a href=\"https:\/\/www.trois-a.org\/index.php\/2023\/06\/26\/associer-heritage-architectural-et-enjeux-energetiques\/\" target=\"_blank\" rel=\"noopener\"><strong>\u00c9tude\u00a0Patrimoine architectural d\u2019Arc 1600 et Arc 1800 et transition \u00e9nerg\u00e9tique<\/strong><\/a><\/p>\n<p>Une \u00e9tude qui s\u2019inscrit dans le Projet de territoire de la commune qui va tracer la route des Arcs et Bourg Saint Maurice dans les ann\u00e9es voire les d\u00e9cennies \u00e0 venir<\/p>\n<hr \/>\n<p>L\u2019existence et le pouvoir d\u2019influence de 3A de\u0301pendent de votre soutien. Rejoignez-nous ou renouvelez votre adhe\u0301sion en vous rendant\u00a0<a href=\"https:\/\/www.trois-a.org\/index.php\/adhesion\/\" target=\"_blank\" rel=\"noopener\"><strong>sur cette page<\/strong><\/a>.<\/p>\n<hr \/>\n<p>Vous pouvez interagir avec nous :<\/p>\n<ul>\n<li>en utilisant\u00a0<a href=\"https:\/\/www.trois-a.org\/index.php\/exprimez-vous\/\" target=\"_blank\" rel=\"noopener\"><strong>la rubrique \u00ab Exprimez-vous \u00bb<\/strong><\/a>\u00a0(en haut a\u0300 droite de chaque page du site)<\/li>\n<li>en envoyant un mail a\u0300\u00a0<a href=\"mailto:contact@trois-a.org\">contact@trois-a.org<\/a><\/li>\n<li>en postant un commentaire sur un article du site (ce qui permettra de dialoguer \u00e9galement avec les autres propri\u00e9taires)<\/li>\n<li>en participant aux r\u00e9unions \u00ab Propri\u00e9taire aux Arcs \u00bb que 3A organise r\u00e9guli\u00e8rement aux Arcs.<\/li>\n<\/ul>\n<p style=\"text-align: center;\">\u00a9 Avenir et Animation des Arcs 2023<\/p>\n","protected":false},"excerpt":{"rendered":"<p>Article en acc\u00e8s libre T\u00e9l\u00e9charger la version pdf (717 Ko) Les Br\u00e8ves de 3A n\u00b021 Juillet 2023 Tous les anciens nume\u0301ros des Bre\u0300ves de 3A sont disponibles en libre acce\u0300s ici. &nbsp; Dans ce num\u00e9ro L\u2019\u00e9dito du pr\u00e9sident La nouvelle tarification de l\u2019eau aux Arcs Le forum des pr\u00e9sidents de conseil syndical aux Arcs Les &#8230;<\/p>\n","protected":false},"author":386,"featured_media":5361,"comment_status":"open","ping_status":"closed","sticky":false,"template":"","format":"standard","meta":{"footnotes":""},"categories":[12,39,38,28,1],"tags":[48],"class_list":["post-5317","post","type-post","status-publish","format-standard","has-post-thumbnail","hentry","category-3a","category-actualite","category-breve","category-newsletter","category-non-classe","tag-article-en-acces-libre"],"_links":{"self":[{"href":"https:\/\/www.trois-a.org\/index.php\/wp-json\/wp\/v2\/posts\/5317","targetHints":{"allow":["GET"]}}],"collection":[{"href":"https:\/\/www.trois-a.org\/index.php\/wp-json\/wp\/v2\/posts"}],"about":[{"href":"https:\/\/www.trois-a.org\/index.php\/wp-json\/wp\/v2\/types\/post"}],"author":[{"embeddable":true,"href":"https:\/\/www.trois-a.org\/index.php\/wp-json\/wp\/v2\/users\/386"}],"replies":[{"embeddable":true,"href":"https:\/\/www.trois-a.org\/index.php\/wp-json\/wp\/v2\/comments?post=5317"}],"version-history":[{"count":22,"href":"https:\/\/www.trois-a.org\/index.php\/wp-json\/wp\/v2\/posts\/5317\/revisions"}],"predecessor-version":[{"id":5764,"href":"https:\/\/www.trois-a.org\/index.php\/wp-json\/wp\/v2\/posts\/5317\/revisions\/5764"}],"wp:featuredmedia":[{"embeddable":true,"href":"https:\/\/www.trois-a.org\/index.php\/wp-json\/wp\/v2\/media\/5361"}],"wp:attachment":[{"href":"https:\/\/www.trois-a.org\/index.php\/wp-json\/wp\/v2\/media?parent=5317"}],"wp:term":[{"taxonomy":"category","embeddable":true,"href":"https:\/\/www.trois-a.org\/index.php\/wp-json\/wp\/v2\/categories?post=5317"},{"taxonomy":"post_tag","embeddable":true,"href":"https:\/\/www.trois-a.org\/index.php\/wp-json\/wp\/v2\/tags?post=5317"}],"curies":[{"name":"wp","href":"https:\/\/api.w.org\/{rel}","templated":true}]}}