{"id":4916,"date":"2023-02-03T15:41:49","date_gmt":"2023-02-03T14:41:49","guid":{"rendered":"https:\/\/www.trois-a.org\/?p=4916"},"modified":"2025-05-26T10:33:35","modified_gmt":"2025-05-26T08:33:35","slug":"tentative-de-record-du-monde-de-descente-aux-flambeaux","status":"publish","type":"post","link":"https:\/\/www.trois-a.org\/index.php\/2023\/02\/03\/tentative-de-record-du-monde-de-descente-aux-flambeaux\/","title":{"rendered":"Tentative de record du monde de descente aux flambeaux"},"content":{"rendered":"<p><img decoding=\"async\" class=\" wp-image-4961 aligncenter\" src=\"https:\/\/www.trois-a.org\/wp-content\/uploads\/2023\/02\/vue-drone-300x184.jpg\" alt=\"\" width=\"644\" height=\"395\" srcset=\"https:\/\/www.trois-a.org\/wp-content\/uploads\/2023\/02\/vue-drone-300x184.jpg 300w, https:\/\/www.trois-a.org\/wp-content\/uploads\/2023\/02\/vue-drone-1024x627.jpg 1024w, https:\/\/www.trois-a.org\/wp-content\/uploads\/2023\/02\/vue-drone-768x470.jpg 768w, https:\/\/www.trois-a.org\/wp-content\/uploads\/2023\/02\/vue-drone-1536x940.jpg 1536w, https:\/\/www.trois-a.org\/wp-content\/uploads\/2023\/02\/vue-drone-2048x1253.jpg 2048w, https:\/\/www.trois-a.org\/wp-content\/uploads\/2023\/02\/vue-drone-1320x808.jpg 1320w\" sizes=\"(max-width: 644px) 100vw, 644px\" \/><\/p>\n<div id=\"framed_box_baeee8e2c69f55cbf295c61e55e1ad21\" class=\"framed_box rounded\" style=\"border-width:4px;\">\n\t<div class=\"framed_box_content\" style=\"background-color:rgba(206,226,223,1);\">\n\t\tMise \u00e0 jour 23 f\u00e9vrier. Record (auto)battu, et bien battu ! 3593 participants contre 2887 en 2016. Avis aux autres stations! F\u00e9licitations \u00e0 \u00c9ric Chevalier directeur de l&rsquo;office du tourisme des Arcs, et \u00e0 toute l&rsquo;\u00e9quipe d&rsquo;organisation, et \u00e0 Laurent Ducreux, pilier (r\u00e9cidiviste) de cet \u00e9v\u00e8nement. Revivez-le avec <a href=\"https:\/\/www.trois-a.org\/wp-content\/uploads\/2023\/02\/Record-22-fevrier-2023.mp4\" target=\"_blank\" rel=\"noopener\">ce spectaculaire reportage<\/a>, ou consultez les larges \u00e9chos dans la presse, par exemple <a href=\"https:\/\/france3-regions.francetvinfo.fr\/auvergne-rhone-alpes\/savoie\/video-la-station-de-ski-des-arcs-bat-le-record-du-monde-de-descente-aux-flambeaux-2719538.html?utm_term=Autofeed&amp;utm_medium=Social&amp;utm_source=Facebook#Echobox=1677142393\" target=\"_blank\" rel=\"noopener\">France3<\/a>.\n\t\t<div class=\"framed_box_space\"><\/div>\n\t<\/div>\n<\/div>\n\n<p>&nbsp;<\/p>\n<p><a href=\"https:\/\/www.trois-a.org\/wp-content\/uploads\/2023\/02\/Flash-info-Tentative-de-Record-du-Monde-de-Descente-aux-Flambeaux-220223.pdf\" target=\"_blank\" rel=\"noopener\"><img decoding=\"async\" class=\" wp-image-4917 aligncenter\" src=\"https:\/\/www.trois-a.org\/wp-content\/uploads\/2023\/02\/Affiche-record-du-monde-de-descente-aux-flambeaux-def-logo-portrait-212x300.jpg\" alt=\"\" width=\"342\" height=\"484\" srcset=\"https:\/\/www.trois-a.org\/wp-content\/uploads\/2023\/02\/Affiche-record-du-monde-de-descente-aux-flambeaux-def-logo-portrait-212x300.jpg 212w, https:\/\/www.trois-a.org\/wp-content\/uploads\/2023\/02\/Affiche-record-du-monde-de-descente-aux-flambeaux-def-logo-portrait-724x1024.jpg 724w, https:\/\/www.trois-a.org\/wp-content\/uploads\/2023\/02\/Affiche-record-du-monde-de-descente-aux-flambeaux-def-logo-portrait.jpg 764w\" sizes=\"(max-width: 342px) 100vw, 342px\" \/><\/a><\/p>\n<p>Le 22 f\u00e9vrier prochain, les Arcs tenteront de battre le record de participation \u00e0 une descente aux flambeaux, record d\u00e9tenu par &#8230;les Arcs depuis 2016.<\/p>\n<p>Si vous \u00eates sur place, ne manquez pas <a href=\"https:\/\/www.trois-a.org\/wp-content\/uploads\/2023\/02\/Flash-info-Tentative-de-Record-du-Monde-de-Descente-aux-Flambeaux-220223.pdf\" target=\"_blank\" rel=\"noopener\">cet \u00e9v\u00e8nement<\/a>.<\/p>\n<p>Tous les d\u00e9tails en cliquant sur l&rsquo;affiche ci-dessus.<\/p>\n","protected":false},"excerpt":{"rendered":"<p>&nbsp; Le 22 f\u00e9vrier prochain, les Arcs tenteront de battre le record de participation \u00e0 une descente aux flambeaux, record d\u00e9tenu par &#8230;les Arcs depuis 2016. Si vous \u00eates sur place, ne manquez pas cet \u00e9v\u00e8nement. Tous les d\u00e9tails en cliquant sur l&rsquo;affiche ci-dessus.<\/p>\n","protected":false},"author":386,"featured_media":4917,"comment_status":"open","ping_status":"closed","sticky":false,"template":"","format":"standard","meta":{"footnotes":""},"categories":[39],"tags":[48],"class_list":["post-4916","post","type-post","status-publish","format-standard","has-post-thumbnail","hentry","category-actualite","tag-article-en-acces-libre"],"_links":{"self":[{"href":"https:\/\/www.trois-a.org\/index.php\/wp-json\/wp\/v2\/posts\/4916","targetHints":{"allow":["GET"]}}],"collection":[{"href":"https:\/\/www.trois-a.org\/index.php\/wp-json\/wp\/v2\/posts"}],"about":[{"href":"https:\/\/www.trois-a.org\/index.php\/wp-json\/wp\/v2\/types\/post"}],"author":[{"embeddable":true,"href":"https:\/\/www.trois-a.org\/index.php\/wp-json\/wp\/v2\/users\/386"}],"replies":[{"embeddable":true,"href":"https:\/\/www.trois-a.org\/index.php\/wp-json\/wp\/v2\/comments?post=4916"}],"version-history":[{"count":8,"href":"https:\/\/www.trois-a.org\/index.php\/wp-json\/wp\/v2\/posts\/4916\/revisions"}],"predecessor-version":[{"id":4964,"href":"https:\/\/www.trois-a.org\/index.php\/wp-json\/wp\/v2\/posts\/4916\/revisions\/4964"}],"wp:featuredmedia":[{"embeddable":true,"href":"https:\/\/www.trois-a.org\/index.php\/wp-json\/wp\/v2\/media\/4917"}],"wp:attachment":[{"href":"https:\/\/www.trois-a.org\/index.php\/wp-json\/wp\/v2\/media?parent=4916"}],"wp:term":[{"taxonomy":"category","embeddable":true,"href":"https:\/\/www.trois-a.org\/index.php\/wp-json\/wp\/v2\/categories?post=4916"},{"taxonomy":"post_tag","embeddable":true,"href":"https:\/\/www.trois-a.org\/index.php\/wp-json\/wp\/v2\/tags?post=4916"}],"curies":[{"name":"wp","href":"https:\/\/api.w.org\/{rel}","templated":true}]}}