{"id":490,"date":"2016-09-19T15:29:08","date_gmt":"2016-09-19T13:29:08","guid":{"rendered":"https:\/\/www.trois-a.org\/?p=490"},"modified":"2017-11-08T18:13:14","modified_gmt":"2017-11-08T17:13:14","slug":"forfaits-hiver-2016-2017-la-nouvelle-grille-tarifaire","status":"publish","type":"post","link":"https:\/\/www.trois-a.org\/index.php\/2016\/09\/19\/forfaits-hiver-2016-2017-la-nouvelle-grille-tarifaire\/","title":{"rendered":"Forfaits hiver 2016-2017: la nouvelle grille tarifaire"},"content":{"rendered":"<p>ADS a publi\u00e9 la grille tarifaire des forfaits pour l&rsquo;hiver 2016-2017 qui fait appara\u00eetre les \u00ab\u00a0nouveaut\u00e9s\u00a0\u00bb suivantes: de forfaits 2016\/2017, vous verrez quelques subtiles modifications de la part d&rsquo;ADS sur les grilles de prix&#8230;<\/p>\n<p><a href=\"http:\/\/www.lesarcs.com\/ski\/forfaits-ski\/les-arcs-peisey-vallandry.html#ong333\"><br \/>\n<img decoding=\"async\" src=\"https:\/\/www.trois-a.org\/wp-content\/uploads\/2016\/09\/forfaits_2016-2017.png\" alt=\"forfait 2016-2017\" width=\"1020\" height=\"\" class=\"aligncenter size-full wp-image-492\" srcset=\"https:\/\/www.trois-a.org\/wp-content\/uploads\/2016\/09\/forfaits_2016-2017.png 1053w, https:\/\/www.trois-a.org\/wp-content\/uploads\/2016\/09\/forfaits_2016-2017-123x300.png 123w, https:\/\/www.trois-a.org\/wp-content\/uploads\/2016\/09\/forfaits_2016-2017-768x1867.png 768w, https:\/\/www.trois-a.org\/wp-content\/uploads\/2016\/09\/forfaits_2016-2017-421x1024.png 421w\" sizes=\"(max-width: 1053px) 100vw, 1053px\" \/><\/a><\/p>\n<ul>\n<li>Le tarif Enfant s&rsquo;arr\u00eate d\u00e9sormais \u00e0 12 ans au lieu de 13 ans.<\/li>\n<li>La gratuit\u00e9 pour les s\u00e9niors est est repouss\u00e9 de 72 \u00e0 75 ans.<\/li>\n<li>Les forfaits 4 heures remplacent les forfaits apr\u00e8s-midi><\/li>\n<\/ul>\n<p>Et une incoh\u00e9rence: une journ\u00e9e adulte 52 euros&#8230; mais 3 jours 159 euros<\/p>\n","protected":false},"excerpt":{"rendered":"<p>ADS a publi\u00e9 la grille tarifaire des forfaits pour l&rsquo;hiver 2016-2017 qui fait appara\u00eetre les \u00ab\u00a0nouveaut\u00e9s\u00a0\u00bb suivantes: de forfaits 2016\/2017, vous verrez quelques subtiles modifications de la part d&rsquo;ADS sur les grilles de prix&#8230; Le tarif Enfant s&rsquo;arr\u00eate d\u00e9sormais \u00e0 12 ans au lieu de 13 ans. La gratuit\u00e9 pour les s\u00e9niors est est repouss\u00e9 &#8230;<\/p>\n","protected":false},"author":386,"featured_media":0,"comment_status":"closed","ping_status":"closed","sticky":false,"template":"","format":"standard","meta":{"footnotes":""},"categories":[18,11],"tags":[],"class_list":["post-490","post","type-post","status-publish","format-standard","hentry","category-ads","category-tarifs"],"_links":{"self":[{"href":"https:\/\/www.trois-a.org\/index.php\/wp-json\/wp\/v2\/posts\/490","targetHints":{"allow":["GET"]}}],"collection":[{"href":"https:\/\/www.trois-a.org\/index.php\/wp-json\/wp\/v2\/posts"}],"about":[{"href":"https:\/\/www.trois-a.org\/index.php\/wp-json\/wp\/v2\/types\/post"}],"author":[{"embeddable":true,"href":"https:\/\/www.trois-a.org\/index.php\/wp-json\/wp\/v2\/users\/386"}],"replies":[{"embeddable":true,"href":"https:\/\/www.trois-a.org\/index.php\/wp-json\/wp\/v2\/comments?post=490"}],"version-history":[{"count":3,"href":"https:\/\/www.trois-a.org\/index.php\/wp-json\/wp\/v2\/posts\/490\/revisions"}],"predecessor-version":[{"id":494,"href":"https:\/\/www.trois-a.org\/index.php\/wp-json\/wp\/v2\/posts\/490\/revisions\/494"}],"wp:attachment":[{"href":"https:\/\/www.trois-a.org\/index.php\/wp-json\/wp\/v2\/media?parent=490"}],"wp:term":[{"taxonomy":"category","embeddable":true,"href":"https:\/\/www.trois-a.org\/index.php\/wp-json\/wp\/v2\/categories?post=490"},{"taxonomy":"post_tag","embeddable":true,"href":"https:\/\/www.trois-a.org\/index.php\/wp-json\/wp\/v2\/tags?post=490"}],"curies":[{"name":"wp","href":"https:\/\/api.w.org\/{rel}","templated":true}]}}