{"id":4345,"date":"2022-06-11T07:23:32","date_gmt":"2022-06-11T05:23:32","guid":{"rendered":"https:\/\/www.trois-a.org\/?p=4345"},"modified":"2025-05-26T07:08:12","modified_gmt":"2025-05-26T05:08:12","slug":"3a-donne-la-parole-a-charlotte","status":"publish","type":"post","link":"https:\/\/www.trois-a.org\/index.php\/2022\/06\/11\/3a-donne-la-parole-a-charlotte\/","title":{"rendered":"3A donne la parole \u00e0 Charlotte"},"content":{"rendered":"<p><img decoding=\"async\" class=\"wp-image-4351 aligncenter\" src=\"https:\/\/www.trois-a.org\/wp-content\/uploads\/2022\/06\/P1002765-300x179.jpg\" alt=\"\" width=\"712\" height=\"425\" srcset=\"https:\/\/www.trois-a.org\/wp-content\/uploads\/2022\/06\/P1002765-300x179.jpg 300w, https:\/\/www.trois-a.org\/wp-content\/uploads\/2022\/06\/P1002765-1024x611.jpg 1024w, https:\/\/www.trois-a.org\/wp-content\/uploads\/2022\/06\/P1002765-768x458.jpg 768w, https:\/\/www.trois-a.org\/wp-content\/uploads\/2022\/06\/P1002765-1536x916.jpg 1536w, https:\/\/www.trois-a.org\/wp-content\/uploads\/2022\/06\/P1002765-2048x1222.jpg 2048w, https:\/\/www.trois-a.org\/wp-content\/uploads\/2022\/06\/P1002765-1320x787.jpg 1320w\" sizes=\"(max-width: 712px) 100vw, 712px\" \/><\/p>\n<p><span style=\"color: #00ff00;\">Article en acc\u00e8s libre<br \/>\n<\/span><\/p>\n<div id=\"framed_box_22065cf9cb6cef33da08801f1ce49a5a\" class=\"framed_box\" style=\"border-width:1px;\">\n\t<div class=\"framed_box_content\">\n\t\t<div class=\"iconbox iconbox_large iconbox_inline\"><span class=\"iconbox_icon\"><i class=\"theme-icon icon-refresh\" style=\"color:#fd0505\"><\/i><\/span><div class=\"iconbox_content\"><h4 class=\"iconbox-title\">Mise \u00e0 jour du 2 octobre 2022<\/h4><div class=\"iconbox_desc\">Charlotte a publi\u00e9 <span style=\"color: #0000ff;\"><strong><a style=\"color: #0000ff;\" href=\"https:\/\/forms.gle\/tEbXkjtMvnpwJ2C27\" target=\"_blank\" rel=\"noopener\">un questionnaire<\/a><\/strong><\/span> pour mieux cerner ce qui vous motive pour revenir aux Arcs en tant que propri\u00e9taire (ou, mieux, habitant intermittent). N&rsquo;h\u00e9sitez pas \u00e0 <a href=\"https:\/\/forms.gle\/tEbXkjtMvnpwJ2C27\" target=\"_blank\" rel=\"noopener\"><strong><span style=\"color: #0000ff;\">le remplir<\/span><\/strong><\/a> !<\/p>\n<p>Voici son introduction : \u00ab\u00a0Pour faire durer encore un peu plus longtemps le sentiment d&rsquo;appartenir aux paysages de BSM les Arcs, faire un pas de plus vers la d\u00e9finition de ce que pourrait \u00eatre un habitant intermittent = ni vraiment r\u00e9sident, ni non plus touriste d&rsquo;une semaine &#8230; qu&rsquo;est-ce qui vous attache \u00e0 BSM les Arcs ? qu&rsquo;est-ce qui fait que vous venez et revenez ? qu&rsquo;est ce qui vous ferait revenir encore plus ! &#8230;\u00a0\u00bb<\/p>\n<p>Cliquez <strong><span style=\"color: #0000ff;\"><a style=\"color: #0000ff;\" href=\"https:\/\/forms.gle\/tEbXkjtMvnpwJ2C27\" target=\"_blank\" rel=\"noopener\">ici<\/a><\/span><\/strong> pour voir le questionnaire.<\/p>\n<\/div><\/div><\/div>\n\t\t<div class=\"framed_box_space\"><\/div>\n\t<\/div>\n<\/div>\n\n<p><em><div class=\"info\"><div class=\"message_box_content\">Quelle station connaitront nos enfants et petits-enfants en 2050 ? Si nous, propri\u00e9taires soucieux de l&rsquo;avenir des Arcs, ne voulons pas que ce soit un quasi-d\u00e9sert, c&rsquo;est maintenant qu&rsquo;il nous faut agir pour qu&rsquo;il en soit autrement. Charlotte a choisi 3A pour exposer sa nouvelle vision de l\u2019avenir de notre station, que la \u00ab saison blanche \u00bb que vient de connaitre notre station lui a inspir\u00e9e, pour ne pas dire impos\u00e9e. Elle propose d&rsquo;animer un groupe de r\u00e9flexion sur ce th\u00e8me, rejoignez-la si cette importante question vous pr\u00e9occupe. N\u2019h\u00e9sitez pas en tout \u00e9tat de cause \u00e0 exprimer vos r\u00e9actions en laissant un commentaire \u00e0 la fin de cet article.<div class=\"message_box_space\"><\/div><\/div><\/div><\/em><\/p>\n<p>&nbsp;<\/p>\n<h2 style=\"text-align: center;\"><strong>Propri\u00e9taires aux Arcs, quels h\u00e9ritages allons-nous laisser aux enfants ?<\/strong><\/h2>\n<p>Foutu pour foutu, profitons \u00e0 fond du ski et des \u00ab parties \u00bb jusqu\u2019au dernier flocon ? Ou alors, dans les changements climatiques et les adaptations de nos modes de vie\u2026 <strong>renouer, renforcer et tisser de g\u00e9n\u00e9ration en g\u00e9n\u00e9ration nos attachements \u00e0 Bourg Saint Maurice Les Arcs ?<\/strong><\/p>\n<p><em>Prise de conscience, hiver 2020-2021 = un hiver d\u2019amour sans fin<\/em>.<\/p>\n<p><strong>\u00c0 No\u00ebl 2019<\/strong>, j\u2019avais parcouru un bout de hors-piste vers le refuge du Mont Pourri. Apr\u00e8s le plaisir de la descente, je remontais \u00e0 pied dans la neige profonde, il faisait super chaud, il y avait les rumeurs de la station : trop chaud, trop de monde. <strong>Je me demandais ce que je faisais l\u00e0<\/strong>. Je me disais que c&rsquo;\u00e9tait cool pour les enfants d&rsquo;apprendre \u00e0 skier\u2026 Puis je me disais \u00e0 quoi bon, quand ils seront grands, il n&rsquo;y aura plus de neige\u2026 Puis je me suis imagin\u00e9 James (n\u00e9 en 2011, tr\u00e8s mordu de ski) jeune adulte seul dans les immeubles de Charlotte Perriand en ruines, vivant en ermite, attendant la derni\u00e8re chute de neige, vivant son wild \u00e0 lui\u2026<\/p>\n<p>No\u00ebl 2020, alors que les enfants dormaient dans le train \u00e0 peu pr\u00e8s d\u00e9sert, nous avons pr\u00e9par\u00e9 notre mat\u00e9riel de randonn\u00e9e \u00e0 skis et snowboards dans un carr\u00e9. Le lendemain dans la matin\u00e9e, nous sommes partis nous balader en randonn\u00e9e. \u00c0 la mont\u00e9e je tirais le mat\u00e9riel des enfants (planches, manteaux, luges, jeux, go\u00fbters, doudous\u2026), dans l&rsquo;apr\u00e8s-midi nous redescendions en glissant le long des chemins forestiers. On a recommenc\u00e9 tous les jours des vacances d\u2019hiver et tout le confinement au printemps. Plus de bruits d&rsquo;automobiles, de remont\u00e9es m\u00e9caniques, beaucoup moins de monde, mais beaucoup de rires, des oiseaux, lapins et \u00e9cureuils\u2026 Puis les magasins ont \u00e9t\u00e9 compl\u00e8tement ferm\u00e9s, sauf le Spar qui liquidait ses stocks, <strong>et nous \u00e9tions encore l\u00e0<\/strong>. Un printemps enneig\u00e9. Les enfants et moi, nous occupions nos journ\u00e9es en t\u00e9l\u00e9travail\/\u00e9cole \u00e0 distance, puis promenades dans la montagne. Les enfants jouaient aussi bien dans les couloirs que sur tout le long du front de neige, dans les bois, les bas des pistes d\u00e9laiss\u00e9es. <strong>J\u2019ai le sentiment que depuis cet incroyable hiver, nos attaches aux paysages, aux b\u00e2timents, aux temps que l\u2019on passe \u00e0 Bourg Saint Maurice les Arcs sont plus profondes que le plaisir de d\u00e9valer une piste dam\u00e9e.<\/strong><\/p>\n<p><em>La r\u00e9alit\u00e9 paradoxale d\u2019un parc d\u2019attractions, hiver 2021-2022 = ne m\u2019appelez pas \u00ab touriste \u00bb<\/em> !<\/p>\n<p><strong>\u00c0 No\u00ebl 2021<\/strong>, la station de sports d\u2019hiver est pleine \u00e0 craquer, les remont\u00e9es m\u00e9caniques tournent \u00e0 plein, l\u2019injonction \u00e0 profiter de cette \u00ab colonie de vacances \u00bb est forte et claire. Pourtant j\u2019ai l\u2019impression de passer \u00e0 c\u00f4t\u00e9 de la f\u00eate\u2026 commerciale ? <strong>Dans la station \u00ab truesnowshow \u00bb<\/strong> (une m\u00e9canique \u00e0 exp\u00e9riences qui se r\u00e9p\u00e8te toutes les semaines, pour touristes venus frissonner une semaine) <strong>notre famille propri\u00e9taire d\u2019un studio \u00e0 Archeboc, Arcs 1800, depuis le d\u00e9but des ann\u00e9es 2000<\/strong> (mais famili\u00e8re des lieux et de son esprit depuis les ann\u00e9es 80), <strong>est prise dans l\u2019\u00e9tau de la masse<\/strong> (les espaces et les temps libres se restreignent alors que le nombre d\u2019individus augmente) <strong>et du prestige<\/strong> (les prix des forfaits augmentent, toutes les activit\u00e9s deviennent payantes, compliqu\u00e9es, objets de privil\u00e8ges). Les efforts \u00e0 verdir la station sont louables, mais ils sont d\u00e9j\u00e0 satur\u00e9s\u2026 et que p\u00e8sent-ils \u00e0 c\u00f4t\u00e9 de l\u2019aberration \u00e0 faire venir des touristes fortun\u00e9s en avion contre la promesse des derni\u00e8res neiges ? Oui, si nous ne sommes pas contents, notre famille peut sortir de cette impossibilit\u00e9 touristique, en vendant l\u2019appartement d\u2019Archeboc pour aller nouer d\u2019autres attaches de montagne\u2026 <strong>ailleurs dans un lieu de vacances habitable<\/strong>.<\/p>\n<p><img decoding=\"async\" class=\"wp-image-4352 aligncenter\" src=\"https:\/\/www.trois-a.org\/wp-content\/uploads\/2022\/06\/P1002797-300x200.jpg\" alt=\"\" width=\"467\" height=\"311\" srcset=\"https:\/\/www.trois-a.org\/wp-content\/uploads\/2022\/06\/P1002797-300x200.jpg 300w, https:\/\/www.trois-a.org\/wp-content\/uploads\/2022\/06\/P1002797-1024x683.jpg 1024w, https:\/\/www.trois-a.org\/wp-content\/uploads\/2022\/06\/P1002797-768x512.jpg 768w, https:\/\/www.trois-a.org\/wp-content\/uploads\/2022\/06\/P1002797-1536x1024.jpg 1536w, https:\/\/www.trois-a.org\/wp-content\/uploads\/2022\/06\/P1002797-2048x1365.jpg 2048w, https:\/\/www.trois-a.org\/wp-content\/uploads\/2022\/06\/P1002797-1320x880.jpg 1320w\" sizes=\"(max-width: 467px) 100vw, 467px\" \/><\/p>\n<p><em>Et les hivers et toutes les saisons \u00e0 venir ? Une opportunit\u00e9 originale pour se retrouver<\/em>.<\/p>\n<p>Alors que l\u2019on a l\u2019impression que les habitants \u00e0 l\u2019ann\u00e9e envisagent la venue des vacanciers indiff\u00e9renci\u00e9s comme un moment intense de travail, de revenus et de d\u00e9sagr\u00e9ments multiples \u00e0 passer\u2026 <strong>la conceptualisation binaire de la station des Arcs Saison Hors Saison\/Touristes R\u00e9sidents\/Profitable Vivable est-elle durable<\/strong> ? Est-ce qu\u2019elle est extensible \u00e0 toutes les saisons ? Est-elle singuli\u00e8re aux Arcs ? De ce que notre famille a d\u00e9j\u00e0 v\u00e9cu dans d\u2019autres lieux de vacances ou pas, en montagne ou pas, en France ou pas, de mani\u00e8re r\u00e9currente ou pas\u2026 j\u2019ai l\u2019intuition que la probl\u00e9matique de \u00ab masstigeation \u00bb* du tourisme n\u2019est pas propre aux Arcs. Forts de ce que nous avons exp\u00e9riment\u00e9 ann\u00e9e apr\u00e8s ann\u00e9e aux Arcs, comment envisager la station demain de mani\u00e8re loyale avec l\u2019esprit de sa cr\u00e9ation ? <strong>Comment envisager l\u2019avenir des Arcs en prenant en compte la complexit\u00e9 de ses paysages, de ses b\u00e2timents, de ce que l\u2019on y a v\u00e9cu ?<\/strong><\/p>\n<p>Nos perceptions des interstices entre les \u00ab ON et OFF \u00bb qui font la r\u00e9alit\u00e9 de la station interd\u00e9pendante de Bourg Saint Maurice, font de nous, propri\u00e9taires aux Arcs, des interpr\u00e8tes de premier ordre de ces complexit\u00e9s. <strong>Nos compr\u00e9hensions intimes des opportunit\u00e9s qui se nichent dans ces interstices font de nous, propri\u00e9taires aux Arcs, des initiateurs de modes de vacances originales \u00e0 d\u00e9velopper localement.<\/strong> Nos int\u00e9r\u00eats \u00e9motionnels font de nous, propri\u00e9taires aux Arcs, les alli\u00e9s des parents de la commune de Bourg Saint Maurice les Arcs, car nous voulons pour nos enfants beaucoup plus que des ruines de b\u00e9ton.<\/p>\n<p><em>En conclusion, un statut et un r\u00f4le actif d\u2019habitant intermittent<\/em>.<\/p>\n<p>J\u2019aimerais <strong>proposer une alliance<\/strong> aux habitants de Bourg Saint Maurice les Arcs, pour ensemble constituer un collectif coh\u00e9rent et suffisamment lourd pour pr\u00e9server, fermer et ouvrir ce qui sera profitable aux enfants d\u2019aujourd\u2019hui, les adultes de 2050\u2026 <strong>en activant, au sein de l\u2019association 3A, une culture d\u2019habitants intermittents qui entretiennent, m\u00e9nagent, d\u00e9fendent et inventent les Communs<\/strong> (ce \u00e0 quoi nous sommes collectivement attach\u00e9s, qui nous attache collectivement et qui ne pourrait pas \u00eatre privatis\u00e9) <strong>d\u2019aujourd\u2019hui, fondements n\u00e9cessaires \u00e0 une prosp\u00e9rit\u00e9 \u00e0 long terme<\/strong>.<\/p>\n<p><strong>Ce serait quoi \u00eatre un habitant intermittent ?<\/strong> Dans la continuit\u00e9 de l\u2019investissement financier dans la station touristique les Arcs,en faisant part de nos exp\u00e9riences personnelles et professionnelles en villes denses, <strong>constituer un groupe coh\u00e9rent pour participer \u00e0 l\u2019\u00e9chelle de la commune<\/strong> :<\/p>\n<p>1. <strong>aux discussions sur le partage des espaces communs<\/strong> outdoor et indoor (par exemple le square d\u2019enfant sur les parkings, ou le partage des chemins entre randonneurs et VTT, ou l\u2019usage de la salle Taillefer)<br \/>\n2. <strong>\u00e0 l\u2019anticipation des enjeux climatiques et pr\u00e9servation de la biodiversit\u00e9<\/strong> (en pratiquant des vacances sans voiture, en alertant sur toutes les pressions sur la faune et la flore m\u00eame sonore ou lumineuse) ;<br \/>\n3. <strong>au dynamisme de l\u2019\u00e9cosyst\u00e8me des entrepreneurs de la commune<\/strong> (en assumant un r\u00f4le de b\u00eata testeurs parti-prenants et bienveillants aupr\u00e8s des commer\u00e7ants pour d\u00e9velopper des offres de produits directs producteurs, ou des \u00e9quipements d\u2019outdoor de seconde main mat\u00e9riel, ou des offres de loisirs ou culturelles originales) ;<br \/>\n4. <strong>\u00e0 la mutation des modes de pens\u00e9es, de faire et de vie dans le bon sens et la bonne humeur !<\/strong><\/p>\n<p><strong>Vous aimeriez qu\u2019en 2050, les Arcs soient beaucoup plus qu\u2019un tas de ruines ? Je propose qu\u2019au sein de 3A, dont les fondateurs avaient d\u00e9j\u00e0 compris il y a 20 ans les enjeux pour nos stations en la nommant avec justesse Avenir et Animation des Arcs, nous fassions ensemble valoir un statut et un r\u00f4le actif d\u2019habitant intermittent qui voit plus loin que ses spatules de ski !<\/strong><\/p>\n<p>Charlotte Le Gavrian.<\/p>\n<p><img decoding=\"async\" class=\"alignnone wp-image-4347\" src=\"https:\/\/www.trois-a.org\/wp-content\/uploads\/2022\/06\/Charlotte-Le-Gavrian-300x300.jpg\" alt=\"\" width=\"154\" height=\"154\" srcset=\"https:\/\/www.trois-a.org\/wp-content\/uploads\/2022\/06\/Charlotte-Le-Gavrian-300x300.jpg 300w, https:\/\/www.trois-a.org\/wp-content\/uploads\/2022\/06\/Charlotte-Le-Gavrian-1024x1024.jpg 1024w, https:\/\/www.trois-a.org\/wp-content\/uploads\/2022\/06\/Charlotte-Le-Gavrian-150x150.jpg 150w, https:\/\/www.trois-a.org\/wp-content\/uploads\/2022\/06\/Charlotte-Le-Gavrian-768x768.jpg 768w, https:\/\/www.trois-a.org\/wp-content\/uploads\/2022\/06\/Charlotte-Le-Gavrian-1320x1320.jpg 1320w, https:\/\/www.trois-a.org\/wp-content\/uploads\/2022\/06\/Charlotte-Le-Gavrian.jpg 1458w\" sizes=\"(max-width: 154px) 100vw, 154px\" \/><\/p>\n<div class=\"iconbox iconbox_inline\"><span class=\"iconbox_icon\"><i class=\"theme-icon icon-twitter\"><\/i><\/span><div class=\"iconbox_content\"><h4 class=\"iconbox-title\">Suggestion<\/h4><div class=\"iconbox_desc\">Utilisez le htag #habitantsIntermittents dans vos communications sur ce sujet<\/div><\/div><\/div>\n<p><em>*Masstige\u00a0: mot-valise d\u2019origine anglo-saxonne constitu\u00e9 sur la base des mots \u00ab mass \u00bb (masse) et \u00ab\u00a0prestige\u00a0\u00bb (prestige). Masstige d\u00e9signe la commercialisation de produits de luxe et\/ou hauts de gamme \u00e0 des prix anormalement bas et donc plus accessibles \u00e0 la masse des consommateurs.<\/em><\/p>\n<p>&nbsp;<\/p>\n<p>Quelques r\u00e9f\u00e9rences.<\/p>\n<p><a href=\"https:\/\/www.eg-transitionmontagne.org\/\" target=\"_blank\" rel=\"noopener\">\u00c9tat des lieux montagne fin 2021<\/a><br \/>\n<a href=\"https:\/\/www.lemonde.fr\/economie\/article\/2022\/03\/04\/la-montagne-face-au-changement-climatique-penser-un-avenir-sans-ski_6116056_3234.html\" target=\"_blank\" rel=\"noopener\">Constat \u00e9conomique partag\u00e9 par l&rsquo;ensemble des acteurs = se pr\u00e9parer au pire tant que le ciel est sans nuages<\/a><br \/>\n<a href=\"https:\/\/www.geo.fr\/environnement\/une-campagne-de-demarketing-proteger-les-calanques-du-tourisme-de-masse-204092\" target=\"_blank\" rel=\"noopener\">Surtourisme, la tentation de la privation d\u00e9marketing, comptage dans les calanques<\/a><br \/>\n<a href=\"https:\/\/www.youtube.com\/watch?v=F0RmsPg8O58&amp;feature=emb_title\" target=\"_blank\" rel=\"noopener\">Redirection strat\u00e9gique des territoires attach\u00e9s au tourisme, de mani\u00e8re pragmatique, en prenant en compte les contraintes de l&rsquo;anthropoc\u00e8ne<\/a><\/p>\n<p>&nbsp;<\/p>\n","protected":false},"excerpt":{"rendered":"<p>Article en acc\u00e8s libre &nbsp; Propri\u00e9taires aux Arcs, quels h\u00e9ritages allons-nous laisser aux enfants ? Foutu pour foutu, profitons \u00e0 fond du ski et des \u00ab parties \u00bb jusqu\u2019au dernier flocon ? Ou alors, dans les changements climatiques et les adaptations de nos modes de vie\u2026 renouer, renforcer et tisser de g\u00e9n\u00e9ration en g\u00e9n\u00e9ration nos &#8230;<\/p>\n","protected":false},"author":386,"featured_media":4347,"comment_status":"open","ping_status":"closed","sticky":false,"template":"","format":"standard","meta":{"footnotes":""},"categories":[12,39],"tags":[48],"class_list":["post-4345","post","type-post","status-publish","format-standard","has-post-thumbnail","hentry","category-3a","category-actualite","tag-article-en-acces-libre"],"_links":{"self":[{"href":"https:\/\/www.trois-a.org\/index.php\/wp-json\/wp\/v2\/posts\/4345","targetHints":{"allow":["GET"]}}],"collection":[{"href":"https:\/\/www.trois-a.org\/index.php\/wp-json\/wp\/v2\/posts"}],"about":[{"href":"https:\/\/www.trois-a.org\/index.php\/wp-json\/wp\/v2\/types\/post"}],"author":[{"embeddable":true,"href":"https:\/\/www.trois-a.org\/index.php\/wp-json\/wp\/v2\/users\/386"}],"replies":[{"embeddable":true,"href":"https:\/\/www.trois-a.org\/index.php\/wp-json\/wp\/v2\/comments?post=4345"}],"version-history":[{"count":18,"href":"https:\/\/www.trois-a.org\/index.php\/wp-json\/wp\/v2\/posts\/4345\/revisions"}],"predecessor-version":[{"id":4646,"href":"https:\/\/www.trois-a.org\/index.php\/wp-json\/wp\/v2\/posts\/4345\/revisions\/4646"}],"wp:featuredmedia":[{"embeddable":true,"href":"https:\/\/www.trois-a.org\/index.php\/wp-json\/wp\/v2\/media\/4347"}],"wp:attachment":[{"href":"https:\/\/www.trois-a.org\/index.php\/wp-json\/wp\/v2\/media?parent=4345"}],"wp:term":[{"taxonomy":"category","embeddable":true,"href":"https:\/\/www.trois-a.org\/index.php\/wp-json\/wp\/v2\/categories?post=4345"},{"taxonomy":"post_tag","embeddable":true,"href":"https:\/\/www.trois-a.org\/index.php\/wp-json\/wp\/v2\/tags?post=4345"}],"curies":[{"name":"wp","href":"https:\/\/api.w.org\/{rel}","templated":true}]}}