{"id":4083,"date":"2022-01-16T15:15:17","date_gmt":"2022-01-16T14:15:17","guid":{"rendered":"https:\/\/www.trois-a.org\/?p=4083"},"modified":"2025-05-26T07:19:42","modified_gmt":"2025-05-26T05:19:42","slug":"disparition-dyvon-blanc-un-de-ceux-qui-ont-fait-les-arcs","status":"publish","type":"post","link":"https:\/\/www.trois-a.org\/index.php\/2022\/01\/16\/disparition-dyvon-blanc-un-de-ceux-qui-ont-fait-les-arcs\/","title":{"rendered":"Disparition d&rsquo;Yvon Blanc, un de \u00ab\u00a0ceux qui ont fait les Arcs\u00a0\u00bb"},"content":{"rendered":"<p>&nbsp;<\/p>\n<p><em><img decoding=\"async\" class=\"size-medium wp-image-4086 aligncenter\" src=\"https:\/\/www.trois-a.org\/wp-content\/uploads\/2022\/01\/Yvon-Blanc-1-286x300.jpg\" alt=\"\" width=\"286\" height=\"300\" srcset=\"https:\/\/www.trois-a.org\/wp-content\/uploads\/2022\/01\/Yvon-Blanc-1-286x300.jpg 286w, https:\/\/www.trois-a.org\/wp-content\/uploads\/2022\/01\/Yvon-Blanc-1-976x1024.jpg 976w, https:\/\/www.trois-a.org\/wp-content\/uploads\/2022\/01\/Yvon-Blanc-1-768x806.jpg 768w, https:\/\/www.trois-a.org\/wp-content\/uploads\/2022\/01\/Yvon-Blanc-1-1464x1536.jpg 1464w, https:\/\/www.trois-a.org\/wp-content\/uploads\/2022\/01\/Yvon-Blanc-1-1952x2048.jpg 1952w, https:\/\/www.trois-a.org\/wp-content\/uploads\/2022\/01\/Yvon-Blanc-1-1320x1385.jpg 1320w\" sizes=\"(max-width: 286px) 100vw, 286px\" \/><\/em><\/p>\n<p>&nbsp;<\/p>\n<p><em>Nous apprenons avec tristesse la disparition d\u2019Yvon Blanc, un de ceux qui ont particip\u00e9 \u00e0 la cr\u00e9ation et \u00e0 la \u00a0renomm\u00e9e de la station des Arcs. Certains d\u2019entre nous ont eu la joie de skier avec lui et de le rencontrer dans la station, nous ne l\u2019oublierons pas et avons une pens\u00e9e affectueuse pour sa famille.<\/em><\/p>\n<p><em>Ci-dessous le texte \u00e9crit par sa ni\u00e8ce Claudie (paru dans le Dauphine Lib\u00e9r\u00e9).<\/em><\/p>\n<p><strong>YVON BLANC, hommage \u00e0 un pionnier de l\u2019am\u00e9nagement en montagne<\/strong><\/p>\n<p>Yvon Blanc s\u2019est \u00e9teint le 8 janvier dans son sommeil, chez lui \u00e0 Bourg st Maurice, \u00e0 l\u2019\u00e2ge de 86 ans. Natif d\u2019Hauteville-Gondon, il \u00e9tait l\u2019un des derniers pionniers de l\u2019am\u00e9nagement de la montagne en France. Aux c\u00f4t\u00e9s de son fr\u00e8re ain\u00e9 Robert Blanc, disparu dans une avalanche en f\u00e9vrier 1980, et de ses plus jeunes fr\u00e8res Marcel et Ren\u00e9, il a particip\u00e9 \u00e0 la cr\u00e9ation et au d\u00e9veloppement des Arcs devenue la troisi\u00e8me plus importante station de ski dans le monde. Une r\u00e9ussite extraordinaire que Delphin, mort accidentellement lors d\u2019une ascension en Maurienne en 1962, n\u2019aura pas vue. Autre drame de la fratrie.<\/p>\n<p>Pisteur et moniteur \u00e0 Val d\u2019Is\u00e8re au d\u00e9but des ann\u00e9es soixante, \u00e0 son retour de la guerre d\u2019Alg\u00e9rie, il est appel\u00e9 par Marcel Gaimard, alors pr\u00e9sident de l\u2019office de tourisme de Bourg st Maurice et du tout nouveau domaine de Courbaton pour en prendre la direction et lancer l\u2019\u00e9cole de ski en 1966. A l\u2019ouverture d\u2019Arc 1600 l\u2019hiver 1968-69, Roger Godino, pr\u00e9sident de la soci\u00e9t\u00e9 des Montagnes de l\u2019Arc et am\u00e9nageur de la station, lui confiait la direction du domaine skiable dont il a effectu\u00e9 avec Robert les premi\u00e8res reconnaissances et trac\u00e9s du r\u00e9seau de pistes et remont\u00e9es m\u00e9caniques. Ses \u00e9quipes de pisteurs secouristes, m\u00e9caniciens, conducteurs de chenillettes, perchemen\u2026, il en restait tr\u00e8s fier et ne cachait pas qu\u2019il avait eu \u00e0 c\u0153ur de recruter en priorit\u00e9 des gens du pays, montagnards qui connaissaient parfaitement le site et l\u2019environnement. Ils diront de lui qu\u2019\u00ab<em>\u00a0il \u00e9tait un chef exemplaire\u00a0<\/em>\u00bb.<\/p>\n<p>De son enfance dans les alpages de l\u2019Arc \u00e0 2000 m\u00e8tres d\u2019altitude, petit berger de veaux qu\u2019il fallait \u00ab\u00a0<em>surveiller comme des gamins\u00a0<\/em>\u00bb, il a toujours gard\u00e9 cette vigilance soucieuse dans l\u2019exploitation complexe du domaine skiable tout au long de sa carri\u00e8re. Impossible de quitter son poste avant d\u2019\u00eatre s\u00fbr que le dernier skieur \u00e9tait bien rentr\u00e9 chez lui sain et sauf en fin de journ\u00e9e.<\/p>\n<p>Soucieux, il l\u2019\u00e9tait toujours un peu, sans doute parce qu\u2019il exigeait de tous et de lui-m\u00eame d\u2019abord un travail impeccable. Son air s\u00e9rieux qu\u2019interrompait un sourire franc marquait souvent une r\u00e9flexion profonde\u2026 Il fallait inventer, voir loin, respecter la montagne, partager ces exp\u00e9riences in\u00e9dites. Attentif aux \u00e9volutions de la station hiver comme \u00e9t\u00e9, il a cr\u00e9\u00e9 la COMAG, une entreprise d\u2019am\u00e9nagement et d\u2019entretien des espaces en montagne que dirigeront son fr\u00e8re Ren\u00e9 associ\u00e9 \u00e0 Alain Anxionnaz, permettant ainsi \u00e0 des saisonniers de b\u00e9n\u00e9ficier d\u2019une activit\u00e9 et d\u2019un revenu compl\u00e9mentaires. Conseiller municipal impliqu\u00e9 dans l\u2019activit\u00e9 bouillonnante de la vaste commune de Bourg st Maurice les Arcs, engag\u00e9e alors dans la construction du funiculaire, il est devenu maire d\u00e9l\u00e9gu\u00e9 d\u2019Hauteville-Gondon quelques ann\u00e9es apr\u00e8s leur fusion. Yvon inspirait le respect\u2026 et l\u2019amiti\u00e9. Il en avait beaucoup, des amis.<\/p>\n<p>Retrait\u00e9 occup\u00e9, toujours un \u0153il sur l\u2019\u00e9volution des Arcs, r\u00eave immense d\u2019une vie modeste mais exceptionnelle, il prenait le temps de lire, beaucoup (\u00ab\u00a0<em>on n\u2019avait pas de livres quand on \u00e9tait enfant, et ensuite j\u2019\u00e9tais trop pris\u00a0<\/em>\u00bb), de suivre assidument la Coupe du monde de ski, lui l\u2019ancien comp\u00e9titeur passionn\u00e9, de refaire le bucheron aussi. Et de partir randonner en particulier avec son comparse Guy Rey-Millet, l\u2019un des fameux architectes des Arcs, proche de Charlotte Perriand. Les d\u00e9c\u00e8s de Guy et de plusieurs amis ces derniers mois l\u2019avaient beaucoup affect\u00e9.<\/p>\n<p>Yvon a souhait\u00e9 une inhumation sans c\u00e9r\u00e9monie ni hommages. Lui qui les aurait tant m\u00e9rit\u00e9s ! Il cultivait la discr\u00e9tion et ne cherchait pas les honneurs.<\/p>\n<p>Yvette, sa femme, James, Laurette et Lionel ses enfants et leurs conjoints, ses six petits-enfants et ses cinq arri\u00e8res-petits-enfants, ses fr\u00e8res Marcel et Ren\u00e9 et toute sa grande famille, ses nombreux amis et relations n\u2019oublieront jamais sa force d\u2019\u00e2me, l\u2019homme d\u2019honneur qu\u2019il a \u00e9t\u00e9, droit, g\u00e9n\u00e9reux et attentionn\u00e9. Un patriarche s\u2019en est all\u00e9 sans faire de bruit\u2026 Il va manquer \u00e0 la montagne. CBE<\/p>\n<p>&nbsp;<\/p>\n","protected":false},"excerpt":{"rendered":"<p>&nbsp; &nbsp; Nous apprenons avec tristesse la disparition d\u2019Yvon Blanc, un de ceux qui ont particip\u00e9 \u00e0 la cr\u00e9ation et \u00e0 la \u00a0renomm\u00e9e de la station des Arcs. Certains d\u2019entre nous ont eu la joie de skier avec lui et de le rencontrer dans la station, nous ne l\u2019oublierons pas et avons une pens\u00e9e affectueuse &#8230;<\/p>\n","protected":false},"author":386,"featured_media":4086,"comment_status":"open","ping_status":"closed","sticky":false,"template":"","format":"standard","meta":{"footnotes":""},"categories":[12,39,15],"tags":[48],"class_list":["post-4083","post","type-post","status-publish","format-standard","has-post-thumbnail","hentry","category-3a","category-actualite","category-histoire","tag-article-en-acces-libre"],"_links":{"self":[{"href":"https:\/\/www.trois-a.org\/index.php\/wp-json\/wp\/v2\/posts\/4083","targetHints":{"allow":["GET"]}}],"collection":[{"href":"https:\/\/www.trois-a.org\/index.php\/wp-json\/wp\/v2\/posts"}],"about":[{"href":"https:\/\/www.trois-a.org\/index.php\/wp-json\/wp\/v2\/types\/post"}],"author":[{"embeddable":true,"href":"https:\/\/www.trois-a.org\/index.php\/wp-json\/wp\/v2\/users\/386"}],"replies":[{"embeddable":true,"href":"https:\/\/www.trois-a.org\/index.php\/wp-json\/wp\/v2\/comments?post=4083"}],"version-history":[{"count":4,"href":"https:\/\/www.trois-a.org\/index.php\/wp-json\/wp\/v2\/posts\/4083\/revisions"}],"predecessor-version":[{"id":4088,"href":"https:\/\/www.trois-a.org\/index.php\/wp-json\/wp\/v2\/posts\/4083\/revisions\/4088"}],"wp:featuredmedia":[{"embeddable":true,"href":"https:\/\/www.trois-a.org\/index.php\/wp-json\/wp\/v2\/media\/4086"}],"wp:attachment":[{"href":"https:\/\/www.trois-a.org\/index.php\/wp-json\/wp\/v2\/media?parent=4083"}],"wp:term":[{"taxonomy":"category","embeddable":true,"href":"https:\/\/www.trois-a.org\/index.php\/wp-json\/wp\/v2\/categories?post=4083"},{"taxonomy":"post_tag","embeddable":true,"href":"https:\/\/www.trois-a.org\/index.php\/wp-json\/wp\/v2\/tags?post=4083"}],"curies":[{"name":"wp","href":"https:\/\/api.w.org\/{rel}","templated":true}]}}