{"id":4015,"date":"2021-11-06T12:10:21","date_gmt":"2021-11-06T11:10:21","guid":{"rendered":"https:\/\/www.trois-a.org\/?p=4015"},"modified":"2025-05-26T07:23:28","modified_gmt":"2025-05-26T05:23:28","slug":"les-breves-de-3a-n16-sont-parues","status":"publish","type":"post","link":"https:\/\/www.trois-a.org\/index.php\/2021\/11\/06\/les-breves-de-3a-n16-sont-parues\/","title":{"rendered":"Les Br\u00e8ves de 3A n\u00b016 sont parues"},"content":{"rendered":"<p><em>Vous pouvez t\u00e9l\u00e9charger <a href=\"https:\/\/www.trois-a.org\/wp-content\/uploads\/2021\/11\/Les-Breves-de-3A-n\u00b016.pdf\" target=\"_blank\" rel=\"noopener\">la version pdf des Br\u00e8ves de 3A n\u00b016<\/a>.<\/em><\/p>\n<p><img decoding=\"async\" width=\"153\" height=\"119\" class=\"wp-image-4018 aligncenter\" src=\"https:\/\/www.trois-a.org\/wp-content\/uploads\/2021\/11\/word-image.jpeg\" alt=\"word-image\" \/><\/p>\n<p style=\"text-align: center;\"><strong>Les Br\u00e8ves de 3A n\u00b016<\/strong><\/p>\n<p style=\"text-align: center;\"><strong>Octobre 2021<\/strong><\/p>\n<hr \/>\n<p style=\"text-align: center;\">Tous les anciens num\u00e9ros des Br\u00e8ves de 3A sont disponibles en libre acc\u00e8s\u00a0<a href=\"https:\/\/www.trois-a.org\/index.php\/accueil\/les-breves-de-3a\" target=\"_blank\" rel=\"noopener\">ici<\/a>.<\/p>\n<hr \/>\n<p><img decoding=\"async\" class=\"wp-image-4019 aligncenter\" src=\"https:\/\/www.trois-a.org\/wp-content\/uploads\/2021\/11\/automne-aux-arcs.jpeg\" alt=\"Automne aux Arcs\" width=\"681\" height=\"511\" srcset=\"https:\/\/www.trois-a.org\/wp-content\/uploads\/2021\/11\/automne-aux-arcs.jpeg 1320w, https:\/\/www.trois-a.org\/wp-content\/uploads\/2021\/11\/automne-aux-arcs-300x225.jpeg 300w, https:\/\/www.trois-a.org\/wp-content\/uploads\/2021\/11\/automne-aux-arcs-1024x768.jpeg 1024w, https:\/\/www.trois-a.org\/wp-content\/uploads\/2021\/11\/automne-aux-arcs-768x576.jpeg 768w\" sizes=\"(max-width: 681px) 100vw, 681px\" \/><\/p>\n<p>Le mot de la pr\u00e9sidente<\/p>\n<p>\u00c0 la veille d\u2019une saison de ski qui nous a tant manqu\u00e9 l\u2019an dernier, c\u2019est avec plaisir que nous partageons avec vous nos observations sur les points d\u2019actualit\u00e9 de notre ch\u00e8re station. Et pour les quelques retardataires, n\u2019oubliez pas de souscrire\u00a0<a href=\"https:\/\/www.trois-a.org\/index.php\/adhesion\" target=\"_blank\" rel=\"noopener\">votre adh\u00e9sion 2021<\/a>\u00a0\u00e0 notre association. Si nos routes ne se croisent pas d&rsquo;ici l\u00e0, rendez-vous le 29 d\u00e9cembre \u00e0 17h \u00e0 l&rsquo;h\u00f4tel Belambra d&rsquo;Arc 1800 (voir ci-dessous).<\/p>\n<p>\u00c0 bient\u00f4t !<\/p>\n<p>Carole.<\/p>\n<hr \/>\n<p>Dans ce num\u00e9ro<\/p>\n<ol>\n<li>Inqui\u00e9tudes sur la qualit\u00e9 de l\u2019environnement de la zone des Mirantins<\/li>\n<li>Forfaits de ski : Alerte<\/li>\n<li>Les nouveaut\u00e9s du domaine skiable<\/li>\n<li>Retour sur les \u00e9v\u00e8nements 3A de cet \u00e9t\u00e9<\/li>\n<li>\u00c7a vaut le Mille 8 ?<\/li>\n<li>O\u00f9 en est la Maison des Propri\u00e9taires ?<\/li>\n<li>Vivre \u00e0 fond sa passion et sa formation aux Arcs<\/li>\n<li>Des Arcs jusqu&rsquo;\u00e0 l&rsquo;Antarctique<\/li>\n<li>Le funiculaire gratuit pour les voyageurs en train<\/li>\n<li>Fermeture du parking du Charvet \u00e0 Arc 1800 jusqu&rsquo;au 10 d\u00e9cembre<\/li>\n<li>\u00c0 noter dans votre agenda, r\u00e9union \u00ab\u00a0Propri\u00e9taire aux Arcs\u00a0\u00bb le 29\/12 \u00e0 17h \u00e0 l\u2019h\u00f4tel Belambre d\u2019Arc 1800<\/li>\n<\/ol>\n<hr \/>\n<p>1 &#8211; Inqui\u00e9tudes sur la qualit\u00e9 de l\u2019environnement de la zone des Mirantins<\/p>\n<p><img decoding=\"async\" class=\"wp-image-4020 aligncenter\" src=\"https:\/\/www.trois-a.org\/wp-content\/uploads\/2021\/11\/nouvelle-piste-acces-transarc.jpeg\" alt=\"Nouvelle piste acc\u00e8s Transarc\" width=\"710\" height=\"522\" srcset=\"https:\/\/www.trois-a.org\/wp-content\/uploads\/2021\/11\/nouvelle-piste-acces-transarc.jpeg 1320w, https:\/\/www.trois-a.org\/wp-content\/uploads\/2021\/11\/nouvelle-piste-acces-transarc-300x221.jpeg 300w, https:\/\/www.trois-a.org\/wp-content\/uploads\/2021\/11\/nouvelle-piste-acces-transarc-1024x753.jpeg 1024w, https:\/\/www.trois-a.org\/wp-content\/uploads\/2021\/11\/nouvelle-piste-acces-transarc-768x565.jpeg 768w\" sizes=\"(max-width: 710px) 100vw, 710px\" \/><\/p>\n<p>La\u00a0<a href=\"https:\/\/www.trois-a.org\/wp-content\/uploads\/2021\/10\/2021-08-09_Presentation-projets-Transarc-et-Amenagements-associes.pdf\" target=\"_blank\" rel=\"noopener\">r\u00e9novation de la t\u00e9l\u00e9cabine du Transarc<\/a>\u00a0est un \u00e9v\u00e8nement majeur attendu par tous aux Arcs. Sa r\u00e9alisation est pr\u00e9vue pour 2022-2023. Elle a fait l&rsquo;objet d&rsquo;une\u00a0<a href=\"https:\/\/www.bourgsaintmaurice.fr\/enquetes-publiques.html\" target=\"_blank\" rel=\"noopener\">enqu\u00eate publique<\/a>\u00a0ces derniers mois. Cette enqu\u00eate a r\u00e9v\u00e9l\u00e9 que le projet actuel implique une modification tr\u00e8s importante du paysage bois\u00e9 entourant les Mirantins, \u00e9crin con\u00e7u par la principale architecte de notre station, Charlotte Perriand. En effet, le d\u00e9placement de quelques m\u00e8tres de la gare de d\u00e9part vers le sud et la cr\u00e9ation d&rsquo;une nouvelle piste d&rsquo;acc\u00e8s \u00e0 cette gare depuis la piste des Grands M\u00e9l\u00e8zes, rasant le Mirantin 1 sur toute sa longueur comme on peut le voir sur l&rsquo;illustration ci-dessus, impliquent un d\u00e9boisement tr\u00e8s important de cette zone. Les riverains et 3A se sont fortement mobilis\u00e9s pour proposer des alternatives qui \u00e9vitent cet \u00e9cueil. Tous les d\u00e9tails dans\u00a0<a href=\"https:\/\/www.trois-a.org\/index.php\/2021\/10\/20\/preservons-lenvironnement-au-depart-du-transarc\/?utm_source=mailpoet&amp;utm_medium=email&amp;utm_campaign=les-breves-de-3a-n-16-octobre-2021\" target=\"_blank\" rel=\"noopener\">cet article sur le site de 3A<\/a>, ouvert \u00e0 tous.<\/p>\n<hr \/>\n<p>2. Forfaits de ski : alerte<\/p>\n<p><img decoding=\"async\" class=\"wp-image-4021 aligncenter\" src=\"https:\/\/www.trois-a.org\/wp-content\/uploads\/2021\/11\/happy-weeks.jpeg\" alt=\"Happy weeks\" width=\"310\" height=\"350\" srcset=\"https:\/\/www.trois-a.org\/wp-content\/uploads\/2021\/11\/happy-weeks.jpeg 658w, https:\/\/www.trois-a.org\/wp-content\/uploads\/2021\/11\/happy-weeks-266x300.jpeg 266w\" sizes=\"(max-width: 310px) 100vw, 310px\" \/><\/p>\n<p>La formule \u00abearly booking \u00bb des saisons pr\u00e9c\u00e9dentes est remplac\u00e9e \u00e0 compter de cet hiver par une nouvelle formule, les \u00ab\u00a0<a href=\"https:\/\/www.lesarcs-peiseyvallandry.ski\/fr\/happy-weeks-annee\" target=\"_blank\" rel=\"noopener\">Happy Weeks<\/a>\u00ab\u00a0, dont ADS a d\u00fb vous informer ; nous ne disposons d\u00e9sormais que d\u2019un mois entre le 15 octobre et le 15 novembre pour acheter \u00e0 un tarif remis\u00e9 les forfaits saison hiver (remise de 20%) ou forfait hiver plus \u00e9t\u00e9 (remise de 25%).<\/p>\n<p>Une r\u00e9flexion sur l&rsquo;\u00e9volution du prix des forfaits,\u00a0<a href=\"https:\/\/www.trois-a.org\/index.php\/2021\/10\/25\/le-prix-des-forfaits-de-ski-aux-arcs-une-evolution-a-long-terme-bien-inquietante\" target=\"_blank\" rel=\"noopener\">\u00a0\u00bb Le prix des forfaits de ski aux Arcs, une \u00e9volution \u00e0 long terme bien inqui\u00e9tante \u00ab\u00a0<\/a>, est disponible sur le site de 3A.<\/p>\n<p>Rappelons que vous pouvez \u00e9galement souscrire <a href=\"https:\/\/www.skialacarte.fr\/FrontOffice\/\">la formule ski \u00e0 la carte<\/a> qui offre la possibilit\u00e9, moyennant une cotisation adulte de 29 \u20ac et 15 \u20ac pour les seniors, de b\u00e9n\u00e9ficier de conditions avantageuses et de ne payer que les journ\u00e9es de ski consomm\u00e9es sur plusieurs sites, dont les Arcs et la Plagne.<\/p>\n<hr \/>\n<p>3. Les nouveaut\u00e9s du domaine skiable<\/p>\n<p><img decoding=\"async\" class=\"wp-image-4022 aligncenter\" src=\"https:\/\/www.trois-a.org\/wp-content\/uploads\/2021\/11\/depart-tyrolienne.jpeg\" alt=\"d\u00e9part tyrolienne\" width=\"529\" height=\"397\" srcset=\"https:\/\/www.trois-a.org\/wp-content\/uploads\/2021\/11\/depart-tyrolienne.jpeg 1200w, https:\/\/www.trois-a.org\/wp-content\/uploads\/2021\/11\/depart-tyrolienne-300x225.jpeg 300w, https:\/\/www.trois-a.org\/wp-content\/uploads\/2021\/11\/depart-tyrolienne-1024x768.jpeg 1024w, https:\/\/www.trois-a.org\/wp-content\/uploads\/2021\/11\/depart-tyrolienne-768x576.jpeg 768w\" sizes=\"(max-width: 529px) 100vw, 529px\" \/><\/p>\n<p><a href=\"https:\/\/www.lesarcs.com\/blog\/nouveautes-hiver-2022.html#tyro\" target=\"_blank\" rel=\"noopener\">Une page du site d&rsquo;ADS<\/a>\u00a0donne des d\u00e9tails sur les nouveaut\u00e9s annonc\u00e9es dans nos pr\u00e9c\u00e9dentes Br\u00e8ves de 3A : la nouvelle t\u00e9l\u00e9cabine de Vallandry et son mus\u00e9um, la tyrolienne et le restaurant panoramique \u00e0 l&rsquo;arriv\u00e9e de la t\u00e9l\u00e9cabine du Varet, le \u00ab\u00a0spot\u00a0\u00bb \u00e0 l&rsquo;arriv\u00e9e du t\u00e9l\u00e9si\u00e8ge Carreley. Une initiative bienvenue : la cr\u00e9ation d&rsquo;un pass pi\u00e9tons pour que les non skieurs puissent rejoindre leurs proches et amis sur les pistes.<\/p>\n<hr \/>\n<p>4.\u00a0Retour sur les \u00e9v\u00e8nements 3A de cet \u00e9t\u00e9<\/p>\n<p><img decoding=\"async\" class=\"wp-image-4023 alignleft\" src=\"https:\/\/www.trois-a.org\/wp-content\/uploads\/2021\/11\/whatsapp-image-2021-08-06-at-09-12-02-2.jpeg\" alt=\"WhatsApp Image 2021-08-06 at 09.12.02 (2)\" width=\"361\" height=\"270\" srcset=\"https:\/\/www.trois-a.org\/wp-content\/uploads\/2021\/11\/whatsapp-image-2021-08-06-at-09-12-02-2.jpeg 674w, https:\/\/www.trois-a.org\/wp-content\/uploads\/2021\/11\/whatsapp-image-2021-08-06-at-09-12-02-2-300x224.jpeg 300w\" sizes=\"(max-width: 361px) 100vw, 361px\" \/><img decoding=\"async\" class=\"wp-image-4024 alignright\" src=\"https:\/\/www.trois-a.org\/wp-content\/uploads\/2021\/11\/16-swing.jpeg\" alt=\"16 swing\" width=\"362\" height=\"271\" srcset=\"https:\/\/www.trois-a.org\/wp-content\/uploads\/2021\/11\/16-swing.jpeg 662w, https:\/\/www.trois-a.org\/wp-content\/uploads\/2021\/11\/16-swing-300x224.jpeg 300w\" sizes=\"(max-width: 362px) 100vw, 362px\" \/><\/p>\n<p>&nbsp;<\/p>\n<p><img decoding=\"async\" class=\"wp-image-4025 aligncenter\" src=\"https:\/\/www.trois-a.org\/wp-content\/uploads\/2021\/11\/reunion-publique-12-aout-21.jpeg\" alt=\"R\u00e9union publique 12 ao\u00fbt 21\" width=\"569\" height=\"313\" srcset=\"https:\/\/www.trois-a.org\/wp-content\/uploads\/2021\/11\/reunion-publique-12-aout-21.jpeg 1320w, https:\/\/www.trois-a.org\/wp-content\/uploads\/2021\/11\/reunion-publique-12-aout-21-300x165.jpeg 300w, https:\/\/www.trois-a.org\/wp-content\/uploads\/2021\/11\/reunion-publique-12-aout-21-1024x563.jpeg 1024w, https:\/\/www.trois-a.org\/wp-content\/uploads\/2021\/11\/reunion-publique-12-aout-21-768x422.jpeg 768w\" sizes=\"(max-width: 569px) 100vw, 569px\" \/><\/p>\n<p>Vous saurez tout sur le HERO Game sp\u00e9cial propri\u00e9taires, la comp\u00e9tition de golf de 3A, l&rsquo;assembl\u00e9e g\u00e9n\u00e9rale de 3A et la r\u00e9union publique organis\u00e9e par la municipalit\u00e9, ABTourisme et ADS, tr\u00e8s riche en informations, en lisant\u00a0<a href=\"https:\/\/www.trois-a.org\/index.php\/2021\/10\/22\/retour-sur-les-evenements-3a-de-lete\/\" target=\"_blank\" rel=\"noopener\">cet article sur le site de 3A<\/a>.<\/p>\n<hr \/>\n<p>5. \u00c7a vaut le Mille 8 ?<\/p>\n<p><img decoding=\"async\" class=\"wp-image-4026 aligncenter\" src=\"https:\/\/www.trois-a.org\/wp-content\/uploads\/2021\/11\/line-rider.jpeg\" alt=\"Line rider\" width=\"273\" height=\"186\" srcset=\"https:\/\/www.trois-a.org\/wp-content\/uploads\/2021\/11\/line-rider.jpeg 682w, https:\/\/www.trois-a.org\/wp-content\/uploads\/2021\/11\/line-rider-300x204.jpeg 300w\" sizes=\"(max-width: 273px) 100vw, 273px\" \/><\/p>\n<p>Vous n&rsquo;\u00e9couterez plus de la m\u00eame fa\u00e7on l&rsquo;orage de l&rsquo;\u00e9t\u00e9 des Quatre Saisons, ni ne descendrez la piste des Mille 8 sans l&rsquo;avoir dans les orei<\/p>\n<p>lles apr\u00e8s avoir regard\u00e9\u00a0<a href=\"https:\/\/m.youtube.com\/watch?v=lcQ1ZtWs6Ys\" target=\"_blank\" rel=\"noopener\">cette version<\/a>.<\/p>\n<hr \/>\n<p>6. O\u00f9 en est la Maison des propri\u00e9taires ?<\/p>\n<p><img decoding=\"async\" class=\"wp-image-4027 aligncenter\" src=\"https:\/\/www.trois-a.org\/wp-content\/uploads\/2021\/11\/logo-mdp-souriant.jpeg\" alt=\"logo MdP souriant\" width=\"132\" height=\"205\" srcset=\"https:\/\/www.trois-a.org\/wp-content\/uploads\/2021\/11\/logo-mdp-souriant.jpeg 272w, https:\/\/www.trois-a.org\/wp-content\/uploads\/2021\/11\/logo-mdp-souriant-193x300.jpeg 193w\" sizes=\"(max-width: 132px) 100vw, 132px\" \/><\/p>\n<p>&nbsp;<\/p>\n<p>Laurent Ducreux, conseiller municipal qui pr\u00e9side la commission relation propri\u00e9taires, nous informe que les groupes de t<\/p>\n<p>&nbsp;<\/p>\n<p>ravail sur la relation propri\u00e9taire ont repris et vont se poursuivre avec les groupes de propri\u00e9taires concern\u00e9s.<br \/>\nL\u2019objectif est de pouvoir montrer nos premi\u00e8res analyses, r\u00e9flexions et pistes de travail aux propri\u00e9taires lors des vacances de fin d\u2019ann\u00e9e.<\/p>\n<p>Rappel : vous pouvez consulter et commenter l&rsquo;<a href=\"https:\/\/www.trois-a.org\/index.php\/2020\/12\/24\/une-maison-des-proprietaires-aux-arcs\">article du site de 3A sur la maison des propri\u00e9taires<\/a><\/p>\n<hr \/>\n<p>7 &#8211; Vivre \u00e0 fond sa passion et sa formation aux Arcs<\/p>\n<p><img decoding=\"async\" class=\"wp-image-4028 aligncenter\" src=\"https:\/\/www.trois-a.org\/wp-content\/uploads\/2021\/11\/stade-cachette-1.jpeg\" alt=\"stade-cachette-1\" width=\"681\" height=\"275\" srcset=\"https:\/\/www.trois-a.org\/wp-content\/uploads\/2021\/11\/stade-cachette-1.jpeg 1136w, https:\/\/www.trois-a.org\/wp-content\/uploads\/2021\/11\/stade-cachette-1-300x121.jpeg 300w, https:\/\/www.trois-a.org\/wp-content\/uploads\/2021\/11\/stade-cachette-1-1024x413.jpeg 1024w, https:\/\/www.trois-a.org\/wp-content\/uploads\/2021\/11\/stade-cachette-1-768x310.jpeg 768w\" sizes=\"(max-width: 681px) 100vw, 681px\" \/><\/p>\n<p>Pascal Bohard, directeur de l\u2019<a href=\"https:\/\/www.esfarc1600.com\" target=\"_blank\" rel=\"noopener\">ESF d\u2019Arc 1600<\/a>, a \u00e9t\u00e9 un des artisans de\u00a0<a href=\"https:\/\/skistudy.fr&quot; \\t &quot;_blank\">SkiStudy<\/a>. Cette initiative propose des cursus d\u2019\u00e9tudes am\u00e9nag\u00e9es couplant<\/p>\n<p>dipl\u00f4me acad\u00e9mique avec ski comp\u00e9tition. Le campus, c\u2019est le\u00a0<a href=\"https:\/\/www.hotel-basecamplodge.com\/fr\/\" target=\"_blank\" rel=\"noopener\">Base Camp Lodge<\/a>\u00a0\u00e0 l\u2019entr\u00e9e de Bourg Saint Maurice, le terrain, c\u2019est le stade slalom de la Cachette. Une belle carte de visite pour notre station.<\/p>\n<hr \/>\n<p>8 &#8211; Des Arcs jusqu&rsquo;\u00e0 l&rsquo;Antarctique<\/p>\n<p><img decoding=\"async\" class=\"wp-image-4029 aligncenter\" src=\"https:\/\/www.trois-a.org\/wp-content\/uploads\/2021\/11\/lequipe-juste-2c-sous-la-neige.jpeg\" alt=\"l'\u00e9quipe Juste 2\u00b0C sous la neige\" width=\"536\" height=\"284\" srcset=\"https:\/\/www.trois-a.org\/wp-content\/uploads\/2021\/11\/lequipe-juste-2c-sous-la-neige.jpeg 1102w, https:\/\/www.trois-a.org\/wp-content\/uploads\/2021\/11\/lequipe-juste-2c-sous-la-neige-300x159.jpeg 300w, https:\/\/www.trois-a.org\/wp-content\/uploads\/2021\/11\/lequipe-juste-2c-sous-la-neige-1024x543.jpeg 1024w, https:\/\/www.trois-a.org\/wp-content\/uploads\/2021\/11\/lequipe-juste-2c-sous-la-neige-768x407.jpeg 768w\" sizes=\"(max-width: 536px) 100vw, 536px\" \/><\/p>\n<p>Fils de notre ami Pierre, guide de haute montagne et fid\u00e8le adh\u00e9rent de 3A, Niels Dutrievoz, 23 ans, qui a grandi aux Arcs, a entrepris, avec 5 autres \u00e9l\u00e8ves des \u00e9coles normales sup\u00e9rieures d\u2019Ulm, Paris Saclay et Lyon, de partir \u00e0 l\u2019assaut du continent austral avec l\u2019exp\u00e9dition scientifique Antarctique 2.0\u00b0C.\u00a0<a href=\"https:\/\/www.trois-a.org\/index.php\/2021\/10\/18\/des-arcs-jusqua-lantarctique\/\" target=\"_blank\" rel=\"noopener\">Lisez la suite ici<\/a>.<\/p>\n<hr \/>\n<p>9. Le funiculaire gratuit pour les voyageurs en train<\/p>\n<p><img decoding=\"async\" class=\"wp-image-4030 alignleft\" src=\"https:\/\/www.trois-a.org\/wp-content\/uploads\/2021\/11\/funiculaire-gratuit-pour-les-voyageurs-en-train.jpeg\" alt=\"Funiculaire gratuit pour les voyageurs en train\" width=\"211\" height=\"468\" srcset=\"https:\/\/www.trois-a.org\/wp-content\/uploads\/2021\/11\/funiculaire-gratuit-pour-les-voyageurs-en-train.jpeg 384w, https:\/\/www.trois-a.org\/wp-content\/uploads\/2021\/11\/funiculaire-gratuit-pour-les-voyageurs-en-train-135x300.jpeg 135w\" sizes=\"(max-width: 211px) 100vw, 211px\" \/><\/p>\n<p>Dans le cadre de son action pour verdir les Arcs, ADS a annonc\u00e9 lors de\u00a0<a href=\"https:\/\/fr.calameo.com\/read\/0056896167ad7215df9f1\" target=\"_blank\" rel=\"noopener\">la r\u00e9union d&rsquo;information du 12 ao\u00fbt 2021<\/a>\u00a0la gratuit\u00e9 du funiculaire pour les voyageurs qui ont opt\u00e9 pour le train pour venir aux Arcs. Un petit geste certes, mais qui va dans le bon sens !<\/p>\n<p>\u00c0 propos de train, ne manquez pas de consulter\u00a0<a href=\"https:\/\/www.trois-a.org\/index.php\/2021\/10\/18\/travelski-express-un-train-vers-lavenir\" target=\"_blank\" rel=\"noopener\">l&rsquo;article sur le site de 3A<\/a>\u00a0consacr\u00e9 \u00e0 la r\u00e9surrection du TGV Londres-Bourg Saint-Maurice.<\/p>\n<p>&nbsp;<\/p>\n<p>&nbsp;<\/p>\n<p>&nbsp;<\/p>\n<p>&nbsp;<\/p>\n<p>&nbsp;<\/p>\n<p>&nbsp;<\/p>\n<p>&nbsp;<\/p>\n<p>&nbsp;<\/p>\n<p>&nbsp;<\/p>\n<hr \/>\n<p>10 &#8211; Fermeture du parking du Charvet \u00e0 Arc 1800 jusqu&rsquo;au 10 d\u00e9cembre<\/p>\n<p><img decoding=\"async\" class=\"wp-image-4031 alignright\" src=\"https:\/\/www.trois-a.org\/wp-content\/uploads\/2021\/11\/fermeture-parking-charvet.jpeg\" alt=\"fermeture parking Charvet\" width=\"283\" height=\"306\" srcset=\"https:\/\/www.trois-a.org\/wp-content\/uploads\/2021\/11\/fermeture-parking-charvet.jpeg 592w, https:\/\/www.trois-a.org\/wp-content\/uploads\/2021\/11\/fermeture-parking-charvet-278x300.jpeg 278w\" sizes=\"(max-width: 283px) 100vw, 283px\" \/><\/p>\n<p>&nbsp;<\/p>\n<p>Tout est dit dans l&rsquo;illustration ci-contre.<\/p>\n<p>&nbsp;<\/p>\n<p>&nbsp;<\/p>\n<p>&nbsp;<\/p>\n<p>&nbsp;<\/p>\n<p>&nbsp;<\/p>\n<p>&nbsp;<\/p>\n<p>&nbsp;<\/p>\n<p>&nbsp;<\/p>\n<hr \/>\n<p>11 &#8211; A noter dans votre agenda<\/p>\n<p>La prochaine r\u00e9union de 3A \u00ab\u00a0Propri\u00e9taire aux Arcs\u00a0\u00bb se d\u00e9roulera\u00a0<strong>le mercredi 29 d\u00e9cembre \u00e0 17h \u00e0 l\u2019h\u00f4tel Belambra \u00e0 Arc 1800<\/strong>.<\/p>\n<p>Soutenez- nous !<\/p>\n<p>L&rsquo;existence de 3A d\u00e9pend de vos cotisations. Rejoignez-nous ou renouvelez votre adh\u00e9sion en vous rendant sur\u00a0<a href=\"https:\/\/www.trois-a.org\/index.php\/adhesion\" target=\"_blank\" rel=\"noopener\">cette page<\/a>.<\/p>\n<p><img decoding=\"async\" width=\"1320\" height=\"387\" class=\"wp-image-4032\" src=\"https:\/\/www.trois-a.org\/wp-content\/uploads\/2021\/11\/bandeau-3a.jpeg\" alt=\"bandeau 3A\" srcset=\"https:\/\/www.trois-a.org\/wp-content\/uploads\/2021\/11\/bandeau-3a.jpeg 1320w, https:\/\/www.trois-a.org\/wp-content\/uploads\/2021\/11\/bandeau-3a-300x88.jpeg 300w, https:\/\/www.trois-a.org\/wp-content\/uploads\/2021\/11\/bandeau-3a-1024x300.jpeg 1024w, https:\/\/www.trois-a.org\/wp-content\/uploads\/2021\/11\/bandeau-3a-768x225.jpeg 768w\" sizes=\"(max-width: 1320px) 100vw, 1320px\" \/><\/p>\n<p><strong>Dialoguez avec nous<\/strong><\/p>\n<p>Vous pouvez interagir avec nous :<br \/>\n* en utilisant\u00a0<a href=\"https:\/\/www.trois-a.org\/index.php\/exprimez-vous\">la rubrique \u00ab Exprimez-vous \u00bb<\/a>\u00a0(en haut \u00e0 droite de chaque page du site)<br \/>\n* en envoyant un mail \u00e0\u00a0<a href=\"mailto:contact@trois-a.org\">contact@trois-a.org<\/a><br \/>\n* en postant un commentaire sur un article du site (ce qui permettra de dialoguer \u00e9galement avec les autres adh\u00e9rents)<br \/>\n* en participant aux r\u00e9unions \u00ab Propri\u00e9taire aux Arcs \u00bb que 3A organise r\u00e9guli\u00e8rement aux Arcs.<\/p>\n","protected":false},"excerpt":{"rendered":"<p>Vous pouvez t\u00e9l\u00e9charger la version pdf des Br\u00e8ves de 3A n\u00b016. Les Br\u00e8ves de 3A n\u00b016 Octobre 2021 Tous les anciens num\u00e9ros des Br\u00e8ves de 3A sont disponibles en libre acc\u00e8s\u00a0ici. Le mot de la pr\u00e9sidente \u00c0 la veille d\u2019une saison de ski qui nous a tant manqu\u00e9 l\u2019an dernier, c\u2019est avec plaisir que nous &#8230;<\/p>\n","protected":false},"author":386,"featured_media":4017,"comment_status":"open","ping_status":"closed","sticky":false,"template":"","format":"standard","meta":{"footnotes":""},"categories":[12,39,38],"tags":[48],"class_list":["post-4015","post","type-post","status-publish","format-standard","has-post-thumbnail","hentry","category-3a","category-actualite","category-breve","tag-article-en-acces-libre"],"_links":{"self":[{"href":"https:\/\/www.trois-a.org\/index.php\/wp-json\/wp\/v2\/posts\/4015","targetHints":{"allow":["GET"]}}],"collection":[{"href":"https:\/\/www.trois-a.org\/index.php\/wp-json\/wp\/v2\/posts"}],"about":[{"href":"https:\/\/www.trois-a.org\/index.php\/wp-json\/wp\/v2\/types\/post"}],"author":[{"embeddable":true,"href":"https:\/\/www.trois-a.org\/index.php\/wp-json\/wp\/v2\/users\/386"}],"replies":[{"embeddable":true,"href":"https:\/\/www.trois-a.org\/index.php\/wp-json\/wp\/v2\/comments?post=4015"}],"version-history":[{"count":1,"href":"https:\/\/www.trois-a.org\/index.php\/wp-json\/wp\/v2\/posts\/4015\/revisions"}],"predecessor-version":[{"id":4033,"href":"https:\/\/www.trois-a.org\/index.php\/wp-json\/wp\/v2\/posts\/4015\/revisions\/4033"}],"wp:featuredmedia":[{"embeddable":true,"href":"https:\/\/www.trois-a.org\/index.php\/wp-json\/wp\/v2\/media\/4017"}],"wp:attachment":[{"href":"https:\/\/www.trois-a.org\/index.php\/wp-json\/wp\/v2\/media?parent=4015"}],"wp:term":[{"taxonomy":"category","embeddable":true,"href":"https:\/\/www.trois-a.org\/index.php\/wp-json\/wp\/v2\/categories?post=4015"},{"taxonomy":"post_tag","embeddable":true,"href":"https:\/\/www.trois-a.org\/index.php\/wp-json\/wp\/v2\/tags?post=4015"}],"curies":[{"name":"wp","href":"https:\/\/api.w.org\/{rel}","templated":true}]}}