{"id":375,"date":"2017-04-28T16:13:49","date_gmt":"2017-04-28T14:13:49","guid":{"rendered":"https:\/\/www.trois-a.org\/?p=375"},"modified":"2017-07-23T15:33:01","modified_gmt":"2017-07-23T13:33:01","slug":"baisse-des-tarifs-des-forfaites-en-suisse-la-reaction-de-michel-giraudy-maire-de-bourg-st-mauriceles-arcs","status":"publish","type":"post","link":"https:\/\/www.trois-a.org\/index.php\/2017\/04\/28\/baisse-des-tarifs-des-forfaites-en-suisse-la-reaction-de-michel-giraudy-maire-de-bourg-st-mauriceles-arcs\/","title":{"rendered":"Baisse des tarifs des forfaites en Suisse: la r\u00e9action de Michel Giraudy, maire de Bourg-St-Maurice\/Les Arcs"},"content":{"rendered":"<p>Le \u00ab\u00a0Dauphin\u00e9 Lib\u00e9r\u00e9\u00a0\u00bb a publi\u00e9 le 20 avril 2017, un article intitul\u00e9 \u00ab\u00a0Forfait de ski: quand la Suisse casse les prix\u00a0\u00bb:<\/p>\n<p><a href=\"http:\/\/www.ledauphine.com\/montagne\/2017\/04\/20\/forfaits-de-ski-quand-la-suisse-casse-les-prix\" target=\"_blank\"><br \/>\n<img decoding=\"async\" src=\"https:\/\/www.trois-a.org\/wp-content\/uploads\/2017\/04\/Montagne-Forfaits-de-ski-quand-la-Suisse-casse-les-prix.png\" alt=\"baisse des forfaits \u00e0 Crans\" width=\"588\" height=\"398\" class=\"aligncenter size-full wp-image-378\" srcset=\"https:\/\/www.trois-a.org\/wp-content\/uploads\/2017\/04\/Montagne-Forfaits-de-ski-quand-la-Suisse-casse-les-prix.png 588w, https:\/\/www.trois-a.org\/wp-content\/uploads\/2017\/04\/Montagne-Forfaits-de-ski-quand-la-Suisse-casse-les-prix-300x203.png 300w\" sizes=\"(max-width: 588px) 100vw, 588px\" \/><br \/>\n<\/a><\/p>\n<p>L&rsquo;article indique notamment:<\/p>\n<blockquote><p>Sous l\u2019appellation \u00abMagic pass\u00bb, l\u2019offre permettra la saison prochaine de skier dans 25 stations de cinq cantons suisses pour un abonnement annuel de 359 francs (336\u20ac) et m\u00eame 249 francs pour les moins de 16 ans.<\/p>\n<p> Non ce n\u2019est pas une illusion mais bien du ski toute la saison pour le prix de six journ\u00e9es d\u2019une grande station fran\u00e7aise. Certes les deux poids lourds, Verbier et Zermatt (o\u00f9 le prix du forfait international journ\u00e9e d\u00e9passe les 80\u20ac) ne sont pas dans l\u2019offre mais pour le reste on peut skier dans des domaines de renom comme Crans Montana ou les Diablerets (200 francs de plus pour acc\u00e9der au glacier 3000).<\/p><\/blockquote>\n<div class=\"divider_padding\"><\/div>\n<h2>La r\u00e9action de Michel Giraudy<\/h2>\n<p>Le pr\u00e9sident de 3A, Jean-Louis Narquin, a demand\u00e9 au maire de Bourg-St-Maurice\/Les Arcs, Michel Giraudy, sa r\u00e9action a cette annonce. Il a fait la r\u00e9ponse suivante par courier \u00e9lectronique:<\/p>\n<blockquote><p>Bonjour Jean louis,<br \/>\n Oui je l\u2019ai lu, et comme il est \u00e9crit, il faut replacer cela dans le contexte des sports d\u2019hiver en Suisse qui depuis 15 ans sont en recul, manque de performance et d\u2019investissements, abandon de l\u2019activit\u00e9 par la client\u00e8le suisse et surtout le \u00ab franc suisse \u00bb dont la valeur a augment\u00e9 de + de 20% ces derni\u00e8res ann\u00e9es (\u00e0 noter que les grandes stations comme Zermatt, Verbier, St Moritz, Davos\u2026 ne participent pas \u00e0 cette collective et restent \u00e0 des tarifs nettement sup\u00e9rieurs aux n\u00f4tres (skipass Zermatt: 80 \u20ac\/jour !)<br \/>\n R\u00e9sultat: des CA en baisse, des \u00e9trangers absents, des pratiquants suisses qui font le bonheur des stations frontali\u00e8res (Autriche, Italie, France avec nos stations de Haute-Savoie) alors cette \u00ab Montagne Suisse \u00bb en crise se devait de r\u00e9agir\u2026<br \/>\n<br \/>\n Si notre contexte n\u2019est pas la m\u00eame , nous devons rester vigilants en nous projetant sans rel\u00e2che vers l\u2019avenir et surtout ne pas s\u2019endormir sur nos lauriers.<br \/>\n Bien s\u00fbr nos exploitants comme nous m\u00eame suivons avec beaucoup d\u2019int\u00e9r\u00eat ces strat\u00e9gies tarifaires innovantes, et nous verrons si \u00e9conomiquement cela permet la reconqu\u00eate des CA perdus, de la croissance et des marges permettant d\u2019investir.<br \/>\n Cdt<br \/>\n <strong>Michel GIRAUDY<br \/>\n Maire de Bourg Saint Maurice les Arcs<\/strong><strong><\/p><\/blockquote>\n<div class=\"divider_padding\"><\/div>\n<h2>Cette information a fait l&rsquo;objet de plusieurs commentaires en partie reproduits ci apr\u00e8s<\/h2>\n<h4>PESSON<\/h4>\n<p>Bonjour<br \/>\nPas besoin de regarder en SUISSE !!<br \/>\nIl faudrait d&rsquo;abord que les ARCS\/PARADISKI \u00e9tudient ce que font ses voisins en mati\u00e8re de tarification et l\u00e0 il n&rsquo;y a pas photo !!<br \/>\nCommen\u00e7ons par un forfait 1jour adulte<br \/>\n* 1j PARADISKI; 59\u20ac<br \/>\n*1j TIGNES VAL d&rsquo;ISERE\/TIGNES : 55,50\u20ac<br \/>\n* jr 3 VALLEES: 54 \u20ac<br \/>\n* 6jrs PARADISKI 298 \u20ac<br \/>\n*6jrs TIGNES \/VAL D&rsquo;ISERE: 278 \u20ac<br \/>\n* 6jrs 3 VALLEES 264 \u20ac<br \/>\nOn constate un forfait 6jours 13% plus cher sur les ARCS\/PARADISKI  que dans LES 3 VALLEES? plus grand domaine et avec des remont\u00e9es plus modernes et performantes&#8230;c&rsquo;est \u00e9norme !!!<br \/>\nO\u00f9 est la justification de cette diff\u00e9rence ?<\/p>\n<h4>Nicolas<\/h4>\n<p>Il faut aussi voir les hausses r\u00e9p\u00e9t\u00e9es depuis les 10 derni\u00e8res ann\u00e9es&#8230;<br \/>\nL\u00e0 o\u00f9 tout le monde dit que le forfait est trop cher&#8230; ADS r\u00e9pond en disant, qu&rsquo;il investit pour faire des activit\u00e9s hors ski<br \/>\nM\u00eame si tout le monde est conscient des \u00e9normes investissements sur le domaine (qui rendent le forfait pas si cher que cela quand on y r\u00e9fl\u00e9chit), il faudrait surtout penser en priorit\u00e9 \u00e0 avoir une offre ski attractive et \u00e0 FIDELISER la client\u00e8le et les familles.<br \/>\nLes Arcs veulent jouer le haut de gamme&#8230; quasiment rien dans la station (je ne parle pas logement ou domaine skiable) n&rsquo;est \u00e0 la hauteur de cette client\u00e8le.<\/p>\n","protected":false},"excerpt":{"rendered":"<p>Le \u00ab\u00a0Dauphin\u00e9 Lib\u00e9r\u00e9\u00a0\u00bb a publi\u00e9 le 20 avril 2017, un article intitul\u00e9 \u00ab\u00a0Forfait de ski: quand la Suisse casse les prix\u00a0\u00bb: L&rsquo;article indique notamment: Sous l\u2019appellation \u00abMagic pass\u00bb, l\u2019offre permettra la saison prochaine de skier dans 25 stations de cinq cantons suisses pour un abonnement annuel de 359 francs (336\u20ac) et m\u00eame 249 francs pour &#8230;<\/p>\n","protected":false},"author":386,"featured_media":0,"comment_status":"closed","ping_status":"closed","sticky":false,"template":"","format":"standard","meta":{"footnotes":""},"categories":[18,11],"tags":[],"class_list":["post-375","post","type-post","status-publish","format-standard","hentry","category-ads","category-tarifs"],"_links":{"self":[{"href":"https:\/\/www.trois-a.org\/index.php\/wp-json\/wp\/v2\/posts\/375","targetHints":{"allow":["GET"]}}],"collection":[{"href":"https:\/\/www.trois-a.org\/index.php\/wp-json\/wp\/v2\/posts"}],"about":[{"href":"https:\/\/www.trois-a.org\/index.php\/wp-json\/wp\/v2\/types\/post"}],"author":[{"embeddable":true,"href":"https:\/\/www.trois-a.org\/index.php\/wp-json\/wp\/v2\/users\/386"}],"replies":[{"embeddable":true,"href":"https:\/\/www.trois-a.org\/index.php\/wp-json\/wp\/v2\/comments?post=375"}],"version-history":[{"count":7,"href":"https:\/\/www.trois-a.org\/index.php\/wp-json\/wp\/v2\/posts\/375\/revisions"}],"predecessor-version":[{"id":383,"href":"https:\/\/www.trois-a.org\/index.php\/wp-json\/wp\/v2\/posts\/375\/revisions\/383"}],"wp:attachment":[{"href":"https:\/\/www.trois-a.org\/index.php\/wp-json\/wp\/v2\/media?parent=375"}],"wp:term":[{"taxonomy":"category","embeddable":true,"href":"https:\/\/www.trois-a.org\/index.php\/wp-json\/wp\/v2\/categories?post=375"},{"taxonomy":"post_tag","embeddable":true,"href":"https:\/\/www.trois-a.org\/index.php\/wp-json\/wp\/v2\/tags?post=375"}],"curies":[{"name":"wp","href":"https:\/\/api.w.org\/{rel}","templated":true}]}}