{"id":3737,"date":"2021-07-23T23:49:50","date_gmt":"2021-07-23T21:49:50","guid":{"rendered":"https:\/\/www.trois-a.org\/?p=3737"},"modified":"2025-05-26T07:28:26","modified_gmt":"2025-05-26T05:28:26","slug":"aux-arcs-citoyens","status":"publish","type":"post","link":"https:\/\/www.trois-a.org\/index.php\/2021\/07\/23\/aux-arcs-citoyens\/","title":{"rendered":"Aux Arcs, citoyens !"},"content":{"rendered":"<p><img decoding=\"async\" class=\"wp-image-3739 aligncenter\" src=\"https:\/\/www.trois-a.org\/wp-content\/uploads\/2021\/07\/Enjeux-300x225.jpg\" alt=\"\" width=\"617\" height=\"463\" srcset=\"https:\/\/www.trois-a.org\/wp-content\/uploads\/2021\/07\/Enjeux-300x225.jpg 300w, https:\/\/www.trois-a.org\/wp-content\/uploads\/2021\/07\/Enjeux-1024x768.jpg 1024w, https:\/\/www.trois-a.org\/wp-content\/uploads\/2021\/07\/Enjeux-768x576.jpg 768w, https:\/\/www.trois-a.org\/wp-content\/uploads\/2021\/07\/Enjeux-1536x1152.jpg 1536w, https:\/\/www.trois-a.org\/wp-content\/uploads\/2021\/07\/Enjeux-2048x1536.jpg 2048w, https:\/\/www.trois-a.org\/wp-content\/uploads\/2021\/07\/Enjeux-1320x990.jpg 1320w\" sizes=\"(max-width: 617px) 100vw, 617px\" \/><\/p>\n<p>Le 30 juillet 2021 \u00e0 16h, <a href=\"http:\/\/pleinjour.com\/biographie\/\" target=\"_blank\" rel=\"noopener\">Franck Krawczyk<\/a> couronnera sa s\u00e9rie de conf\u00e9rences \u00ab\u00a0Les Enjeux\u00a0\u00bb donn\u00e9es dans le cadre du <a href=\"https:\/\/festivaldesarcs.com\" target=\"_blank\" rel=\"noopener\">festival de musique des Arcs<\/a> par un \u00ab\u00a0<a href=\"https:\/\/festivaldesarcs.com\/event\/16-00-aux-arcs-citoyens\/\" target=\"_blank\" rel=\"noopener\">happening participatif<\/a>\u00ab\u00a0, intitul\u00e9 \u00ab\u00a0Aux Arcs Citoyens\u00a0\u00bb.<\/p>\n<p>Pour r\u00e9ussir ce happening, il a besoin de vous : soumettez votre version acadienne des paroles de <a href=\"https:\/\/www.elysee.fr\/la-presidence\/la-marseillaise-de-rouget-de-lisle\" target=\"_blank\" rel=\"noopener\">La Marseillaise<\/a> via un commentaire au bas de cette page. Les meilleures contributions seront utilis\u00e9es pour construire un hymne \u00e0 la gloire des Arcs en d\u00e9corellant pour une fois les paroles de la musique afin de rendre \u00e0 cette derni\u00e8re l&rsquo;autonomie qu&rsquo;on lui a parfois subtilis\u00e9e, en particulier dans les hymnes.<\/p>\n<p>Pour que votre texte puisse se substituer au texte original, pensez \u00e0 conserver le m\u00eame nombre de pieds.<\/p>\n<p>\u00c0 vos claviers !<\/p>\n<p>Ne manquez pas les prochaines conf\u00e9rences de Franck mardi 27 et vendredi 30 juillet, \u00e0 11h, \u00e0 l&rsquo;H\u00f4tel du Golf. Si vous en avez manqu\u00e9, surveillez <a href=\"https:\/\/rogergodino.festivaldesarcs.com\/les-enjeux\/\" target=\"_blank\" rel=\"noopener\">leur mise en ligne<\/a>.<\/p>\n<p><strong>Rendez-vous ensuite le vendredi 30 juillet \u00e0 16h devant le bureau du festival<\/strong> (skiSet des Belles Challes au Charvet).<\/p>\n<p><img decoding=\"async\" class=\"wp-image-3740 aligncenter\" src=\"https:\/\/www.trois-a.org\/wp-content\/uploads\/2021\/07\/Franck-aux-Arcs-300x173.jpg\" alt=\"\" width=\"518\" height=\"299\" srcset=\"https:\/\/www.trois-a.org\/wp-content\/uploads\/2021\/07\/Franck-aux-Arcs-300x173.jpg 300w, https:\/\/www.trois-a.org\/wp-content\/uploads\/2021\/07\/Franck-aux-Arcs-1024x589.jpg 1024w, https:\/\/www.trois-a.org\/wp-content\/uploads\/2021\/07\/Franck-aux-Arcs-768x442.jpg 768w, https:\/\/www.trois-a.org\/wp-content\/uploads\/2021\/07\/Franck-aux-Arcs.jpg 1200w\" sizes=\"(max-width: 518px) 100vw, 518px\" \/><\/p>\n","protected":false},"excerpt":{"rendered":"<p>Le 30 juillet 2021 \u00e0 16h, Franck Krawczyk couronnera sa s\u00e9rie de conf\u00e9rences \u00ab\u00a0Les Enjeux\u00a0\u00bb donn\u00e9es dans le cadre du festival de musique des Arcs par un \u00ab\u00a0happening participatif\u00ab\u00a0, intitul\u00e9 \u00ab\u00a0Aux Arcs Citoyens\u00a0\u00bb. Pour r\u00e9ussir ce happening, il a besoin de vous : soumettez votre version acadienne des paroles de La Marseillaise via un commentaire &#8230;<\/p>\n","protected":false},"author":386,"featured_media":3738,"comment_status":"open","ping_status":"closed","sticky":false,"template":"","format":"standard","meta":{"footnotes":""},"categories":[12,10,39],"tags":[48],"class_list":["post-3737","post","type-post","status-publish","format-standard","has-post-thumbnail","hentry","category-3a","category-academie","category-actualite","tag-article-en-acces-libre"],"_links":{"self":[{"href":"https:\/\/www.trois-a.org\/index.php\/wp-json\/wp\/v2\/posts\/3737","targetHints":{"allow":["GET"]}}],"collection":[{"href":"https:\/\/www.trois-a.org\/index.php\/wp-json\/wp\/v2\/posts"}],"about":[{"href":"https:\/\/www.trois-a.org\/index.php\/wp-json\/wp\/v2\/types\/post"}],"author":[{"embeddable":true,"href":"https:\/\/www.trois-a.org\/index.php\/wp-json\/wp\/v2\/users\/386"}],"replies":[{"embeddable":true,"href":"https:\/\/www.trois-a.org\/index.php\/wp-json\/wp\/v2\/comments?post=3737"}],"version-history":[{"count":6,"href":"https:\/\/www.trois-a.org\/index.php\/wp-json\/wp\/v2\/posts\/3737\/revisions"}],"predecessor-version":[{"id":3746,"href":"https:\/\/www.trois-a.org\/index.php\/wp-json\/wp\/v2\/posts\/3737\/revisions\/3746"}],"wp:featuredmedia":[{"embeddable":true,"href":"https:\/\/www.trois-a.org\/index.php\/wp-json\/wp\/v2\/media\/3738"}],"wp:attachment":[{"href":"https:\/\/www.trois-a.org\/index.php\/wp-json\/wp\/v2\/media?parent=3737"}],"wp:term":[{"taxonomy":"category","embeddable":true,"href":"https:\/\/www.trois-a.org\/index.php\/wp-json\/wp\/v2\/categories?post=3737"},{"taxonomy":"post_tag","embeddable":true,"href":"https:\/\/www.trois-a.org\/index.php\/wp-json\/wp\/v2\/tags?post=3737"}],"curies":[{"name":"wp","href":"https:\/\/api.w.org\/{rel}","templated":true}]}}