{"id":3702,"date":"2021-07-18T07:42:20","date_gmt":"2021-07-18T05:42:20","guid":{"rendered":"https:\/\/www.trois-a.org\/?p=3702"},"modified":"2026-03-18T10:02:11","modified_gmt":"2026-03-18T09:02:11","slug":"les-breves-de-3a-n15-sont-parues","status":"publish","type":"post","link":"https:\/\/www.trois-a.org\/index.php\/2021\/07\/18\/les-breves-de-3a-n15-sont-parues\/","title":{"rendered":"Les Br\u00e8ves de 3A n\u00b015 sont parues"},"content":{"rendered":"<p><em>T\u00e9l\u00e9chargez <a href=\"https:\/\/www.trois-a.org\/wp-content\/uploads\/2021\/07\/Les-Breves-de-3A-15.pdf\">la version pdf des Br\u00e8ves de 3A n\u00b0 15<\/a><\/em><\/p>\n<p>&nbsp;<\/p>\n<p>&nbsp;<\/p>\n<p><img decoding=\"async\" width=\"153\" height=\"119\" class=\"wp-image-3706 aligncenter\" src=\"https:\/\/www.trois-a.org\/wp-content\/uploads\/2021\/07\/word-image.jpeg\" alt=\"word-image\" \/><\/p>\n<h1 style=\"text-align: center;\"><strong>Les Br\u00e8ves de 3A n\u00b015<\/strong><\/h1>\n<h1 style=\"text-align: center;\"><strong>Juillet 2021<\/strong><\/h1>\n<p>&nbsp;<\/p>\n<div class=\"divider_line\"><\/div>\n<p style=\"text-align: center;\">Tous les anciens num\u00e9ros des Br\u00e8ves de 3A sont disponibles en libre acc\u00e8s\u00a0<a href=\"https:\/\/www.trois-a.org?mailpoet_router&amp;endpoint=track&amp;action=click&amp;data=WzEzMCwiZjRhM2U5IiwiMTkiLCIxODI1YjdiNDNjMDkiLGZhbHNlXQ\" target=\"_blank\" rel=\"noopener\">ici<\/a>.<\/p>\n<div class=\"divider_line\"><\/div>\n<p><img decoding=\"async\" class=\"wp-image-3707 aligncenter\" src=\"https:\/\/www.trois-a.org\/wp-content\/uploads\/2021\/07\/20210622_galerie-commerciale-darc-1600.jpeg\" alt=\"20210622_galerie commerciale d'Arc 1600\" width=\"427\" height=\"477\" srcset=\"https:\/\/www.trois-a.org\/wp-content\/uploads\/2021\/07\/20210622_galerie-commerciale-darc-1600.jpeg 1320w, https:\/\/www.trois-a.org\/wp-content\/uploads\/2021\/07\/20210622_galerie-commerciale-darc-1600-269x300.jpeg 269w, https:\/\/www.trois-a.org\/wp-content\/uploads\/2021\/07\/20210622_galerie-commerciale-darc-1600-917x1024.jpeg 917w, https:\/\/www.trois-a.org\/wp-content\/uploads\/2021\/07\/20210622_galerie-commerciale-darc-1600-768x858.jpeg 768w\" sizes=\"(max-width: 427px) 100vw, 427px\" \/><\/p>\n<p>Apr\u00e8s avoir hibern\u00e9 comme nos ch\u00e8res marmottes, c\u2019est avec le plus grand plaisir que nous voyons l\u2019horizon se d\u00e9gager sur notre belle station des Arcs. Constatons que celle-ci s&rsquo;engage dans la voie, promise, de la \u00ab\u00a0station quatre-saisons\u00a0\u00bb : cette ann\u00e9e, elle a d\u00e9j\u00e0 \u00e9tendu la saison d\u2019\u00e9t\u00e9 avec des activit\u00e9s d\u00e8s les week-ends de juin (navettes et t\u00e9l\u00e9si\u00e8ge de la Cachette ouvert), une pr\u00e9ouverture la derni\u00e8re semaine de juin (une remont\u00e9e ouverte sur chaque village), et une (pour l&rsquo;instant timide) prolongation la premi\u00e8re semaine de septembre. \u00c0 nous d&rsquo;accompagner cette \u00e9volution, qui contribuera de plus en plus \u00e0 la pr\u00e9servation de notre patrimoine aux Arcs \u00e0 moyen terme*, en occupant ou en faisant occuper nos appartements pendant ces p\u00e9riodes.<\/p>\n<p>Au programme de l\u2019\u00e9t\u00e9, nous pr\u00e9voyons de vous retrouver \u00e0 plusieurs occasions :<\/p>\n<p>&#8211; le festival de musique (18 au 30 juillet, voir\u00a0<a href=\"https:\/\/www.trois-a.org?mailpoet_router&amp;endpoint=track&amp;action=click&amp;data=WzEzMCwiZjRhM2U5IiwiMTkiLCJjNWFjZTIxODA3ZTAiLGZhbHNlXQ\">le programme<\/a>),<\/p>\n<p>&#8211; la comp\u00e9tition 3A de golf 2021, le\u00a0<strong>10 ao\u00fbt<\/strong>,<\/p>\n<p>&#8211; deux animations Hero Game sp\u00e9ciales 3A\u00a0<strong>le 22 juillet et le 5 ao\u00fbt<\/strong>\u00a0(voir l\u2019article ci-dessous),<\/p>\n<p>&#8211; notre assembl\u00e9e g\u00e9n\u00e9rale, le\u00a0<strong>12 ao\u00fbt \u00e0 15h<\/strong>\u00a0\u00e0 la salle Taillefer \u00e0 Arc 1800, traditionnellement suivie par une pr\u00e9sentation \u00ab bilan et perspectives \u00bb organis\u00e9e par le maire, ADS et ABTourisme, et \u00e0 laquelle sont convi\u00e9s tous les propri\u00e9taires. Le tout cl\u00f4tur\u00e9 par un pot offert par 3A.<\/p>\n<p>Vous pouvez nous rejoindre ou, pour ceux qui ne l&rsquo;ont pas encore fait, renouveler votre soutien pour 2021 en vous rendant\u00a0<a href=\"https:\/\/www.trois-a.org?mailpoet_router&amp;endpoint=track&amp;action=click&amp;data=WzEzMCwiZjRhM2U5IiwiMTkiLCJiZDllMTMyZGRhZTMiLGZhbHNlXQ\">sur cette page<\/a>. Rappelons que la possibilit\u00e9 d\u2019utiliser une carte bancaire de fa\u00e7on s\u00e9curis\u00e9e facilite le versement des cotisations.<\/p>\n<p>* si l&rsquo;avenir de votre bien aux Arcs vous pr\u00e9occupe, vous pouvez consulter l&rsquo;\u00e9tude tr\u00e8s bien faite de la Caisse des D\u00e9p\u00f4ts (actionnaire majoritaire de la Compagnie des Alpes, elle-m\u00eame tutelle d&rsquo;ADS) \u00ab\u00a0<a href=\"https:\/\/www.trois-a.org?mailpoet_router&amp;endpoint=track&amp;action=click&amp;data=WzEzMCwiZjRhM2U5IiwiMTkiLCJlMjg4ZWE3ZjY5ZWYiLGZhbHNlXQ\" target=\"_blank\" rel=\"noopener\">Le blues du blanc ?<\/a>\u00a0\u00bb<\/p>\n<div class=\"divider_line\"><\/div>\n<p>Dans ce num\u00e9ro<\/p>\n<ol>\n<li>Pas de funiculaire cet \u00e9t\u00e9<\/li>\n<li>3A vous invite \u00e0 un HERO Game<\/li>\n<li>Le bridge de nouveau au rendez-vous<\/li>\n<li>La \u00ab\u00a0Folie Douce\u00a0\u00bb ouverte cet \u00e9t\u00e9<\/li>\n<li>O\u00f9 en est la Maison des Propri\u00e9taires ?<\/li>\n<li>Les Cristaux sortent de terre<\/li>\n<li>L&rsquo;\u00e9volution des tarifs des remont\u00e9es m\u00e9caniques<\/li>\n<li>Les remont\u00e9es\u00a0m\u00e9caniques : quoi de neuf ?<\/li>\n<li>Les VTT en station : quelle r\u00e9gulation ?<\/li>\n<li>La journ\u00e9e ramassage des d\u00e9chets<\/li>\n<\/ol>\n<div class=\"divider_line\"><\/div>\n<h2>1. Pas de funiculaire cet \u00e9t\u00e9<\/h2>\n<p><img decoding=\"async\" class=\"wp-image-3708 aligncenter\" src=\"https:\/\/www.trois-a.org\/wp-content\/uploads\/2021\/07\/funiculaire.jpeg\" alt=\"Funiculaire\" width=\"592\" height=\"160\" srcset=\"https:\/\/www.trois-a.org\/wp-content\/uploads\/2021\/07\/funiculaire.jpeg 1320w, https:\/\/www.trois-a.org\/wp-content\/uploads\/2021\/07\/funiculaire-300x81.jpeg 300w, https:\/\/www.trois-a.org\/wp-content\/uploads\/2021\/07\/funiculaire-1024x277.jpeg 1024w, https:\/\/www.trois-a.org\/wp-content\/uploads\/2021\/07\/funiculaire-768x208.jpeg 768w\" sizes=\"(max-width: 592px) 100vw, 592px\" \/> \u00c0 la suite de la d\u00e9couverte, juste avant sa remise en service, de l&rsquo;aggravation d&rsquo;un probl\u00e8me de dilatation des rails, la municipalit\u00e9 a pris la d\u00e9cision de ne pas faire fonctionner\u00a0<a href=\"https:\/\/www.trois-a.org?mailpoet_router&amp;endpoint=track&amp;action=click&amp;data=WzEzMCwiZjRhM2U5IiwiMTkiLCJmY2VlNTU5OWZjNGUiLGZhbHNlXQ\" target=\"_blank\" rel=\"noopener\">le funiculaire<\/a>\u00a0cet \u00e9t\u00e9, privil\u00e9giant la s\u00e9curit\u00e9 \u00e0 une r\u00e9paration de fortune. Un service de navettes remplace le funiculaire, au tarif pr\u00e9vu pour ce dernier, tarif en baisse spectaculaire. On peut trouver les horaires de ces navettes\u00a0<a href=\"https:\/\/www.trois-a.org?mailpoet_router&amp;endpoint=track&amp;action=click&amp;data=WzEzMCwiZjRhM2U5IiwiMTkiLCI5YTZmNGFlNWE4MDgiLGZhbHNlXQ\" target=\"_blank\" rel=\"noopener\">ici<\/a>.<\/p>\n<div class=\"divider_line\"><\/div>\n<h2>2. 3A vous invite \u00e0 un HERO Game<\/h2>\n<p><img decoding=\"async\" class=\"wp-image-3709 aligncenter\" src=\"https:\/\/www.trois-a.org\/wp-content\/uploads\/2021\/07\/hero_game_affiche_20_leg_01.jpeg\" alt=\"Hero_game_affiche_20_leg_01\" width=\"293\" height=\"414\" srcset=\"https:\/\/www.trois-a.org\/wp-content\/uploads\/2021\/07\/hero_game_affiche_20_leg_01.jpeg 1181w, https:\/\/www.trois-a.org\/wp-content\/uploads\/2021\/07\/hero_game_affiche_20_leg_01-212x300.jpeg 212w, https:\/\/www.trois-a.org\/wp-content\/uploads\/2021\/07\/hero_game_affiche_20_leg_01-724x1024.jpeg 724w, https:\/\/www.trois-a.org\/wp-content\/uploads\/2021\/07\/hero_game_affiche_20_leg_01-768x1086.jpeg 768w, https:\/\/www.trois-a.org\/wp-content\/uploads\/2021\/07\/hero_game_affiche_20_leg_01-1086x1536.jpeg 1086w\" sizes=\"(max-width: 293px) 100vw, 293px\" \/><\/p>\n<p>&nbsp;<\/p>\n<p><a href=\"https:\/\/www.trois-a.org?mailpoet_router&amp;endpoint=track&amp;action=click&amp;data=WzEzMCwiZjRhM2U5IiwiMTkiLCIxYTkzYjBhNWU2ZDQiLGZhbHNlXQ\" target=\"_blank\" rel=\"noopener\">HERO Game<\/a>\u00a0est un parcours familial organis\u00e9 par\u00a0<a href=\"https:\/\/www.trois-a.org?mailpoet_router&amp;endpoint=track&amp;action=click&amp;data=WzEzMCwiZjRhM2U5IiwiMTkiLCJhMzdhOGY1YTAyMDQiLGZhbHNlXQ\" target=\"_blank\" rel=\"noopener\">HERO les Arcs<\/a>, \u00e0 effectuer en bin\u00f4me ou en tribu jusqu\u2019\u00e0 4 personnes, qui dure entre 10 et 20 minutes, et qui a connu un beau succ\u00e8s l&rsquo;ann\u00e9e derni\u00e8re.<\/p>\n<p>Cet \u00e9t\u00e9, deux s\u00e9ances \u00ab\u00a0sp\u00e9ciales propri\u00e9taires\u00a0\u00bb seront organis\u00e9es, le 22 juillet et le 5 ao\u00fbt. Elles seront gratuites pour les adh\u00e9rents 3A.<\/p>\n<p>Rendez-vous \u00e0 18 h devant le mur d&rsquo;escalade du front de neige d&rsquo;Arc 1800.<\/p>\n<div class=\"divider_line\"><\/div>\n<h2>3. Le bridge de nouveau au rendez-vous<\/h2>\n<p><img decoding=\"async\" class=\"wp-image-3710 aligncenter\" src=\"https:\/\/www.trois-a.org\/wp-content\/uploads\/2021\/07\/bridge.jpeg\" alt=\"bridge\" width=\"463\" height=\"260\" srcset=\"https:\/\/www.trois-a.org\/wp-content\/uploads\/2021\/07\/bridge.jpeg 850w, https:\/\/www.trois-a.org\/wp-content\/uploads\/2021\/07\/bridge-300x168.jpeg 300w, https:\/\/www.trois-a.org\/wp-content\/uploads\/2021\/07\/bridge-768x431.jpeg 768w\" sizes=\"(max-width: 463px) 100vw, 463px\" \/><\/p>\n<p>Parties libres et parties comment\u00e9es sous la houlette de Monique Bertrand (06 25 35 48 27) \u00e0 l&rsquo;Iceberg, place haute du Charvet \u00e0 Arc 1800, pendant tout le mois d&rsquo;ao\u00fbt. Bienveillance et convivialit\u00e9 assur\u00e9es.<\/p>\n<div class=\"divider_line\"><\/div>\n<h2>4. La \u00ab\u00a0Folie Douce\u00a0\u00bb ouverte cet \u00e9t\u00e9<\/h2>\n<p><img decoding=\"async\" class=\"wp-image-3711 aligncenter\" src=\"https:\/\/www.trois-a.org\/wp-content\/uploads\/2021\/07\/folie-douce.jpeg\" alt=\"Folie Douce\" width=\"181\" height=\"171\" srcset=\"https:\/\/www.trois-a.org\/wp-content\/uploads\/2021\/07\/folie-douce.jpeg 1084w, https:\/\/www.trois-a.org\/wp-content\/uploads\/2021\/07\/folie-douce-300x283.jpeg 300w, https:\/\/www.trois-a.org\/wp-content\/uploads\/2021\/07\/folie-douce-1024x965.jpeg 1024w, https:\/\/www.trois-a.org\/wp-content\/uploads\/2021\/07\/folie-douce-768x724.jpeg 768w\" sizes=\"(max-width: 181px) 100vw, 181px\" \/><\/p>\n<p>&nbsp;<\/p>\n<p>L&rsquo;ouverture cet \u00e9t\u00e9 de la\u00a0<a href=\"https:\/\/www.trois-a.org?mailpoet_router&amp;endpoint=track&amp;action=click&amp;data=WzEzMCwiZjRhM2U5IiwiMTkiLCJjNzg4Njc0MDNmMzMiLGZhbHNlXQ\" target=\"_blank\" rel=\"noopener\">\u00ab\u00a0Folie Douce\u00a0\u00bb<\/a>\u00a0va permettre en particulier aux golfeurs de retrouver un lieu de d\u00e9tente et de restauration \u00e0 proximit\u00e9 de leurs exploits.<\/p>\n<div class=\"divider_line\"><\/div>\n<h2>5. O\u00f9 en est la Maison des propri\u00e9taires ?<\/h2>\n<p><img decoding=\"async\" class=\"wp-image-3712 aligncenter\" src=\"https:\/\/www.trois-a.org\/wp-content\/uploads\/2021\/07\/logo-mdp-souriant.jpeg\" alt=\"logo MdP souriant\" width=\"116\" height=\"182\" \/><\/p>\n<p>3A a pr\u00e9sent\u00e9 au groupe de travail sur la Maison des Propri\u00e9taires aux Arcs lors de sa derni\u00e8re r\u00e9union en date, d\u00e9but f\u00e9vrier,\u00a0<a href=\"https:\/\/www.trois-a.org?mailpoet_router&amp;endpoint=track&amp;action=click&amp;data=WzEzMCwiZjRhM2U5IiwiMTkiLCI1YmVkNTZlNTM1ZmUiLGZhbHNlXQ\">les r\u00e9sultats de l&rsquo;enqu\u00eate*<\/a>\u00a0qu&rsquo;elle avait organis\u00e9e \u00e0 ce sujet et \u00e0 laquelle beaucoup d&rsquo;entre vous avaient r\u00e9pondu.\u00a0Nous sommes en attente maintenant des propositions de la commune.<\/p>\n<p>Vous pouvez lire\u00a0<a href=\"https:\/\/www.trois-a.org?mailpoet_router&amp;endpoint=track&amp;action=click&amp;data=WzEzMCwiZjRhM2U5IiwiMTkiLCI1YjQzMWRiZmFhNTQiLGZhbHNlXQ\" target=\"_blank\" rel=\"noopener\">la Newsletter Infos Propri\u00e9taires de juillet 2021<\/a>\u00a0pour connaitre les avantages que la station a pr\u00e9vus pour les propri\u00e9taires cet \u00e9t\u00e9.<\/p>\n<p>* L&rsquo;<a href=\"https:\/\/www.trois-a.org?mailpoet_router&amp;endpoint=track&amp;action=click&amp;data=WzEzMCwiZjRhM2U5IiwiMTkiLCI1YmVkNTZlNTM1ZmUiLGZhbHNlXQ\">article du site de 3A sur la maison des propri\u00e9taires<\/a>\u00a0est d\u00e9sormais ouvert \u00e0 tous.<\/p>\n<div class=\"divider_line\"><\/div>\n<h2>6. Les Cristaux sortent de terre<\/h2>\n<p><img decoding=\"async\" class=\"wp-image-3713 aligncenter\" src=\"https:\/\/www.trois-a.org\/wp-content\/uploads\/2021\/07\/retour-ski-sur-les-cristaux.jpeg\" alt=\"Retour ski sur les Cristaux\" width=\"695\" height=\"265\" srcset=\"https:\/\/www.trois-a.org\/wp-content\/uploads\/2021\/07\/retour-ski-sur-les-cristaux.jpeg 1320w, https:\/\/www.trois-a.org\/wp-content\/uploads\/2021\/07\/retour-ski-sur-les-cristaux-300x114.jpeg 300w, https:\/\/www.trois-a.org\/wp-content\/uploads\/2021\/07\/retour-ski-sur-les-cristaux-1024x390.jpeg 1024w, https:\/\/www.trois-a.org\/wp-content\/uploads\/2021\/07\/retour-ski-sur-les-cristaux-768x293.jpeg 768w\" sizes=\"(max-width: 695px) 100vw, 695px\" \/><\/p>\n<p style=\"text-align: center;\"><em>La route reliant le carrefour des 4 chemins au restaurant de l&rsquo;Arpette a \u00e9t\u00e9 consid\u00e9rablement \u00e9largie, permettant ainsi un retour \u00e0 ski direct sur les Cristaux.<\/em><\/p>\n<div id=\"attachment_3714\" style=\"width: 695px\" class=\"wp-caption aligncenter\"><img decoding=\"async\" aria-describedby=\"caption-attachment-3714\" class=\"wp-image-3714\" src=\"https:\/\/www.trois-a.org\/wp-content\/uploads\/2021\/07\/les-cristaux.jpeg\" alt=\"Les Cristaux\" width=\"695\" height=\"521\" srcset=\"https:\/\/www.trois-a.org\/wp-content\/uploads\/2021\/07\/les-cristaux.jpeg 1320w, https:\/\/www.trois-a.org\/wp-content\/uploads\/2021\/07\/les-cristaux-300x225.jpeg 300w, https:\/\/www.trois-a.org\/wp-content\/uploads\/2021\/07\/les-cristaux-1024x768.jpeg 1024w, https:\/\/www.trois-a.org\/wp-content\/uploads\/2021\/07\/les-cristaux-768x576.jpeg 768w\" sizes=\"(max-width: 695px) 100vw, 695px\" \/><p id=\"caption-attachment-3714\" class=\"wp-caption-text\">Le chantier des Cristaux vu de la route des Espagnols sous Edenarc<\/p><\/div>\n<p>&nbsp;<\/p>\n<div id=\"attachment_3715\" style=\"width: 697px\" class=\"wp-caption aligncenter\"><img decoding=\"async\" aria-describedby=\"caption-attachment-3715\" class=\"wp-image-3715\" src=\"https:\/\/www.trois-a.org\/wp-content\/uploads\/2021\/07\/le-chalet-ionia.jpeg\" alt=\"Le chalet Ionia\" width=\"697\" height=\"522\" srcset=\"https:\/\/www.trois-a.org\/wp-content\/uploads\/2021\/07\/le-chalet-ionia.jpeg 1320w, https:\/\/www.trois-a.org\/wp-content\/uploads\/2021\/07\/le-chalet-ionia-300x225.jpeg 300w, https:\/\/www.trois-a.org\/wp-content\/uploads\/2021\/07\/le-chalet-ionia-1024x768.jpeg 1024w, https:\/\/www.trois-a.org\/wp-content\/uploads\/2021\/07\/le-chalet-ionia-768x576.jpeg 768w\" sizes=\"(max-width: 697px) 100vw, 697px\" \/><p id=\"caption-attachment-3715\" class=\"wp-caption-text\">De l&rsquo;autre c\u00f4t\u00e9 de la route des Espagnols, juste en face, le \u00ab\u00a0Chalet Ionia\u00a0\u00bb n&rsquo;est pour l&rsquo;instant qu&rsquo;un grand trou&#8230;<\/p><\/div>\n<p>Les projets immobiliers d\u00e9crits dans\u00a0<a href=\"https:\/\/www.trois-a.org?mailpoet_router&amp;endpoint=track&amp;action=click&amp;data=WzEzMCwiZjRhM2U5IiwiMTkiLCI0OWZmMmMzODE3NDIiLGZhbHNlXQ\">les Br\u00e8ves de 3A n\u00b014<\/a>\u00a0sont en cours, notamment\u00a0<a href=\"https:\/\/www.trois-a.org?mailpoet_router&amp;endpoint=track&amp;action=click&amp;data=WzEzMCwiZjRhM2U5IiwiMTkiLCJmMDRkMDA1ZjViZWMiLGZhbHNlXQ\">les Cristaux<\/a>, illustr\u00e9s ci-dessus, qui compl\u00e8tent Edenarc \u00e0 Arc 1800.<\/p>\n<div class=\"divider_line\"><\/div>\n<h2>7. L&rsquo;\u00e9volution des tarifs des remont\u00e9es\u00a0m\u00e9caniques<\/h2>\n<p><img decoding=\"async\" class=\"wp-image-3716 aligncenter\" src=\"https:\/\/www.trois-a.org\/wp-content\/uploads\/2021\/07\/forfait.jpeg\" alt=\"forfait\" width=\"461\" height=\"287\" srcset=\"https:\/\/www.trois-a.org\/wp-content\/uploads\/2021\/07\/forfait.jpeg 544w, https:\/\/www.trois-a.org\/wp-content\/uploads\/2021\/07\/forfait-300x187.jpeg 300w\" sizes=\"(max-width: 461px) 100vw, 461px\" \/><\/p>\n<p>Lors de sa\u00a0<a href=\"https:\/\/www.trois-a.org?mailpoet_router&amp;endpoint=track&amp;action=click&amp;data=WzEzMCwiZjRhM2U5IiwiMTkiLCIzMzUzNmQzYzhlYTMiLGZhbHNlXQ\" target=\"_blank\" rel=\"noopener\">session du 20 mai 2021<\/a>, le conseil municipal de Bourg Saint Maurice a valid\u00e9 la proposition d&rsquo;ADS d&rsquo;augmenter les tarifs des remont\u00e9es m\u00e9caniques de 3,2% en moyenne &#x1f633;. Une petite compensation, la tarification du funiculaire devrait \u00eatre maintenue (exp\u00e9rimentalement) \u00e0 ce qu&rsquo;elle aurait du \u00eatre cet \u00e9t\u00e9 (3\u20ac la mont\u00e9e, 5\u20ac l&rsquo;aller-retour).<\/p>\n<p>Ce compl\u00e9ment de recettes permettra sans doute de compenser quelque peu les pertes dues \u00e0 l&rsquo;ann\u00e9e blanche que vient de connaitre ADS, mais souhaitons qu&rsquo;elle soit aussi consacr\u00e9e \u00e0 d\u00e9marrer r\u00e9solument\u00a0la transformation \u00e0 venir des \u00ab\u00a0stations de ski\u00a0\u00bb en \u00ab\u00a0stations de montagne\u00a0\u00bb. Cette transformation est d\u00e9sormais \u00e0 l&rsquo;ordre du jour \u00e0 tous les niveaux, comme en t\u00e9moignent le dossier \u00ab\u00a0<a href=\"https:\/\/www.trois-a.org?mailpoet_router&amp;endpoint=track&amp;action=click&amp;data=WzEzMCwiZjRhM2U5IiwiMTkiLCJlMjg4ZWE3ZjY5ZWYiLGZhbHNlXQ\" target=\"_blank\" rel=\"noopener\">Le blues du blanc<\/a>\u00a0\u00bb cit\u00e9 ci-dessus, et le\u00a0<a href=\"https:\/\/www.trois-a.org?mailpoet_router&amp;endpoint=track&amp;action=click&amp;data=WzEzMCwiZjRhM2U5IiwiMTkiLCJmOTYzNWI5MDc5NjAiLGZhbHNlXQ\" target=\"_blank\" rel=\"noopener\">plan \u00ab\u00a0Avenir Montagnes\u00a0\u00bb<\/a>\u00a0du gouvernement pr\u00e9sent\u00e9 par le Premier Ministre lors de sa visite dans notre ch\u00e8re station le 27 mai dernier.<\/p>\n<div class=\"divider_line\"><\/div>\n<h2>8. Les remont\u00e9es\u00a0m\u00e9caniques : quoi de neuf ?<\/h2>\n<p>En attendant une pr\u00e9sentation compl\u00e8te lors de la r\u00e9union d&rsquo;information du 12 ao\u00fbt \u00e9voqu\u00e9e ci-dessus, faisons un tour d&rsquo;horizon sur les \u00e9volutions \u00e0 venir sur le domaine skiable des Arcs.<\/p>\n<p style=\"text-align: center;\"><strong>Le t\u00e9l\u00e9ski de la Combe n&rsquo;existe plus<\/strong><\/p>\n<p><img decoding=\"async\" class=\"wp-image-3717 aligncenter\" src=\"https:\/\/www.trois-a.org\/wp-content\/uploads\/2021\/07\/teleski-de-la-combe.jpeg\" alt=\"t\u00e9l\u00e9ski de la Combe\" width=\"406\" height=\"264\" srcset=\"https:\/\/www.trois-a.org\/wp-content\/uploads\/2021\/07\/teleski-de-la-combe.jpeg 762w, https:\/\/www.trois-a.org\/wp-content\/uploads\/2021\/07\/teleski-de-la-combe-300x195.jpeg 300w\" sizes=\"(max-width: 406px) 100vw, 406px\" \/><\/p>\n<p>C&rsquo;est avec un petit pincement au coeur que les amoureux de la piste de la Combe, tout \u00e0 l&rsquo;extr\u00e9mit\u00e9 de la station, sur le domaine de Peisey, constateront que l&rsquo;espace occup\u00e9 jusqu&rsquo;ici par le t\u00e9l\u00e9ski du m\u00eame nom, qui permettait de \u00ab\u00a0tourner\u00a0\u00bb sur cette piste, a \u00e9t\u00e9 rendu \u00e0 la nature. Heureusement, la piste elle-m\u00eame reste intacte.<\/p>\n<p style=\"text-align: center;\"><strong>La nouvelle t\u00e9l\u00e9cabine de Vallandry<\/strong><\/p>\n<div id=\"attachment_3718\" style=\"width: 738px\" class=\"wp-caption aligncenter\"><img decoding=\"async\" aria-describedby=\"caption-attachment-3718\" class=\"wp-image-3718\" src=\"https:\/\/www.trois-a.org\/wp-content\/uploads\/2021\/07\/telecabine-de-vallandry-depart.jpeg\" alt=\"t\u00e9l\u00e9cabine de Vallandry d\u00e9part\" width=\"738\" height=\"405\" srcset=\"https:\/\/www.trois-a.org\/wp-content\/uploads\/2021\/07\/telecabine-de-vallandry-depart.jpeg 981w, https:\/\/www.trois-a.org\/wp-content\/uploads\/2021\/07\/telecabine-de-vallandry-depart-300x165.jpeg 300w, https:\/\/www.trois-a.org\/wp-content\/uploads\/2021\/07\/telecabine-de-vallandry-depart-768x421.jpeg 768w\" sizes=\"(max-width: 738px) 100vw, 738px\" \/><p id=\"caption-attachment-3718\" class=\"wp-caption-text\">La future gare de d\u00e9part de la t\u00e9l\u00e9cabine de Vallandry<\/p><\/div>\n<p>&nbsp;<\/p>\n<div id=\"attachment_3719\" style=\"width: 734px\" class=\"wp-caption aligncenter\"><img decoding=\"async\" aria-describedby=\"caption-attachment-3719\" class=\"wp-image-3719\" src=\"https:\/\/www.trois-a.org\/wp-content\/uploads\/2021\/07\/telacabine-de-vallandry-gare-arrivee.jpeg\" alt=\"T\u00e9lacabine de Vallandry gare arriv\u00e9e\" width=\"734\" height=\"355\" srcset=\"https:\/\/www.trois-a.org\/wp-content\/uploads\/2021\/07\/telacabine-de-vallandry-gare-arrivee.jpeg 1048w, https:\/\/www.trois-a.org\/wp-content\/uploads\/2021\/07\/telacabine-de-vallandry-gare-arrivee-300x145.jpeg 300w, https:\/\/www.trois-a.org\/wp-content\/uploads\/2021\/07\/telacabine-de-vallandry-gare-arrivee-1024x495.jpeg 1024w, https:\/\/www.trois-a.org\/wp-content\/uploads\/2021\/07\/telacabine-de-vallandry-gare-arrivee-768x372.jpeg 768w\" sizes=\"(max-width: 734px) 100vw, 734px\" \/><p id=\"caption-attachment-3719\" class=\"wp-caption-text\">La future gare d&rsquo;arriv\u00e9e, qui devrait abriter un mus\u00e9e de la flore et de la faune en Vanoise<\/p><\/div>\n<p>&nbsp;<\/p>\n<div id=\"attachment_3720\" style=\"width: 721px\" class=\"wp-caption aligncenter\"><img decoding=\"async\" aria-describedby=\"caption-attachment-3720\" class=\"wp-image-3720\" src=\"https:\/\/www.trois-a.org\/wp-content\/uploads\/2021\/07\/telecabine-valladry-chantier-gare-arrivee.jpeg\" alt=\"t\u00e9l\u00e9cabine Valladry chantier gare arriv\u00e9e\" width=\"721\" height=\"961\" srcset=\"https:\/\/www.trois-a.org\/wp-content\/uploads\/2021\/07\/telecabine-valladry-chantier-gare-arrivee.jpeg 1152w, https:\/\/www.trois-a.org\/wp-content\/uploads\/2021\/07\/telecabine-valladry-chantier-gare-arrivee-225x300.jpeg 225w, https:\/\/www.trois-a.org\/wp-content\/uploads\/2021\/07\/telecabine-valladry-chantier-gare-arrivee-768x1024.jpeg 768w\" sizes=\"(max-width: 721px) 100vw, 721px\" \/><p id=\"caption-attachment-3720\" class=\"wp-caption-text\">Le chantier de la gare d&rsquo;arriv\u00e9e d\u00e9but juillet<\/p><\/div>\n<p>La grande nouveaut\u00e9 de cet hiver sera le remplacement du t\u00e9l\u00e9si\u00e8ge de Vallandry par\u00a0<a href=\"https:\/\/www.trois-a.org?mailpoet_router&amp;endpoint=track&amp;action=click&amp;data=WzEzMCwiZjRhM2U5IiwiMTkiLCJmNTMwYTk4ZTA0OTQiLGZhbHNlXQ\" target=\"_blank\" rel=\"noopener\">une t\u00e9l\u00e9cabine 10 personnes<\/a>\u00a0dernier cri. Le d\u00e9bit du t\u00e9l\u00e9si\u00e8ge \u00e9tait de 2400 personnes\/heure, celle de la t\u00e9l\u00e9cabine sera initialement de 2700 p\/h pour atteindre 3000 p\/h en phase d\u00e9finitive.<\/p>\n<p style=\"text-align: center;\"><strong>L&rsquo;aiguille Rouge<\/strong><\/p>\n<p>La\u00a0<a href=\"https:\/\/www.trois-a.org?mailpoet_router&amp;endpoint=track&amp;action=click&amp;data=WzEzMCwiZjRhM2U5IiwiMTkiLCJiYWE0YzgwZWY0NjQiLGZhbHNlXQ\" target=\"_blank\" rel=\"noopener\">m\u00e9tamorphose de l&rsquo;Aiguille Rouge<\/a> s&rsquo;ach\u00e8ve. Sur le toit du garage de la t\u00e9l\u00e9cabine de Varet, \u00e0 c\u00f4t\u00e9 de la station d&rsquo;arriv\u00e9e de cette remont\u00e9e, on trouvera un solarium panoramique et un caf\u00e9. Juste \u00e0 c\u00f4t\u00e9, le d\u00e9part d&rsquo;une vertigineuse tyrolienne, qui devrait permettre de retrouver quelques-unes des sensations du Kilom\u00e8tre Lanc\u00e9 dont elle surplombe le trac\u00e9, moins le danger&#8230;<\/p>\n<div id=\"attachment_3721\" style=\"width: 735px\" class=\"wp-caption aligncenter\"><img decoding=\"async\" aria-describedby=\"caption-attachment-3721\" class=\"wp-image-3721\" src=\"https:\/\/www.trois-a.org\/wp-content\/uploads\/2021\/07\/solarium-du-varet.jpeg\" alt=\"solarium du Varet\" width=\"735\" height=\"412\" srcset=\"https:\/\/www.trois-a.org\/wp-content\/uploads\/2021\/07\/solarium-du-varet.jpeg 1200w, https:\/\/www.trois-a.org\/wp-content\/uploads\/2021\/07\/solarium-du-varet-300x168.jpeg 300w, https:\/\/www.trois-a.org\/wp-content\/uploads\/2021\/07\/solarium-du-varet-1024x574.jpeg 1024w, https:\/\/www.trois-a.org\/wp-content\/uploads\/2021\/07\/solarium-du-varet-768x431.jpeg 768w\" sizes=\"(max-width: 735px) 100vw, 735px\" \/><p id=\"caption-attachment-3721\" class=\"wp-caption-text\">\u00c0 l&rsquo;arriv\u00e9e du Varet, un solarium.<\/p><\/div>\n<p>&nbsp;<\/p>\n<div id=\"attachment_3722\" style=\"width: 736px\" class=\"wp-caption aligncenter\"><img decoding=\"async\" aria-describedby=\"caption-attachment-3722\" class=\"wp-image-3722\" src=\"https:\/\/www.trois-a.org\/wp-content\/uploads\/2021\/07\/depart-tyrolienne.jpeg\" alt=\"d\u00e9part tyrolienne\" width=\"736\" height=\"552\" srcset=\"https:\/\/www.trois-a.org\/wp-content\/uploads\/2021\/07\/depart-tyrolienne.jpeg 1200w, https:\/\/www.trois-a.org\/wp-content\/uploads\/2021\/07\/depart-tyrolienne-300x225.jpeg 300w, https:\/\/www.trois-a.org\/wp-content\/uploads\/2021\/07\/depart-tyrolienne-1024x768.jpeg 1024w, https:\/\/www.trois-a.org\/wp-content\/uploads\/2021\/07\/depart-tyrolienne-768x576.jpeg 768w\" sizes=\"(max-width: 736px) 100vw, 736px\" \/><p id=\"caption-attachment-3722\" class=\"wp-caption-text\">Le d\u00e9part de la tyrolienne<\/p><\/div>\n<p style=\"text-align: center;\"><strong>Le Transarc<\/strong><\/p>\n<div id=\"attachment_3723\" style=\"width: 740px\" class=\"wp-caption aligncenter\"><img decoding=\"async\" aria-describedby=\"caption-attachment-3723\" class=\"wp-image-3723\" src=\"https:\/\/www.trois-a.org\/wp-content\/uploads\/2021\/07\/nouveau-depart-du-transarc.jpeg\" alt=\"nouveau d\u00e9part du Transarc\" width=\"740\" height=\"426\" srcset=\"https:\/\/www.trois-a.org\/wp-content\/uploads\/2021\/07\/nouveau-depart-du-transarc.jpeg 1320w, https:\/\/www.trois-a.org\/wp-content\/uploads\/2021\/07\/nouveau-depart-du-transarc-300x173.jpeg 300w, https:\/\/www.trois-a.org\/wp-content\/uploads\/2021\/07\/nouveau-depart-du-transarc-1024x590.jpeg 1024w, https:\/\/www.trois-a.org\/wp-content\/uploads\/2021\/07\/nouveau-depart-du-transarc-768x442.jpeg 768w\" sizes=\"(max-width: 740px) 100vw, 740px\" \/><p id=\"caption-attachment-3723\" class=\"wp-caption-text\">Vue d&rsquo;artiste du futur nouveau d\u00e9part du Transarc et la nouvelle piste d&rsquo;arriv\u00e9e sur la droite,\u00a0qui\u00a0diminuerait\u00a0sensiblement le rideau existant entre les r\u00e9sidences Mirantin 1, 2 et 3 et le Transarc. 3A se rapprochera des copropri\u00e9t\u00e9s concern\u00e9es pour formuler des observations concert\u00e9es.<\/p><\/div>\n<p>La r\u00e9novation du Transarc, retard\u00e9e pour cause de crise sanitaire et d\u00e9sormais pr\u00e9vue pour 2023, s&rsquo;accompagnera d&rsquo;un remodelage de l&rsquo;arriv\u00e9e des pistes vers la station de d\u00e9part. Ce remodelage suppose un d\u00e9boisement qui fait actuellement (du 5 juillet au 5 ao\u00fbt 21) l&rsquo;objet d&rsquo;<a href=\"https:\/\/www.trois-a.org?mailpoet_router&amp;endpoint=track&amp;action=click&amp;data=WzEzMCwiZjRhM2U5IiwiMTkiLCI5NDEzNzNlZGEyMzEiLGZhbHNlXQ\">une enqu\u00eate publique<\/a>. On pourra consulter l&rsquo;avis de la Mission R\u00e9gionale d&rsquo;Autorit\u00e9 Environnementale sur le l&rsquo;ensemble du projet de r\u00e9novation du Transarc\u00a0<a href=\"https:\/\/www.trois-a.org?mailpoet_router&amp;endpoint=track&amp;action=click&amp;data=WzEzMCwiZjRhM2U5IiwiMTkiLCI4OGYyMWZjZjhhNjIiLGZhbHNlXQ\" target=\"_blank\" rel=\"noopener\">ici<\/a>, ou tout le dossier du d\u00e9frichement\u00a0<a href=\"https:\/\/www.trois-a.org?mailpoet_router&amp;endpoint=track&amp;action=click&amp;data=WzEzMCwiZjRhM2U5IiwiMTkiLCIzYjljMzIwYTkwM2UiLGZhbHNlXQ\" target=\"_blank\" rel=\"noopener\">ici<\/a>.<\/p>\n<p style=\"text-align: center;\"><strong>Le Jardin Alpin<\/strong><\/p>\n<p>Les discussions entre ADS et la Mairie concernant le remplacement du t\u00e9l\u00e9si\u00e8ge du Jardin Alpin sont toujours en cours.<\/p>\n<div class=\"divider_line\"><\/div>\n<h2>9. Les VTT en station : quelle r\u00e9gulation ?<\/h2>\n<p><img decoding=\"async\" width=\"1320\" height=\"309\" class=\"wp-image-3724\" src=\"https:\/\/www.trois-a.org\/wp-content\/uploads\/2021\/07\/vtt.jpeg\" alt=\"VTT\" srcset=\"https:\/\/www.trois-a.org\/wp-content\/uploads\/2021\/07\/vtt.jpeg 1320w, https:\/\/www.trois-a.org\/wp-content\/uploads\/2021\/07\/vtt-300x70.jpeg 300w, https:\/\/www.trois-a.org\/wp-content\/uploads\/2021\/07\/vtt-1024x240.jpeg 1024w, https:\/\/www.trois-a.org\/wp-content\/uploads\/2021\/07\/vtt-768x180.jpeg 768w\" sizes=\"(max-width: 1320px) 100vw, 1320px\" \/><\/p>\n<p>Devant l&rsquo;engouement de la pratique du VTT et particuli\u00e8rement du VTT \u00e0 assistance \u00e9lectrique, la cohabitation des VTTistes et des promeneurs, aussi bien en station que sur les chemins en montagne, pose de plus en plus probl\u00e8me. Citons \u00e0 ce sujet un extrait du rapport moral de notre pr\u00e9sidente pr\u00e9sent\u00e9 lors de notre derni\u00e8re assembl\u00e9e g\u00e9n\u00e9rale :<\/p>\n<p>La FARSM a mis au point avec la F\u00e9d\u00e9ration fran\u00e7aise de cyclotourisme une charte de bonne utilisation des VTT. Ce document, que vous trouverez\u00a0<a href=\"https:\/\/www.trois-a.org\/wp-content\/uploads\/2019\/07\/Charte-du-VTT-FARSM.pdf\" target=\"_blank\" rel=\"noopener\">sur notre site Internet<\/a>, comprend une s\u00e9rie de sages recommandations, que nous aimerions voir porter \u00e0 la connaissance des usagers par ADS, les loueurs de v\u00e9los, les moniteurs de VTT et l\u2019Office du tourisme.<\/p>\n<p>La station de son c\u00f4t\u00e9 a pr\u00e9vu de\u00a0poser courant e\u0301te\u0301\u00a0une signale\u0301tique en amont des villages pour faire ralentir les VTTistes \u00e0 l&rsquo;approche des zones pi\u00e9tonni\u00e8res.<\/p>\n<div class=\"divider_line\"><\/div>\n<h2>10. La journ\u00e9e ramassage des d\u00e9chets<\/h2>\n<p><img decoding=\"async\" class=\"wp-image-3725 aligncenter\" src=\"https:\/\/www.trois-a.org\/wp-content\/uploads\/2021\/07\/ramassage-des-dechets.jpeg\" alt=\"Ramassage des d\u00e9chets\" width=\"570\" height=\"380\" srcset=\"https:\/\/www.trois-a.org\/wp-content\/uploads\/2021\/07\/ramassage-des-dechets.jpeg 595w, https:\/\/www.trois-a.org\/wp-content\/uploads\/2021\/07\/ramassage-des-dechets-300x200.jpeg 300w\" sizes=\"(max-width: 570px) 100vw, 570px\" \/><\/p>\n<p>&nbsp;<\/p>\n<p>3A, mais aussi le maire et ses enfants, ont particip\u00e9 \u00e0 la journ\u00e9e de ramassage de d\u00e9chets organis\u00e9e, comme chaque ann\u00e9e, par l&rsquo;association Mountain Riders (celle qui a d\u00e9cern\u00e9 le Flocon Vert aux Arcs), dont voici le compte-rendu :<\/p>\n<blockquote><p><em>A l&rsquo;occasion de nos 20 ans, nous \u00e9tions le 19 juin dernier \u00e0 Arc 1800 pour animer une op\u00e9ration de ramassage de d\u00e9chets en compagnie de nombreux autres acteurs pr\u00e9sents sur l&rsquo;\u00e9co-village de la journ\u00e9e.<\/em><br \/>\n<em>Gr\u00e2ce aux\u00a0<strong>150 b\u00e9n\u00e9voles et volontaires<\/strong>, c&rsquo;est plus de\u00a0<strong>308 kilos de d\u00e9chets\u00a0<\/strong>qui ont \u00e9t\u00e9 ramass\u00e9s !<\/em><br \/>\n<em>Une belle \u00e9dition qui montre que depuis 2001, la mobilisation de tous est n\u00e9cessaire pour faire changer les choses.<\/em><\/p><\/blockquote>\n<div class=\"divider\" style=\"border-color:rgba(231,32,32,1);border-bottom-width:4px\"><\/div>\n<p><img decoding=\"async\" class=\"wp-image-3726 aligncenter\" src=\"https:\/\/www.trois-a.org\/wp-content\/uploads\/2021\/07\/bandeau-3a.jpeg\" alt=\"bandeau 3A\" width=\"791\" height=\"232\" srcset=\"https:\/\/www.trois-a.org\/wp-content\/uploads\/2021\/07\/bandeau-3a.jpeg 1320w, https:\/\/www.trois-a.org\/wp-content\/uploads\/2021\/07\/bandeau-3a-300x88.jpeg 300w, https:\/\/www.trois-a.org\/wp-content\/uploads\/2021\/07\/bandeau-3a-1024x300.jpeg 1024w, https:\/\/www.trois-a.org\/wp-content\/uploads\/2021\/07\/bandeau-3a-768x225.jpeg 768w\" sizes=\"(max-width: 791px) 100vw, 791px\" \/><\/p>\n<p>Dialoguez avec nous<\/p>\n<p>Vous pouvez interagir avec nous :<br \/>\n* en utilisant\u00a0<a href=\"https:\/\/www.trois-a.org?mailpoet_router&amp;endpoint=track&amp;action=click&amp;data=WzEzMCwiZjRhM2U5IiwiMTkiLCIyMDI4NGJhZjkwOTEiLGZhbHNlXQ\">la rubrique \u00ab Exprimez-vous \u00bb<\/a>\u00a0(en haut \u00e0 droite de chaque page du site)<br \/>\n* en envoyant un mail \u00e0\u00a0<a href=\"https:\/\/www.trois-a.org?mailpoet_router&amp;endpoint=track&amp;action=click&amp;data=WzEzMCwiZjRhM2U5IiwiMTkiLCI2OTRkNTEyMzY1NGMiLGZhbHNlXQ\">contact@trois-a.org<\/a><br \/>\n* en postant un commentaire sur un article du site (ce qui permettra de dialoguer \u00e9galement avec les autres adh\u00e9rents)<br \/>\n* en participant aux r\u00e9unions \u00ab Propri\u00e9taire aux Arcs \u00bb que 3A organise r\u00e9guli\u00e8rement aux Arcs.<\/p>\n<p style=\"text-align: center;\">\u00a9 Avenir et Animation des Arcs 2021<\/p>\n","protected":false},"excerpt":{"rendered":"<p>T\u00e9l\u00e9chargez la version pdf des Br\u00e8ves de 3A n\u00b0 15 &nbsp; &nbsp; Les Br\u00e8ves de 3A n\u00b015 Juillet 2021 &nbsp; Tous les anciens num\u00e9ros des Br\u00e8ves de 3A sont disponibles en libre acc\u00e8s\u00a0ici. Apr\u00e8s avoir hibern\u00e9 comme nos ch\u00e8res marmottes, c\u2019est avec le plus grand plaisir que nous voyons l\u2019horizon se d\u00e9gager sur notre belle &#8230;<\/p>\n","protected":false},"author":386,"featured_media":3732,"comment_status":"open","ping_status":"closed","sticky":false,"template":"","format":"standard","meta":{"footnotes":""},"categories":[12,39,38,28],"tags":[48],"class_list":["post-3702","post","type-post","status-publish","format-standard","has-post-thumbnail","hentry","category-3a","category-actualite","category-breve","category-newsletter","tag-article-en-acces-libre"],"_links":{"self":[{"href":"https:\/\/www.trois-a.org\/index.php\/wp-json\/wp\/v2\/posts\/3702","targetHints":{"allow":["GET"]}}],"collection":[{"href":"https:\/\/www.trois-a.org\/index.php\/wp-json\/wp\/v2\/posts"}],"about":[{"href":"https:\/\/www.trois-a.org\/index.php\/wp-json\/wp\/v2\/types\/post"}],"author":[{"embeddable":true,"href":"https:\/\/www.trois-a.org\/index.php\/wp-json\/wp\/v2\/users\/386"}],"replies":[{"embeddable":true,"href":"https:\/\/www.trois-a.org\/index.php\/wp-json\/wp\/v2\/comments?post=3702"}],"version-history":[{"count":8,"href":"https:\/\/www.trois-a.org\/index.php\/wp-json\/wp\/v2\/posts\/3702\/revisions"}],"predecessor-version":[{"id":8222,"href":"https:\/\/www.trois-a.org\/index.php\/wp-json\/wp\/v2\/posts\/3702\/revisions\/8222"}],"wp:featuredmedia":[{"embeddable":true,"href":"https:\/\/www.trois-a.org\/index.php\/wp-json\/wp\/v2\/media\/3732"}],"wp:attachment":[{"href":"https:\/\/www.trois-a.org\/index.php\/wp-json\/wp\/v2\/media?parent=3702"}],"wp:term":[{"taxonomy":"category","embeddable":true,"href":"https:\/\/www.trois-a.org\/index.php\/wp-json\/wp\/v2\/categories?post=3702"},{"taxonomy":"post_tag","embeddable":true,"href":"https:\/\/www.trois-a.org\/index.php\/wp-json\/wp\/v2\/tags?post=3702"}],"curies":[{"name":"wp","href":"https:\/\/api.w.org\/{rel}","templated":true}]}}