{"id":357,"date":"2017-07-16T19:58:38","date_gmt":"2017-07-16T17:58:38","guid":{"rendered":"https:\/\/www.trois-a.org\/?p=357"},"modified":"2017-11-08T17:35:48","modified_gmt":"2017-11-08T16:35:48","slug":"le-projet-dads-pour-lamenagement-de-la-vallee-de-larc","status":"publish","type":"post","link":"https:\/\/www.trois-a.org\/index.php\/2017\/07\/16\/le-projet-dads-pour-lamenagement-de-la-vallee-de-larc\/","title":{"rendered":"Le projet d&rsquo;ADS pour l&rsquo;am\u00e9nagement de la vall\u00e9e de l&rsquo;Arc"},"content":{"rendered":"<p>A l&rsquo;occasion de la r\u00e9union d&rsquo;information tenue samedi 15 avril 2017, par Michel Giraudy, maire de Bourg-St-Maurice\/Les Arcs, et par Eric Chevalier, directeur de l&rsquo;Epic AB Tourisme, Fr\u00e9d\u00e9ric Charlot, directeur g\u00e9n\u00e9ral d&rsquo;ADS, a pr\u00e9sent\u00e9 le projet d&rsquo;am\u00e9nagement de la vall\u00e9e de l&rsquo;Arc, projet qui a \u00e9galement fait l&rsquo;objet de la newsletter suivante:<\/p>\n<p><img decoding=\"async\" src=\"https:\/\/www.trois-a.org\/wp-content\/uploads\/2017\/07\/adsnl_02.jpg\" alt=\"\" width=\"750\" height=\"345\" class=\"aligncenter size-full wp-image-358\" srcset=\"https:\/\/www.trois-a.org\/wp-content\/uploads\/2017\/07\/adsnl_02.jpg 750w, https:\/\/www.trois-a.org\/wp-content\/uploads\/2017\/07\/adsnl_02-300x138.jpg 300w\" sizes=\"(max-width: 750px) 100vw, 750px\" \/><\/p>\n<h3>Les d\u00e9tails du projet en cliquant sur l&rsquo;image ci-dessous<\/h3>\n<p><a href=\"https:\/\/www.trois-a.org\/wp-content\/uploads\/2017\/07\/ADS-presentaion-projet-vallee-de-l-Arc.pdf\"><img decoding=\"async\" src=\"https:\/\/www.trois-a.org\/wp-content\/uploads\/2017\/07\/presentation_vallee_de_l-arc.jpg\" alt=\"\" width=\"910\" height=\"683\" class=\"aligncenter size-full wp-image-363\" srcset=\"https:\/\/www.trois-a.org\/wp-content\/uploads\/2017\/07\/presentation_vallee_de_l-arc.jpg 910w, https:\/\/www.trois-a.org\/wp-content\/uploads\/2017\/07\/presentation_vallee_de_l-arc-300x225.jpg 300w, https:\/\/www.trois-a.org\/wp-content\/uploads\/2017\/07\/presentation_vallee_de_l-arc-768x576.jpg 768w\" sizes=\"(max-width: 910px) 100vw, 910px\" \/> <\/a><\/p>\n","protected":false},"excerpt":{"rendered":"<p>A l&rsquo;occasion de la r\u00e9union d&rsquo;information tenue samedi 15 avril 2017, par Michel Giraudy, maire de Bourg-St-Maurice\/Les Arcs, et par Eric Chevalier, directeur de l&rsquo;Epic AB Tourisme, Fr\u00e9d\u00e9ric Charlot, directeur g\u00e9n\u00e9ral d&rsquo;ADS, a pr\u00e9sent\u00e9 le projet d&rsquo;am\u00e9nagement de la vall\u00e9e de l&rsquo;Arc, projet qui a \u00e9galement fait l&rsquo;objet de la newsletter suivante: Les d\u00e9tails du &#8230;<\/p>\n","protected":false},"author":386,"featured_media":0,"comment_status":"closed","ping_status":"closed","sticky":false,"template":"","format":"standard","meta":{"footnotes":""},"categories":[18],"tags":[],"class_list":["post-357","post","type-post","status-publish","format-standard","hentry","category-ads"],"_links":{"self":[{"href":"https:\/\/www.trois-a.org\/index.php\/wp-json\/wp\/v2\/posts\/357","targetHints":{"allow":["GET"]}}],"collection":[{"href":"https:\/\/www.trois-a.org\/index.php\/wp-json\/wp\/v2\/posts"}],"about":[{"href":"https:\/\/www.trois-a.org\/index.php\/wp-json\/wp\/v2\/types\/post"}],"author":[{"embeddable":true,"href":"https:\/\/www.trois-a.org\/index.php\/wp-json\/wp\/v2\/users\/386"}],"replies":[{"embeddable":true,"href":"https:\/\/www.trois-a.org\/index.php\/wp-json\/wp\/v2\/comments?post=357"}],"version-history":[{"count":5,"href":"https:\/\/www.trois-a.org\/index.php\/wp-json\/wp\/v2\/posts\/357\/revisions"}],"predecessor-version":[{"id":365,"href":"https:\/\/www.trois-a.org\/index.php\/wp-json\/wp\/v2\/posts\/357\/revisions\/365"}],"wp:attachment":[{"href":"https:\/\/www.trois-a.org\/index.php\/wp-json\/wp\/v2\/media?parent=357"}],"wp:term":[{"taxonomy":"category","embeddable":true,"href":"https:\/\/www.trois-a.org\/index.php\/wp-json\/wp\/v2\/categories?post=357"},{"taxonomy":"post_tag","embeddable":true,"href":"https:\/\/www.trois-a.org\/index.php\/wp-json\/wp\/v2\/tags?post=357"}],"curies":[{"name":"wp","href":"https:\/\/api.w.org\/{rel}","templated":true}]}}