{"id":3370,"date":"2020-12-31T11:15:11","date_gmt":"2020-12-31T10:15:11","guid":{"rendered":"https:\/\/www.trois-a.org\/?p=3370"},"modified":"2025-05-26T07:39:31","modified_gmt":"2025-05-26T05:39:31","slug":"webinaire-abtourisme-du-29-decembre-2020","status":"publish","type":"post","link":"https:\/\/www.trois-a.org\/index.php\/2020\/12\/31\/webinaire-abtourisme-du-29-decembre-2020\/","title":{"rendered":"Webinaire ABTourisme du 29 d\u00e9cembre 2020"},"content":{"rendered":"<p>AB Tourisme a organis\u00e9 un webinaire \u00e0 destination de ses partenaires le 29 d\u00e9cembre.<\/p>\n<p>Vous pouvez rejouer cet \u00e9v\u00e8nement en suivant ce lien : <a href=\"https:\/\/lesarcs.us4.list-manage.com\/track\/click?u=9181f6992a1ea5a8b82481d46&amp;id=a92c0e15e7&amp;e=8a1d28dd16\">click<\/a><\/p>\n<p>Vous pourrez constater que la station est pr\u00eate \u00e0 ouvrir d\u00e8s le feu vert du gouvernement.<\/p>\n<p>&nbsp;<\/p>\n<div id=\"attachment_3371\" style=\"width: 376px\" class=\"wp-caption aligncenter\"><img decoding=\"async\" aria-describedby=\"caption-attachment-3371\" class=\"wp-image-3371\" src=\"https:\/\/www.trois-a.org\/wp-content\/uploads\/2020\/12\/2019-01-raquettes-en-foret-IMG_1659.jpg\" alt=\"\" width=\"376\" height=\"214\" srcset=\"https:\/\/www.trois-a.org\/wp-content\/uploads\/2020\/12\/2019-01-raquettes-en-foret-IMG_1659.jpg 1766w, https:\/\/www.trois-a.org\/wp-content\/uploads\/2020\/12\/2019-01-raquettes-en-foret-IMG_1659-300x171.jpg 300w, https:\/\/www.trois-a.org\/wp-content\/uploads\/2020\/12\/2019-01-raquettes-en-foret-IMG_1659-1024x584.jpg 1024w, https:\/\/www.trois-a.org\/wp-content\/uploads\/2020\/12\/2019-01-raquettes-en-foret-IMG_1659-768x438.jpg 768w, https:\/\/www.trois-a.org\/wp-content\/uploads\/2020\/12\/2019-01-raquettes-en-foret-IMG_1659-1536x876.jpg 1536w, https:\/\/www.trois-a.org\/wp-content\/uploads\/2020\/12\/2019-01-raquettes-en-foret-IMG_1659-1320x753.jpg 1320w\" sizes=\"(max-width: 376px) 100vw, 376px\" \/><p id=\"caption-attachment-3371\" class=\"wp-caption-text\">Aujourd&rsquo;hui&#8230;<\/p><\/div>\n<div id=\"attachment_3372\" style=\"width: 384px\" class=\"wp-caption aligncenter\"><img decoding=\"async\" aria-describedby=\"caption-attachment-3372\" class=\"wp-image-3372\" src=\"https:\/\/www.trois-a.org\/wp-content\/uploads\/2020\/12\/2019-01-trace-vers-clocheret.jpg\" alt=\"\" width=\"384\" height=\"227\" srcset=\"https:\/\/www.trois-a.org\/wp-content\/uploads\/2020\/12\/2019-01-trace-vers-clocheret.jpg 1759w, https:\/\/www.trois-a.org\/wp-content\/uploads\/2020\/12\/2019-01-trace-vers-clocheret-300x177.jpg 300w, https:\/\/www.trois-a.org\/wp-content\/uploads\/2020\/12\/2019-01-trace-vers-clocheret-1024x605.jpg 1024w, https:\/\/www.trois-a.org\/wp-content\/uploads\/2020\/12\/2019-01-trace-vers-clocheret-768x454.jpg 768w, https:\/\/www.trois-a.org\/wp-content\/uploads\/2020\/12\/2019-01-trace-vers-clocheret-1536x907.jpg 1536w, https:\/\/www.trois-a.org\/wp-content\/uploads\/2020\/12\/2019-01-trace-vers-clocheret-1320x780.jpg 1320w\" sizes=\"(max-width: 384px) 100vw, 384px\" \/><p id=\"caption-attachment-3372\" class=\"wp-caption-text\">Demain !<\/p><\/div>\n","protected":false},"excerpt":{"rendered":"<p>AB Tourisme a organis\u00e9 un webinaire \u00e0 destination de ses partenaires le 29 d\u00e9cembre. Vous pouvez rejouer cet \u00e9v\u00e8nement en suivant ce lien : click Vous pourrez constater que la station est pr\u00eate \u00e0 ouvrir d\u00e8s le feu vert du gouvernement. &nbsp;<\/p>\n","protected":false},"author":386,"featured_media":3371,"comment_status":"open","ping_status":"closed","sticky":false,"template":"","format":"standard","meta":{"footnotes":""},"categories":[16,39,14],"tags":[48],"class_list":["post-3370","post","type-post","status-publish","format-standard","has-post-thumbnail","hentry","category-abt","category-actualite","category-mairie","tag-article-en-acces-libre"],"_links":{"self":[{"href":"https:\/\/www.trois-a.org\/index.php\/wp-json\/wp\/v2\/posts\/3370","targetHints":{"allow":["GET"]}}],"collection":[{"href":"https:\/\/www.trois-a.org\/index.php\/wp-json\/wp\/v2\/posts"}],"about":[{"href":"https:\/\/www.trois-a.org\/index.php\/wp-json\/wp\/v2\/types\/post"}],"author":[{"embeddable":true,"href":"https:\/\/www.trois-a.org\/index.php\/wp-json\/wp\/v2\/users\/386"}],"replies":[{"embeddable":true,"href":"https:\/\/www.trois-a.org\/index.php\/wp-json\/wp\/v2\/comments?post=3370"}],"version-history":[{"count":1,"href":"https:\/\/www.trois-a.org\/index.php\/wp-json\/wp\/v2\/posts\/3370\/revisions"}],"predecessor-version":[{"id":3373,"href":"https:\/\/www.trois-a.org\/index.php\/wp-json\/wp\/v2\/posts\/3370\/revisions\/3373"}],"wp:featuredmedia":[{"embeddable":true,"href":"https:\/\/www.trois-a.org\/index.php\/wp-json\/wp\/v2\/media\/3371"}],"wp:attachment":[{"href":"https:\/\/www.trois-a.org\/index.php\/wp-json\/wp\/v2\/media?parent=3370"}],"wp:term":[{"taxonomy":"category","embeddable":true,"href":"https:\/\/www.trois-a.org\/index.php\/wp-json\/wp\/v2\/categories?post=3370"},{"taxonomy":"post_tag","embeddable":true,"href":"https:\/\/www.trois-a.org\/index.php\/wp-json\/wp\/v2\/tags?post=3370"}],"curies":[{"name":"wp","href":"https:\/\/api.w.org\/{rel}","templated":true}]}}