{"id":3179,"date":"2020-09-01T15:36:39","date_gmt":"2020-09-01T13:36:39","guid":{"rendered":"https:\/\/www.trois-a.org\/?p=3179"},"modified":"2025-05-26T07:35:56","modified_gmt":"2025-05-26T05:35:56","slug":"samedi-prochain-aidez-a-faire-un-beaute-a-votre-station","status":"publish","type":"post","link":"https:\/\/www.trois-a.org\/index.php\/2020\/09\/01\/samedi-prochain-aidez-a-faire-un-beaute-a-votre-station\/","title":{"rendered":"Samedi 5 septembre, grand nettoyage des Arcs !"},"content":{"rendered":"<p><span style=\"color: #ff0000;\">Mise \u00e0 jour du 5 septembre 2020<\/span><\/p>\n<p>Le \u00ab\u00a0monde d&rsquo;apr\u00e8s\u00a0\u00bb n&rsquo;est pas encore tout \u00e0 fait clean ! L\u2019op\u00e9ration de nettoyage n\u2019\u00e9tait pas superflue.<\/p>\n<p>Lors de l&rsquo;op\u00e9ration de ramassage des d\u00e9chets organis\u00e9e samedi 5 septembre, 670 kilos de d\u00e9chets ont \u00e9t\u00e9 ramass\u00e9s par quelque 300 participants, dont quelques propri\u00e9taires encore retranch\u00e9s aux Arcs. Merci \u00e0 eux !<\/p>\n<p>C&rsquo;est l&rsquo;Association <a href=\"https:\/\/www.mountain-riders.org\" target=\"_blank\" rel=\"noopener noreferrer\">Mountain Riders<\/a> qui organisait cette journ\u00e9e, une association d&rsquo;\u00e9ducation \u00e0 l&rsquo;environnement et au d\u00e9veloppement durable en montagne.<\/p>\n<p>Reportage sur <a href=\"https:\/\/www.facebook.com\/watch\/?v=4404417352963723&amp;extid=E0YLo5qCjJDEzmih\" target=\"_blank\" rel=\"noopener noreferrer\">FaceBook<\/a>.<\/p>\n<p><span style=\"color: #ff0000;\">Article original<\/span><\/p>\n<p><a href=\"https:\/\/mailchi.mp\/566231445537\/flash-info-du-26-aot-2020\" target=\"_blank\" rel=\"noopener noreferrer\"><img decoding=\"async\" class=\"alignnone wp-image-3177 aligncenter\" src=\"https:\/\/www.trois-a.org\/wp-content\/uploads\/2020\/09\/Stop-Waste-Les-Arcs.jpg\" alt=\"\" width=\"425\" height=\"346\" srcset=\"https:\/\/www.trois-a.org\/wp-content\/uploads\/2020\/09\/Stop-Waste-Les-Arcs.jpg 800w, https:\/\/www.trois-a.org\/wp-content\/uploads\/2020\/09\/Stop-Waste-Les-Arcs-300x245.jpg 300w, https:\/\/www.trois-a.org\/wp-content\/uploads\/2020\/09\/Stop-Waste-Les-Arcs-768x626.jpg 768w\" sizes=\"(max-width: 425px) 100vw, 425px\" \/><\/a><\/p>\n<p>Vous aimez notre station des Arcs. Vous l&rsquo;aimez encore plus quand elle est propre. Malheureusement, toute le monde ne la respecte pas comme nous le souhaiterions, et la fr\u00e9quentation cet \u00e9t\u00e9 ayant \u00e9t\u00e9 (tr\u00e8s) bonne, il faut faire le m\u00e9nage pour la saison d&rsquo;hiver. Si vous \u00eates sur place ce samedi 5 septembre, <span style=\"color: #0000ff;\"><a style=\"color: #0000ff;\" href=\"https:\/\/www.lesarcs.com\/stop-waste-tour-les-arcs\/inscription-stop-waste-tour-les-arcs.html\" target=\"_blank\" rel=\"noopener noreferrer\">participez<\/a><\/span> \u00e0 l&rsquo;op\u00e9ration <a href=\"https:\/\/mailchi.mp\/566231445537\/flash-info-du-26-aot-2020\" target=\"_blank\" rel=\"noopener noreferrer\"><span style=\"color: #0000ff;\">\u00ab\u00a0Stop Waste aux Arcs<\/span>\u00ab\u00a0<\/a> ! Merci de diffuser cette information autour de vous.<\/p>\n<p>Tous les d\u00e9tails en cliquant sur l&rsquo;illustration.<\/p>\n<p>&nbsp;<\/p>\n","protected":false},"excerpt":{"rendered":"<p>Mise \u00e0 jour du 5 septembre 2020 Le \u00ab\u00a0monde d&rsquo;apr\u00e8s\u00a0\u00bb n&rsquo;est pas encore tout \u00e0 fait clean ! L\u2019op\u00e9ration de nettoyage n\u2019\u00e9tait pas superflue. Lors de l&rsquo;op\u00e9ration de ramassage des d\u00e9chets organis\u00e9e samedi 5 septembre, 670 kilos de d\u00e9chets ont \u00e9t\u00e9 ramass\u00e9s par quelque 300 participants, dont quelques propri\u00e9taires encore retranch\u00e9s aux Arcs. Merci \u00e0 &#8230;<\/p>\n","protected":false},"author":386,"featured_media":3177,"comment_status":"open","ping_status":"closed","sticky":false,"template":"","format":"standard","meta":{"footnotes":""},"categories":[16,39,20],"tags":[48],"class_list":["post-3179","post","type-post","status-publish","format-standard","has-post-thumbnail","hentry","category-abt","category-actualite","category-environnement","tag-article-en-acces-libre"],"_links":{"self":[{"href":"https:\/\/www.trois-a.org\/index.php\/wp-json\/wp\/v2\/posts\/3179","targetHints":{"allow":["GET"]}}],"collection":[{"href":"https:\/\/www.trois-a.org\/index.php\/wp-json\/wp\/v2\/posts"}],"about":[{"href":"https:\/\/www.trois-a.org\/index.php\/wp-json\/wp\/v2\/types\/post"}],"author":[{"embeddable":true,"href":"https:\/\/www.trois-a.org\/index.php\/wp-json\/wp\/v2\/users\/386"}],"replies":[{"embeddable":true,"href":"https:\/\/www.trois-a.org\/index.php\/wp-json\/wp\/v2\/comments?post=3179"}],"version-history":[{"count":14,"href":"https:\/\/www.trois-a.org\/index.php\/wp-json\/wp\/v2\/posts\/3179\/revisions"}],"predecessor-version":[{"id":3207,"href":"https:\/\/www.trois-a.org\/index.php\/wp-json\/wp\/v2\/posts\/3179\/revisions\/3207"}],"wp:featuredmedia":[{"embeddable":true,"href":"https:\/\/www.trois-a.org\/index.php\/wp-json\/wp\/v2\/media\/3177"}],"wp:attachment":[{"href":"https:\/\/www.trois-a.org\/index.php\/wp-json\/wp\/v2\/media?parent=3179"}],"wp:term":[{"taxonomy":"category","embeddable":true,"href":"https:\/\/www.trois-a.org\/index.php\/wp-json\/wp\/v2\/categories?post=3179"},{"taxonomy":"post_tag","embeddable":true,"href":"https:\/\/www.trois-a.org\/index.php\/wp-json\/wp\/v2\/tags?post=3179"}],"curies":[{"name":"wp","href":"https:\/\/api.w.org\/{rel}","templated":true}]}}