{"id":3147,"date":"2020-08-24T07:14:50","date_gmt":"2020-08-24T05:14:50","guid":{"rendered":"https:\/\/www.trois-a.org\/?p=3147"},"modified":"2025-05-26T07:41:43","modified_gmt":"2025-05-26T05:41:43","slug":"pv-ag-2020","status":"publish","type":"post","link":"https:\/\/www.trois-a.org\/index.php\/2020\/08\/24\/pv-ag-2020\/","title":{"rendered":"PV AG 2020"},"content":{"rendered":"<p>&nbsp;<\/p>\n<h2><img decoding=\"async\" width=\"153\" height=\"119\" class=\"wp-image-3148 alignleft\" src=\"https:\/\/www.trois-a.org\/wp-content\/uploads\/2020\/08\/word-image-2.jpeg\" \/>Proc\u00e8s-Verbal de l\u2019Assembl\u00e9e G\u00e9n\u00e9rale ordinaire\u00a0de l\u2019association AVENIR ET ANIMATION DES ARCS\u00a0du 6 ao\u00fbt 2020<\/h2>\n<p>&nbsp;<\/p>\n<p>&nbsp;<\/p>\n<p style=\"text-align: center;\"><strong>\u00b0\u00b0\u00b0\u00b0\u00b0<\/strong><\/p>\n<p>Carole Rampazzo, Pr\u00e9sidente, ouvre la s\u00e9ance de l\u2019Assembl\u00e9e g\u00e9n\u00e9rale ordinaire \u00e0 15h 10.<\/p>\n<p>La r\u00e9union se tient au centre Bernard Taillefer, \u00e0 ARC 1800.<\/p>\n<p>93 membres sont pr\u00e9sents (79) ou repr\u00e9sent\u00e9s (14), soit plus de la moiti\u00e9 des adh\u00e9rents de l\u2019Association \u00e0 jour de leur cotisation \u00e0 la date de l\u2019AG.<\/p>\n<p>Avant de passer \u00e0 l\u2019ordre du jour de l\u2019AG, la Pr\u00e9sidente rappelle que celle-ci sera suivie d\u2019une r\u00e9union publique, au cours de laquelle le maire de Bourg-Saint-Maurice\/Les Arcs, M. Guillaume Desrues, pr\u00e9sentera les nouveaut\u00e9s et les projets pour les Arcs avec l\u2019accompagnement du directeur g\u00e9n\u00e9ral d\u2019ADS, M. Fr\u00e9d\u00e9ric Charlot et du directeur d\u2019AB Tourisme, M. \u00c9ric Chevalier. Cette r\u00e9union d\u00e9butera \u00e0 18 h, ce qui obligera \u00e0 cl\u00f4turer l\u2019AG \u00e0 17h. La r\u00e9union publique sera suivie d\u2019un vin d\u2019honneur offert par notre association et qui sera servi en plein air \u00e0 l\u2019ext\u00e9rieur du centre Taillefer.<\/p>\n<ol>\n<li><strong>Rapport moral <\/strong><\/li>\n<\/ol>\n<p>La pr\u00e9sidente pr\u00e9sente l\u2019action et les r\u00e9sultats de l\u2019ann\u00e9e \u00e9coul\u00e9e (le texte int\u00e9gral de son rapport moral est joint en annexe au pr\u00e9sent PV).<\/p>\n<p>En conclusion de son intervention, elle met l\u2019accent sur les orientations prioritaires de 3A soumises \u00e0 l\u2019approbation de l\u2019assembl\u00e9e g\u00e9n\u00e9rale\u00a0:<\/p>\n<ul>\n<li>pers\u00e9v\u00e9rer dans son action pour les am\u00e9liorations de la vie quotidienne et, en particulier la lutte contre le bruit et le laisser-aller \u00e9ventuel,<\/li>\n<li>encourager l\u2019embellissement de tous les sites et la promotion d\u2019une haute qualit\u00e9 de services dans tous les domaines, conform\u00e9ment aux attentes des clients d\u2019une grande station internationale.<\/li>\n<li>avoir avec la nouvelle municipalit\u00e9 et tous les partenaires de la station un dialogue \u00e0 la fois constructif, confiant et ferme.<\/li>\n<\/ul>\n<p><strong><em>R\u00e9solution 1\u00a0: <\/em><\/strong><em>l\u2019assembl\u00e9e approuve, \u00e0 l\u2019unanimit\u00e9, le rapport moral de la Pr\u00e9sidente<\/em><\/p>\n<ol>\n<li><strong>Rapport financier<\/strong><\/li>\n<\/ol>\n<p><strong>Jacqueline Houin, tr\u00e9sori\u00e8re de 3A, pr\u00e9sente les r\u00e9sultats de l\u2019exercice 2019<\/strong>.<\/p>\n<p>\u00ab\u00a0Les ressources de l\u2019exercice ont \u00e9t\u00e9 enregistr\u00e9es pour un montant de 6415\u00a0\u20ac (\u00e0 comparer \u00e0 5809\u00a0\u20ac \u00e0 fin 2018).<\/p>\n<p>Les charges ont \u00e9t\u00e9 comptabilis\u00e9es pour un montant de 3986\u00a0\u20ac (\u00e0 comparer \u00e0 5944,10\u00a0\u20ac \u00e0 fin 2018).<\/p>\n<p>Ainsi l\u2019exercice 2019, clos le 31 d\u00e9cembre, pr\u00e9sente un exc\u00e9dent de 2428 \u20ac, alors que l\u2019exercice pr\u00e9c\u00e9dent affichait un d\u00e9ficit de 135,10\u00a0\u20ac.<\/p>\n<p>Cet \u00e9cart de plus de 2500\u00a0\u20ac s\u2019explique d\u2019un c\u00f4t\u00e9 par une augmentation des cotisations et de l\u2019autre par une diminution des d\u00e9penses de r\u00e9ception\/animation.<\/p>\n<p>En effet, les festivit\u00e9s organis\u00e9es par la station et la commune pour les 50 ans des Arcs ne nous ont pas permis de r\u00e9aliser nos projets comme, entre autres, le cocktail de fin d\u2019ann\u00e9e et la r\u00e9ception d\u2019\u00e9t\u00e9 \u00e0 l\u2019Aiguille Grive.<\/p>\n<p>J\u2019anticipe en vous disant qu\u2019il en sera de m\u00eame sur l\u2019exercice 2020, mais cette fois-ci en raison du Coronavirus. Ainsi, notre tr\u00e9sorerie s\u2019en trouve renforc\u00e9e.<\/p>\n<p>Je proposerai au conseil d\u2019administration le placement d\u2019une somme de 5000\u00a0\u20ac sur un livret A Association r\u00e9mun\u00e9r\u00e9 \u00e0 0,5%. Soit un rapport de 25\u20ac\u00a0\/an<\/p>\n<p>Les sommes sont disponibles \u00e0 tout moment et sans frais de gestion.<\/p>\n<p>Si nous consid\u00e9rons les charges, elles s\u2019\u00e9l\u00e8vent \u00e0 3986 \u20ac.<\/p>\n<p>Fid\u00e8les aux d\u00e9cisions prises lors de la pr\u00e9c\u00e9dente assembl\u00e9e g\u00e9n\u00e9rale, nous avons reconduit notre soutien au golf pour 905\u00a0\u20ac en organisant notre\u00a019<sup>e<\/sup> coupe de golf, toujours pris\u00e9e, et notre soutien au Festival de musique pour 1\u00a0000\u00a0\u20ac.<\/p>\n<p>Nous avons \u00e9galement souhait\u00e9 renouveler en mars la rencontre amicale avec les pr\u00e9sidents de copropri\u00e9t\u00e9s, d\u2019US et d\u2019associations, et nous avons accueilli plus de 25 participants \u00e0 la salle Pierra Menta dans ce centre Taillefer.<\/p>\n<p>Les frais de r\u00e9ception, d\u2019AG ont engendr\u00e9 une d\u00e9pense de 566\u00a0\u20ac.<\/p>\n<p>Outre ces d\u00e9penses d\u2019animation et de r\u00e9ception, les d\u00e9penses de fonctionnement se sont \u00e9lev\u00e9es \u00e0 1\u00a0515\u00a0\u20ac\u00a0:<\/p>\n<ul>\n<li>des frais administratifs 81\u20ac<\/li>\n<li>des frais SNCF de 355 \u20ac d\u00e9placements Paris\/Bourg pour les r\u00e9unions EPIC<\/li>\n<li>des frais de publicit\u00e9 pour l\u2019h\u00e9bergement du site et l\u2019impression de flyers 424\u00a0\u20ac<\/li>\n<li>les cotisations \u00e0 AB Tourisme 374\u00a0\u20ac et 120\u00a0\u20ac pour deux F\u00e9d\u00e9rations de r\u00e9sidents en montagne, soit 494\u00a0\u20ac.<\/li>\n<li>des frais bancaires\u00a0: souscription d\u2019une carte bleue, cotisation et assurance obligatoire, le tout pour 161\u00a0\u20ac<\/li>\n<\/ul>\n<p>Le solde bancaire au 31\/12\/2019 s\u2019\u00e9l\u00e8ve \u00e0 10\u00a0909,71\u00a0\u20ac.<\/p>\n<p>Rappel\u00a0: le solde bancaire au 31\/12\/2018 s\u2019\u00e9levait \u00e0 8\u00a0937,80\u00a0\u20ac.<\/p>\n<p>Au bilan, nous avons enregistr\u00e9 784\u00a0\u20ac de ch\u00e8ques \u00e9mis non d\u00e9bit\u00e9s en 2018, 187,20\u00a0\u20ac factur\u00e9s d\u2019avance et 140\u00a0\u20ac de cotisations 2020 encaiss\u00e9es d\u2019avance.\u00a0\u00bb<\/p>\n<p><strong>Mme Houin pr\u00e9sente ensuite le projet de budget pr\u00e9visionnel pour l\u2019exercice 2020 et celui de budget pr\u00e9visionnel pour l\u2019exercice 2021<\/strong><\/p>\n<p>\u00ab\u00a0Il est difficile de pr\u00e9voir ce que sera l\u2019ann\u00e9e 2021. Pour 2019 nous avions pr\u00e9vu un budget \u00e0 l\u2019\u00e9quilibre et les r\u00e9sultats financiers ont \u00e9t\u00e9 meilleurs du fait de moindres d\u00e9penses .Si l\u2019assembl\u00e9e ne revient pas sur l\u2019accord donn\u00e9 pour soutenir le festival de musique \u00e0 hauteur de 1\u00a0000\u00a0\u20ac, et le golf et avec une cotisation abaiss\u00e9e \u00e0 30 \u20ac, le budget du prochain exercice pourrait s\u2019\u00e9quilibrer en recettes et en d\u00e9penses \u00e0 un niveau de 4\u00a0965\u00a0\u20ac.\u00a0\u00bb<\/p>\n<p>Mme Houin invite l\u2019assembl\u00e9e \u00e0 d\u00e9lib\u00e9rer sur le montant de la cotisation 2021 ainsi que sur le projet de budget pr\u00e9visionnel 2021 qui lui est pr\u00e9sent\u00e9 avec le maintien des contributions de 3A au festival de musique et au golf pour l\u2019ann\u00e9e prochaine.<\/p>\n<p><strong>\u00c0 la suite de cette pr\u00e9sentation et du d\u00e9bat qui la suit, la pr\u00e9sidente met aux voix les r\u00e9solutions financi\u00e8res suivantes\u00a0<\/strong>:<\/p>\n<p><strong><em>R\u00e9solution 2-1\u00a0:<\/em><\/strong> <em>L\u2019assembl\u00e9e approuve \u00e0 l\u2019unanimit\u00e9 les comptes de l\u2019exercice 2019 qui lui sont pr\u00e9sent\u00e9s et donne quitus \u00e0 la Tr\u00e9sori\u00e8re pour sa gestion de l\u2019exercice 2019.<\/em><\/p>\n<p><strong><em>R\u00e9solution 2-2\u00a0: <\/em><\/strong><em>L\u2019assembl\u00e9e approuve \u00e0 l\u2019unanimit\u00e9 les budgets pr\u00e9visionnels 2020 et 2021 qui lui sont pr\u00e9sent\u00e9s \u00e0 l\u2019\u00e9quilibre <\/em><\/p>\n<p><strong><em>R\u00e9solution 2-3\u00a0:\u00a0<\/em><\/strong><em>L\u2019assembl\u00e9e d\u00e9cide \u00e0 une tr\u00e8s large majorit\u00e9 le maintien de la cotisation annuelle \u00e0 35\u00a0\u20ac pour 2021.<\/em><\/p>\n<ol>\n<li><strong>Renouvellement du Conseil d\u2019Administration (cf PJ)<\/strong><\/li>\n<\/ol>\n<p>Comme chaque ann\u00e9e, l\u2019Assembl\u00e9e doit proc\u00e9der au renouvellement d\u2019un tiers du Conseil d\u2019Administration.<\/p>\n<p>Les mandats non soumis au renouvellement sont ceux de Carole Rampazzo, Bernard Seligmann, Christian Helft, Alain Rius, Jean-Louis Narquin, Paul Landowski, Bernard Hollebeke et Thomas Di Lorenzo.<\/p>\n<p>Les mandats arrivant \u00e0 \u00e9ch\u00e9ance en 2020 sont ceux de Jacqueline Houin et de Miren Vercollier.<\/p>\n<p>Il est propos\u00e9 \u00e0 l\u2019assembl\u00e9e le renouvellement de leur mandat.<\/p>\n<p>Deux postes d\u2019administrateurs sont vacants.<\/p>\n<p>Alain Domenget et Herv\u00e9 Panthier se sont port\u00e9s candidats, et leur candidature a \u00e9t\u00e9 agr\u00e9\u00e9e par le conseil d\u2019administration.<\/p>\n<p><strong>La pr\u00e9sidente constate qu\u2019aucune autre candidature ne s\u2019est manifest\u00e9e et met aux voix les r\u00e9solutions suivantes\u00a0:<\/strong><\/p>\n<p><strong><em>R\u00e9solution 3 :<\/em><\/strong><\/p>\n<p>3-1 <em>L\u2019assembl\u00e9e vote, \u00e0 l\u2019unanimit\u00e9, le renouvellement des mandats de Mmes Jacqueline Houin et Miren Vercollier, pour une dur\u00e9e de 3 ans, venant \u00e0 \u00e9ch\u00e9ance en ao\u00fbt 2023.<\/em><\/p>\n<p><em>3-2 Elle vote \u00e0 l\u2019unanimit\u00e9 les nominations de MM. Alain Domenget et Herv\u00e9 Panthier pour la m\u00eame dur\u00e9e de 3 ans venant \u00e0 \u00e9ch\u00e9ance en ao\u00fbt 2023.<\/em><\/p>\n<p><strong>4- Questions diverses<\/strong><\/p>\n<p>La pr\u00e9sidente ouvre \u00e0 16h30 la discussion g\u00e9n\u00e9rale :<\/p>\n<p><strong>Sont successivement abord\u00e9s les points suivants\u00a0:<\/strong><\/p>\n<p><strong>-Le projet ADS de regroupement de ses bureaux administratifs sur Arc 1600<\/strong>\u00a0:<\/p>\n<p>Le projet sur la zone de retournement des navettes est en \u00ab\u00a0stand-by\u00a0\u00bb.<\/p>\n<p>Il para\u00eet tr\u00e8s souhaitable d\u2019y ins\u00e9rer un accueil couvert pour les clients des navettes inter-stations<\/p>\n<p><strong>-Le projet de la Ma\u00eftaz\u00a0:<\/strong><\/p>\n<p>La phase du PLU autorisant cette possibilit\u00e9 a \u00e9t\u00e9 d\u00e9cid\u00e9e par la commune de Landry. Nous attendons maintenant de pied ferme la pr\u00e9sentation par un promoteur d\u2019un projet concret.<\/p>\n<p>Hubert Dutrievoz, pr\u00e9sident de l\u2019association de la Ma\u00eftaz, remercie chaleureusement 3A pour son soutien dans son combat.<\/p>\n<p><strong>-Des difficult\u00e9s de stationnement\u00a0: <\/strong><\/p>\n<p>Devant l\u2019immeuble du Ruitor et devant celui du Vogel, l\u2019aire de stationnement minute n\u2019est pas correctement respect\u00e9e.<\/p>\n<p>Ne pas oublier de saisir 3A (Jean-Louis Narquin) en m\u00eame temps que la municipalit\u00e9 pour l\u2019hiver prochain.<\/p>\n<p><strong>De fa\u00e7on plus g\u00e9n\u00e9rale, ne pas oublier de mettre 3A dans la boucle des correspondances signalant \u00e0 la municipalit\u00e9 toute difficult\u00e9 pour permettre le soutien de 3A.<\/strong><\/p>\n<p>Dans le parking public de Charmettoger, mieux organiser la coexistence des places r\u00e9serv\u00e9es pour les clients de l\u2019h\u00f4tel de l\u2019Aiguille Grive et les besoins des autres usagers, \u00e0 commencer par les propri\u00e9taires de Charmettoger.<\/p>\n<p><strong>-Le niveau d\u2019entretien dans le secteur de Charmettoger\u00a0:<\/strong><\/p>\n<p>N\u00e9cessit\u00e9 de r\u00e9fection de l\u2019escalier m\u00e9tallique desservant les Mirantins d\u00e9j\u00e0 signal\u00e9e \u00e0 la municipalit\u00e9\u00a0: ne pas attendre les projets d\u2019am\u00e9nagement li\u00e9s au remplacement du Transarc\u00a0;<\/p>\n<p>N\u00e9cessit\u00e9 d\u2019am\u00e9nager et de bien entretenir les espaces bois\u00e9s communaux autour des copropri\u00e9t\u00e9s des Aiguille Grive (\u00e0 la suite de l\u2019intervention de JL Narquin, une premi\u00e8re r\u00e9union est pr\u00e9vue entre les services techniques et les syndics pour clarifier la consistance des demandes et celle des solutions possibles).<\/p>\n<p><strong>-La Folie Douce et le golf\u00a0:<\/strong><\/p>\n<p>D\u00e9vastation de l\u2019apparence et de l\u2019\u00e9tat du terrain du trou n\u00b01 rendant r\u00e9pulsif un paysage jusqu\u2019alors magnifique. La r\u00e9paration (\u00e0 la charge d\u2019ADS) tarde trop \u00e0 se concr\u00e9tiser.<\/p>\n<p>Souhait de retrouver un accueil agr\u00e9able (boisson et restauration l\u00e9g\u00e8re) pour les golfeurs et les non-golfeurs, qui a \u00e9t\u00e9 perdu avec la non-ouverture de la Folie Douce pendant l\u2019\u00e9t\u00e9.<\/p>\n<p><strong>-L\u2019Ecrin \u00e0 Arc 1800<\/strong><\/p>\n<p>Non-respect du permis de construire, qui impose une couleur de fa\u00e7ade identique \u00e0 celle des r\u00e9sidences voisines. La municipalit\u00e9 a fait conna\u00eetre que cela bloquait l\u2019attribution du certificat de conformit\u00e9.<\/p>\n<p><strong>-La s\u00e9curit\u00e9 sur les pistes de ski<\/strong><\/p>\n<p>Trop d\u2019accidents graves provoqu\u00e9s par l\u2019imprudence des snowboards. Une r\u00e9action est n\u00e9cessaire, par exemple en leur r\u00e9servant des pistes distinctes, ou par toute autre mesure restant \u00e0 d\u00e9finir.<\/p>\n<p>&#8211;<strong>La s\u00e9curit\u00e9 des pi\u00e9tons menac\u00e9e par des VTT (ou VTTAE) <\/strong>qui sont d\u00e9pourvus de signal sonore et vont trop vite sur les routes et les cheminements fr\u00e9quent\u00e9s prioritairement par les pi\u00e9tons.<\/p>\n<p>La FARSM a mis au point une charte des VTT qui m\u00e9rite d\u2019\u00eatre largement diffus\u00e9e, notamment aux \u00e9coles de VTT et aux loueurs de v\u00e9los.<\/p>\n<p><strong>-La s\u00e9curit\u00e9 publique et sanitaire\u00a0:<\/strong><\/p>\n<p>Souhait d\u2019une pr\u00e9sence plus assidue et active de la gendarmerie et de la police municipale pour veiller au respect des consignes sanitaires dans les espaces tr\u00e8s circul\u00e9s.<\/p>\n<p>N\u00e9cessit\u00e9 pour chacun d\u2019un comportement exemplaire (port du masque)<strong>.<\/strong><\/p>\n<p>L\u2019ordre du jour \u00e9tant \u00e9puis\u00e9, l\u2019Assembl\u00e9e G\u00e9n\u00e9rale est close \u00e0 16h 50.<\/p>\n<p>Elle se prolonge du tirage des lots de la tombola ouverte \u00e0 toutes les personnes pr\u00e9sentes \u00e0 l\u2019AG.<\/p>\n<p>Carole Rampazzo, pr\u00e9sidente, Bernard Seligmann, vice-pr\u00e9sident<\/p>\n<p>&nbsp;<\/p>\n","protected":false},"excerpt":{"rendered":"<p>&nbsp; Proc\u00e8s-Verbal de l\u2019Assembl\u00e9e G\u00e9n\u00e9rale ordinaire\u00a0de l\u2019association AVENIR ET ANIMATION DES ARCS\u00a0du 6 ao\u00fbt 2020 &nbsp; &nbsp; \u00b0\u00b0\u00b0\u00b0\u00b0 Carole Rampazzo, Pr\u00e9sidente, ouvre la s\u00e9ance de l\u2019Assembl\u00e9e g\u00e9n\u00e9rale ordinaire \u00e0 15h 10. La r\u00e9union se tient au centre Bernard Taillefer, \u00e0 ARC 1800. 93 membres sont pr\u00e9sents (79) ou repr\u00e9sent\u00e9s (14), soit plus de la moiti\u00e9 &#8230;<\/p>\n","protected":false},"author":386,"featured_media":0,"comment_status":"open","ping_status":"closed","sticky":false,"template":"","format":"standard","meta":{"footnotes":""},"categories":[12,25],"tags":[48],"class_list":["post-3147","post","type-post","status-publish","format-standard","hentry","category-3a","category-ag","tag-article-en-acces-libre"],"_links":{"self":[{"href":"https:\/\/www.trois-a.org\/index.php\/wp-json\/wp\/v2\/posts\/3147","targetHints":{"allow":["GET"]}}],"collection":[{"href":"https:\/\/www.trois-a.org\/index.php\/wp-json\/wp\/v2\/posts"}],"about":[{"href":"https:\/\/www.trois-a.org\/index.php\/wp-json\/wp\/v2\/types\/post"}],"author":[{"embeddable":true,"href":"https:\/\/www.trois-a.org\/index.php\/wp-json\/wp\/v2\/users\/386"}],"replies":[{"embeddable":true,"href":"https:\/\/www.trois-a.org\/index.php\/wp-json\/wp\/v2\/comments?post=3147"}],"version-history":[{"count":6,"href":"https:\/\/www.trois-a.org\/index.php\/wp-json\/wp\/v2\/posts\/3147\/revisions"}],"predecessor-version":[{"id":3156,"href":"https:\/\/www.trois-a.org\/index.php\/wp-json\/wp\/v2\/posts\/3147\/revisions\/3156"}],"wp:attachment":[{"href":"https:\/\/www.trois-a.org\/index.php\/wp-json\/wp\/v2\/media?parent=3147"}],"wp:term":[{"taxonomy":"category","embeddable":true,"href":"https:\/\/www.trois-a.org\/index.php\/wp-json\/wp\/v2\/categories?post=3147"},{"taxonomy":"post_tag","embeddable":true,"href":"https:\/\/www.trois-a.org\/index.php\/wp-json\/wp\/v2\/tags?post=3147"}],"curies":[{"name":"wp","href":"https:\/\/api.w.org\/{rel}","templated":true}]}}