{"id":2960,"date":"2020-07-09T22:22:23","date_gmt":"2020-07-09T20:22:23","guid":{"rendered":"https:\/\/www.trois-a.org\/?p=2960"},"modified":"2025-05-26T07:42:50","modified_gmt":"2025-05-26T05:42:50","slug":"les-breve-de-3a-n11","status":"publish","type":"post","link":"https:\/\/www.trois-a.org\/index.php\/2020\/07\/09\/les-breve-de-3a-n11\/","title":{"rendered":"Les Br\u00e8ve de 3A n\u00b011"},"content":{"rendered":"<p>Lisez et t\u00e9l\u00e9chargez la <a href=\"https:\/\/www.trois-a.org\/wp-content\/uploads\/2020\/07\/Les-Br\u00e8ves-de-3A-n\u00b011-juillet-2020.pdf\" target=\"_blank\" rel=\"noopener noreferrer\">version pdf<\/a>.<\/p>\n<p><img decoding=\"async\" class=\"wp-image-2962 aligncenter\" src=\"https:\/\/www.trois-a.org\/wp-content\/uploads\/2020\/07\/word-image.jpg\" width=\"432\" height=\"357\" srcset=\"https:\/\/www.trois-a.org\/wp-content\/uploads\/2020\/07\/word-image.jpg 1161w, https:\/\/www.trois-a.org\/wp-content\/uploads\/2020\/07\/word-image-300x248.jpg 300w, https:\/\/www.trois-a.org\/wp-content\/uploads\/2020\/07\/word-image-1024x846.jpg 1024w, https:\/\/www.trois-a.org\/wp-content\/uploads\/2020\/07\/word-image-768x634.jpg 768w\" sizes=\"(max-width: 432px) 100vw, 432px\" \/><\/p>\n<h1 style=\"text-align: center;\">Les Br\u00e8ves de 3A n\u00b011 &#8211; juillet 2020<\/h1>\n<p><img decoding=\"async\" width=\"1024\" height=\"4\" class=\"wp-image-2963\" src=\"https:\/\/www.trois-a.org\/wp-content\/uploads\/2020\/07\/word-image-1.jpg\" srcset=\"https:\/\/www.trois-a.org\/wp-content\/uploads\/2020\/07\/word-image-1.jpg 1024w, https:\/\/www.trois-a.org\/wp-content\/uploads\/2020\/07\/word-image-1-300x1.jpg 300w, https:\/\/www.trois-a.org\/wp-content\/uploads\/2020\/07\/word-image-1-768x3.jpg 768w\" sizes=\"(max-width: 1024px) 100vw, 1024px\" \/><\/p>\n<h2 style=\"text-align: center;\">Derni\u00e8re minute<\/h2>\n<p>Les adh\u00e9rents au nouveau <a href=\"https:\/\/www.trois-a.org\/index.php\/2020\/01\/12\/la-reunion-proprietaire-aux-arcs-le-nouveau-programme-avantages-proprietaires-en-piste\/\">pro<\/a>gramme Avantages Propri\u00e9taires viennent de recevoir l&rsquo;annonce de l&rsquo;arr\u00eat de ce programme. 3A ne manquera pas de vous tenir inform\u00e9s des suites de cette d\u00e9cision regrettable \u00e0 bien des \u00e9gards.<\/p>\n<hr \/>\n<p>Les vacances sont l\u00e0, et quoi de mieux que la montagne et le domaine des Arcs pour nous ressourcer ? Dans le contexte particulier que nous venons de connaitre, toutes les difficult\u00e9s ont \u00e9t\u00e9 surmont\u00e9es par l\u2019ensemble des acteurs de la station pour nous faire passer un bel \u00e9t\u00e9 tant sportif que culturel. Nous serons heureux de nous retrouver dans cette station \u00e0 laquelle nous sommes tous attach\u00e9s. \u00c0 tr\u00e8s bient\u00f4t.<\/p>\n<p>Carole Rampazzo pr\u00e9sidente de 3A<\/p>\n<hr \/>\n<h2 style=\"text-align: center;\">Un nouveau maire et une nouvelle \u00e9quipe municipale pour\u00a0Bourg-Saint-Maurice\/Les Arcs<\/h2>\n<p><img decoding=\"async\" class=\"wp-image-2964 aligncenter\" src=\"https:\/\/www.trois-a.org\/wp-content\/uploads\/2020\/07\/word-image-2.jpg\" width=\"232\" height=\"235\" srcset=\"https:\/\/www.trois-a.org\/wp-content\/uploads\/2020\/07\/word-image-2.jpg 694w, https:\/\/www.trois-a.org\/wp-content\/uploads\/2020\/07\/word-image-2-296x300.jpg 296w\" sizes=\"(max-width: 232px) 100vw, 232px\" \/><\/p>\n<p>Le deuxi\u00e8me tour des \u00e9lections municipales s\u2019est d\u00e9roul\u00e9 \u00e0 Bourg-Saint-Maurice\/les Arcs avec un taux de participation de 55% (+ 7 points par rapport au pr\u00e9c\u00e9dent scrutin de 2014).<\/p>\n<p>La liste <a href=\"https:\/\/www.bam2020.fr\/\">BAM \u00ab Bour<\/a>g-Saint-Maurice les Arcs et Moi \u00bb, men\u00e9e par Guillaume Desrues, est arriv\u00e9e en t\u00eate des suffrages, avec 62,5% des votes, la liste conduite par Michel GIRAUDY en r\u00e9unissant 37,5% (score comparable \u00e0 celui de 2014, 35,8%).<\/p>\n<p>Le 3 juillet, Guillaume Desrues a \u00e9t\u00e9 \u00e9lu maire, et ses adjoints d\u00e9sign\u00e9s. Laurent Chelle, ancien directeur g\u00e9n\u00e9ral d\u2019ADS, a \u00e9t\u00e9 nomm\u00e9 adjoint charg\u00e9 de l\u2019\u00e9conomie et du tourisme. Il pr\u00e9sidera le comit\u00e9 directeur d&rsquo;AB Tourisme.<\/p>\n<p>Vous trouverez <a href=\"https:\/\/www.trois-a.org\/index.php\/2020\/02\/23\/les-reponses-des-candidats\/\">sur le site de 3A<\/a> la r\u00e9ponse de Guillaume Desrues au questionnaire que 3A avait adress\u00e9 aux trois candidats sur tous les sujets jug\u00e9s importants pour nos adh\u00e9rents.<\/p>\n<p>Parmi les \u00ab engagements \u00bb de la nouvelle \u00e9quipe, 3A sera particuli\u00e8rement attentive \u00e0 la mise en \u0153uvre de ceux-ci :<\/p>\n<ul>\n<li>le principe d\u2019une gestion municipale nettement plus concert\u00e9e, et plus transparente,<\/li>\n<li>la mise en place, aux Arcs, d\u2019un \u00ab coordinateur de station \u00bb, ainsi que d\u2019une \u00ab maison des propri\u00e9taires, lieu d\u2019\u00e9changes et d\u2019information \u00bb,<\/li>\n<li>l\u2019annonce d\u2019un moratoire sur la construction de nouveaux lits touristiques,<\/li>\n<li>une volont\u00e9 d&rsquo;amplification des actions visant \u00e0 la r\u00e9novation et l\u2019am\u00e9lioration de la qualit\u00e9 \u00e9nerg\u00e9tique des logements touristiques,<\/li>\n<li>un plan d\u2019am\u00e9lioration de la qualit\u00e9 de l\u2019accueil et des parcours clients sur les diff\u00e9rents sites des Arcs et de Bourg-Saint-Maurice<\/li>\n<\/ul>\n<p>Fid\u00e8le \u00e0 sa tradition, 3A compte bien poursuivre avec la nouvelle \u00e9quipe le dialogue constructif, courtois et ferme qui s\u2019\u00e9tait d\u00e9velopp\u00e9 avec l\u2019ancienne \u00e9quipe.<\/p>\n<hr \/>\n<h2 style=\"text-align: center;\">Une saison d&rsquo;\u00e9t\u00e9 2020 aux Arcs accueillante et sportive<\/h2>\n<p><img decoding=\"async\" class=\"wp-image-2965 aligncenter\" src=\"https:\/\/www.trois-a.org\/wp-content\/uploads\/2020\/07\/word-image-3.jpg\" width=\"348\" height=\"231\" srcset=\"https:\/\/www.trois-a.org\/wp-content\/uploads\/2020\/07\/word-image-3.jpg 859w, https:\/\/www.trois-a.org\/wp-content\/uploads\/2020\/07\/word-image-3-300x199.jpg 300w, https:\/\/www.trois-a.org\/wp-content\/uploads\/2020\/07\/word-image-3-768x509.jpg 768w\" sizes=\"(max-width: 348px) 100vw, 348px\" \/><\/p>\n<ul>\n<li>Les liaisons seront assur\u00e9es toutes les demi-heures entre les stations des Arcs (comme 3A l\u2019avait demand\u00e9) ainsi qu\u2019avec Bourg-Saint Maurice (par le funiculaire gratuit cet \u00e9t\u00e9 pour les pi\u00e9tons)<\/li>\n<li>Les activit\u00e9s \u00ab <a href=\"https:\/\/www.lesarcs.com\/hero.html\">HERO LES ARCS<\/a> \u00bb d\u00e9j\u00e0 propos\u00e9es en 2019 sur Arc 1800 et Arc 1600 seront int\u00e9gralement reconduites cet \u00e9t\u00e9.<\/li>\n<\/ul>\n<p>Covid 19 oblige, les r\u00e8gles sanitaires d\u00e9finies au niveau national seront scrupuleusement respect\u00e9es.<\/p>\n<p>Cela pourra affecter la capacit\u00e9 d&rsquo;accueil de HERO LES ARCS pour certaines activit\u00e9s sur les quelques semaines les plus charg\u00e9es.<\/p>\n<p>Ne pas h\u00e9siter \u00e0 r\u00e9server \u00e0 l&rsquo;avance pour le mois d&rsquo;ao\u00fbt !<\/p>\n<hr \/>\n<p><img decoding=\"async\" class=\"wp-image-2966 aligncenter\" src=\"https:\/\/www.trois-a.org\/wp-content\/uploads\/2020\/07\/word-image-4.jpg\" width=\"472\" height=\"351\" srcset=\"https:\/\/www.trois-a.org\/wp-content\/uploads\/2020\/07\/word-image-4.jpg 1019w, https:\/\/www.trois-a.org\/wp-content\/uploads\/2020\/07\/word-image-4-300x223.jpg 300w, https:\/\/www.trois-a.org\/wp-content\/uploads\/2020\/07\/word-image-4-768x571.jpg 768w\" sizes=\"(max-width: 472px) 100vw, 472px\" \/><\/p>\n<p>Quel plaisir de retrouver les fairways du golf des Arcs, qui a ouvert le 4 juillet pour une belle saison estivale.<\/p>\n<ul>\n<li>Le gazon a bien profit\u00e9 de la fonte des neiges rapide, et les pluies de d\u00e9but juin ont permis d\u2019arroser l\u2019ensemble du parcours<\/li>\n<li>Les r\u00e8gles sanitaires pr\u00e9conis\u00e9es par la f\u00e9d\u00e9ration fran\u00e7aise de golf seront parfaitement appliqu\u00e9es tant sur le parcours qu\u2019au sein du club house, des vestiaires et du bar<\/li>\n<li>Les comp\u00e9titions sont \u00e0 nouveau possibles ; r\u00e9servez d\u2019ores et d\u00e9j\u00e0 la date du 12 ao\u00fbt pour la comp\u00e9tition 3A (formule scramble \u00e0 2).<\/li>\n<\/ul>\n<p>A bient\u00f4t !<\/p>\n<p style=\"text-align: center;\"><strong>Du nouveau pour nos jeunes golfeurs enfants ou petits-enfants de propri\u00e9taires<\/strong><\/p>\n<p>Julien Constans, pro de golf, propose un groupe loisir \u00e9cole de golf le dimanche de 10h30 \u00e0 12h, \u00e0 partir du dimanche 12 juillet jusqu&rsquo;au dimanche 30 ao\u00fbt.<\/p>\n<p>Ce groupe est r\u00e9serv\u00e9 aux enfants et\/ou petits-enfants de propri\u00e9taires aux Arcs, de 7 \u00e0 12 ans. Le tarif unique est de 150\u20ac pour l&rsquo;\u00e9cole de golf, pr\u00e9voir aussi la licence au tarif de 19\u20ac, ainsi que l&rsquo;adh\u00e9sion aux deux associations du golf, de 10\u20ac chacune. En plus des s\u00e9ances avec un enseignant PGA France tous les dimanches, le parcours compact du Bochet est en acc\u00e8s illimit\u00e9 (sous r\u00e9serve de la licence, de l&rsquo;adh\u00e9sion aux associations du golf, et de la r\u00e9servation aupr\u00e8s de l&rsquo;accueil).<\/p>\n<p><a href=\"mailto:ecole@golf-des-arcs.fr\">Pour tout renseignement, vous pouvez adresser un mail \u00e0 Julien \u00e0<\/a> ecole@golf-des-arcs.fr<\/p>\n<p>Changement de grip !<\/p>\n<p>Julien propose aussi un nouveau service que nous vous invitons \u00e0 tester :<\/p>\n<p><img decoding=\"async\" class=\"wp-image-2967 aligncenter\" src=\"https:\/\/www.trois-a.org\/wp-content\/uploads\/2020\/07\/word-image-5.jpg\" width=\"305\" height=\"431\" srcset=\"https:\/\/www.trois-a.org\/wp-content\/uploads\/2020\/07\/word-image-5.jpg 673w, https:\/\/www.trois-a.org\/wp-content\/uploads\/2020\/07\/word-image-5-212x300.jpg 212w\" sizes=\"(max-width: 305px) 100vw, 305px\" \/><\/p>\n<hr \/>\n<p><img decoding=\"async\" width=\"2075\" height=\"527\" class=\"wp-image-2968\" src=\"https:\/\/www.trois-a.org\/wp-content\/uploads\/2020\/07\/word-image-6.jpg\" srcset=\"https:\/\/www.trois-a.org\/wp-content\/uploads\/2020\/07\/word-image-6.jpg 2075w, https:\/\/www.trois-a.org\/wp-content\/uploads\/2020\/07\/word-image-6-300x76.jpg 300w, https:\/\/www.trois-a.org\/wp-content\/uploads\/2020\/07\/word-image-6-1024x260.jpg 1024w, https:\/\/www.trois-a.org\/wp-content\/uploads\/2020\/07\/word-image-6-768x195.jpg 768w, https:\/\/www.trois-a.org\/wp-content\/uploads\/2020\/07\/word-image-6-1536x390.jpg 1536w, https:\/\/www.trois-a.org\/wp-content\/uploads\/2020\/07\/word-image-6-2048x520.jpg 2048w, https:\/\/www.trois-a.org\/wp-content\/uploads\/2020\/07\/word-image-6-1320x335.jpg 1320w\" sizes=\"(max-width: 2075px) 100vw, 2075px\" \/><\/p>\n<p><a href=\"http:\/\/www.festivaldesarcs.com\/\"><strong>Invention et innovation <\/strong><\/a>: tels sont les mots clefs du 47e Festival de Musique des <a href=\"http:\/\/www.festivaldesarcs.com\/\"> Arcs<\/a>.<\/p>\n<p><strong>Un nouveau lieu<\/strong>, pour un concert en plein air : <strong>la place basse des VILLARDS<\/strong>. Chaque jour, le programme du lendemain sera annonc\u00e9 pour une \u00e9dition libre et spontan\u00e9e, recentr\u00e9e sur le c\u0153ur du r\u00e9pertoire de la musique de chambre, avec notamment les \u0153uvres de la compositrice <a href=\"https:\/\/www.camillepepin.com\/\">Camille PEPIN<\/a>, prim\u00e9e aux Victoires de la Musique 2020, invit\u00e9e en r\u00e9sidence.<\/p>\n<p><a href=\"https:\/\/rogergodino.festivaldesarcs.com\/\"><strong>Restez connect\u00e9s ! <\/strong><\/a>D\u00e9couvrez la nouvelle sc\u00e8ne digitale du festival : l\u2019Espace Roger GODINO sur <a href=\"http:\/\/www.festivaldesarcs.com\/\">www.festivaldesarcs.com<\/a><a href=\"https:\/\/rogergodino.festivaldesarcs.com\/\"> : concerts en streaming, conf\u00e9rences en repla<\/a>y, animations jeune public, interviews&#8230;<\/p>\n<p><img decoding=\"async\" class=\"wp-image-2969 aligncenter\" src=\"https:\/\/www.trois-a.org\/wp-content\/uploads\/2020\/07\/word-image-7.jpg\" width=\"514\" height=\"374\" srcset=\"https:\/\/www.trois-a.org\/wp-content\/uploads\/2020\/07\/word-image-7.jpg 682w, https:\/\/www.trois-a.org\/wp-content\/uploads\/2020\/07\/word-image-7-300x218.jpg 300w\" sizes=\"(max-width: 514px) 100vw, 514px\" \/><\/p>\n<p><strong>VOUS SOUHAITEZ VIVRE UNE AVENTURE ARTISTIQUE UNIQUE CET ETE ?<br \/>\nLE FESTIVAL DE MUSIQUE DES ARCS A BESOIN DE VOUS.<br \/>\nN\u2019ATTENDEZ PAS ET REJOIGNEZ UNE EQUIPE DYNAMIQUE !!<\/strong><\/p>\n<p>Pour donner vie au Festival de Musique des Arcs, chaque ann\u00e9e, plus de 30 b\u00e9n\u00e9voles int\u00e8grent l\u2019\u00e9quipe d\u2019organisation, selon leurs envies et leurs disponibilit\u00e9s.<\/p>\n<p>\u00catre b\u00e9n\u00e9vole, c\u2019est participer \u00e0 cette aventure collective de l\u2019int\u00e9rieur !<\/p>\n<p>Quelques missions : accueil des artistes avant le concert, contr\u00f4le des mises en place des diff\u00e9rents lieux de concert, accueil du public avant les concerts, accueil des invit\u00e9s au salon VIP, accueil de notre public junior dans la salle de concert, &#8230;<\/p>\n<p><strong>Vous d\u00e9sirez int\u00e9grer l\u2019organisation d\u2019un \u00e9v\u00e8nement d\u2019envergure, vous \u00eates majeur(e), disponible quelques jours pendant le Festival, motiv\u00e9(e), dynamique et \u00e0 l\u2019\u00e9coute ?<\/strong><\/p>\n<p>Contactez Miren VERCOLLIER au 07.84.96.25.66 ou par mail :<br \/>\n<a href=\"mailto:mecenat@festivaldesarcs.com\">mecenat<\/a>@festivaldesarcs.com<\/p>\n<hr \/>\n<p><img decoding=\"async\" class=\"wp-image-2970 aligncenter\" src=\"https:\/\/www.trois-a.org\/wp-content\/uploads\/2020\/07\/word-image-8.jpg\" width=\"235\" height=\"233\" srcset=\"https:\/\/www.trois-a.org\/wp-content\/uploads\/2020\/07\/word-image-8.jpg 464w, https:\/\/www.trois-a.org\/wp-content\/uploads\/2020\/07\/word-image-8-300x298.jpg 300w, https:\/\/www.trois-a.org\/wp-content\/uploads\/2020\/07\/word-image-8-150x150.jpg 150w\" sizes=\"(max-width: 235px) 100vw, 235px\" \/><\/p>\n<p>Les <a href=\"https:\/\/www.trois-a.org\/index.php\/2019\/06\/05\/les-cafescontacts-de-3a\/\">Caf\u00e9Contacts de 3A<\/a> reprennent !<\/p>\n<p>Et c&rsquo;est reparti, en faisant attention aux barri\u00e8res sanitaires, retrouvons-nous autour d&rsquo;un caf\u00e9 (que chacun prend \u00e0 sa charge) en toute simplicit\u00e9, chez BOUBOU \u00e0 Arc 1800 le lundi \u00e0 10h30. Paul Landowski, de 3A et fondateur de <a href=\"http:\/\/www.cafecontactemploi.fr\/\">Caf\u00e9 Contact de l&rsquo;Emploi<\/a> y sera pr\u00e9sent ! pour relancer nos contacts sociaux et de BON SENS !<\/p>\n<hr \/>\n<h2 style=\"text-align: center;\">Derni\u00e8res nouvelles de la fibre aux Arcs<\/h2>\n<p><img decoding=\"async\" class=\"wp-image-2971 aligncenter\" src=\"https:\/\/www.trois-a.org\/wp-content\/uploads\/2020\/07\/word-image-9.jpg\" width=\"311\" height=\"285\" srcset=\"https:\/\/www.trois-a.org\/wp-content\/uploads\/2020\/07\/word-image-9.jpg 959w, https:\/\/www.trois-a.org\/wp-content\/uploads\/2020\/07\/word-image-9-300x276.jpg 300w, https:\/\/www.trois-a.org\/wp-content\/uploads\/2020\/07\/word-image-9-768x706.jpg 768w\" sizes=\"(max-width: 311px) 100vw, 311px\" \/><\/p>\n<p><strong>Hier<\/strong><\/p>\n<p>Fin 2018, le d\u00e9partement de la Savoie a retenu le groupement SAVOIE CONNECTEE pour installer la fibre optique en Savoie. SAVOIE CONNECTEE a elle-m\u00eame confi\u00e9 \u00e0 la soci\u00e9t\u00e9 Sogetrel les \u00e9tudes et travaux d\u2019installation de la fibre optique aux Arcs.<\/p>\n<p><strong>Aujourd&rsquo;hui<\/strong><\/p>\n<p>Conform\u00e9ment aux textes en vigueur, une convention doit \u00eatre \u00e9tablie entre les syndicats de copropri\u00e9taires et SAVOIE CONNECTEE, valid\u00e9e par un vote en Assembl\u00e9e G\u00e9n\u00e9rale. Cette convention a d\u00e9j\u00e0 \u00e9t\u00e9 envoy\u00e9e \u00e0 plusieurs syndics de copropri\u00e9t\u00e9 aux Arcs. Si accord, et apr\u00e8s \u00e9tude, une convention d\u00e9finitive pr\u00e9cisera les travaux et, sauf cas particulier, ne devrait pas n\u00e9cessiter de nouveau vote d&rsquo;approbation.<\/p>\n<p>Rappelons que les co\u00fbts de ces \u00e9tudes et travaux sont enti\u00e8rement \u00e0 la charge de SAVOIE CONNECTEE, et ne concernent que la partie commune reliant le boitier de pied d\u2019immeuble aux diff\u00e9rents boitiers d\u2019\u00e9tages (voir notre article de mars 2019). La liaison boitier d\u2019\u00e9tage-appartement sera r\u00e9alis\u00e9e ensuite apr\u00e8s choix par le propri\u00e9taire de son op\u00e9rateur commercial (le propri\u00e9taire reste libre du choix de son op\u00e9rateur). Attention, bien veiller \u00e0 ce que ces deux op\u00e9rations ne d\u00e9gradent pas les parties communes !<\/p>\n<p><strong>Demain<\/strong><\/p>\n<p>La r\u00e9alisation de ces \u00e9tudes et travaux devrait avoir lieu \u00e0 l\u2019horizon fin 2020-d\u00e9but 2021 (sous r\u00e9serve des votes en AG). La loi pr\u00e9voit que la copropri\u00e9t\u00e9 doit se prononcer dans les 12 mois apr\u00e8s la r\u00e9ception par le syndic de la proposition de convention. 3A suivra de pr\u00e8s ce d\u00e9ploiement de la fibre aux Arcs. N&rsquo;h\u00e9sitez pas \u00e0 faire remonter vos interrogations, ou probl\u00e8mes constat\u00e9s tout au long de la proc\u00e9dure.<\/p>\n<hr \/>\n<p><img decoding=\"async\" class=\"wp-image-2972 aligncenter\" src=\"https:\/\/www.trois-a.org\/wp-content\/uploads\/2020\/07\/word-image-10.jpg\" width=\"430\" height=\"287\" srcset=\"https:\/\/www.trois-a.org\/wp-content\/uploads\/2020\/07\/word-image-10.jpg 1101w, https:\/\/www.trois-a.org\/wp-content\/uploads\/2020\/07\/word-image-10-300x200.jpg 300w, https:\/\/www.trois-a.org\/wp-content\/uploads\/2020\/07\/word-image-10-1024x684.jpg 1024w, https:\/\/www.trois-a.org\/wp-content\/uploads\/2020\/07\/word-image-10-768x513.jpg 768w\" sizes=\"(max-width: 430px) 100vw, 430px\" \/><\/p>\n<h2 style=\"text-align: center;\">De nouvelles perspectives pour l&rsquo;immobilier aux Arcs ?<\/h2>\n<p>L&rsquo;\u00e9quipe municipale conduite par Guillaume Desrues qui vient d&rsquo;\u00eatre largement \u00e9lue nous a fait savoir d\u00e8s le d\u00e9but de l&rsquo;ann\u00e9e qu&rsquo;elle proposerait \u00ab de mettre en place un moratoire sur la construction de nouveaux lits touristiques et d&rsquo;orienter ses efforts et moyens sur la requalification de l&rsquo;existant \u00bb.<\/p>\n<p>Cette orientation g\u00e9n\u00e9rale devrait rassurer tous ceux qu\u2019inqui\u00e9tait le d\u00e9veloppement\u00a0continu de l&rsquo;immobilier aux Arcs.<\/p>\n<p>3A s&rsquo;efforcera de vous tenir inform\u00e9s de l&rsquo;\u00e9volution des projets d\u00e9j\u00e0 autoris\u00e9s mais non commenc\u00e9s et qui ne peuvent pas \u00eatre concern\u00e9s par cette mesure.<\/p>\n<p>Cela concerne en particulier le projet du \u00ab Hameau du Mont-Blanc \u00bb (11.000 m2 au-dessus de la station d&rsquo;Arc 1600) et celui des \u00ab Cristaux \u00bb (27 logements r\u00e9partis sur trois immeubles au Chantel, voir <a href=\"https:\/\/www.trois-a.org\/index.php\/2019\/12\/04\/les-breves-de-3a-n9\/\">les Br\u00e8ves de 3A n\u00b09<\/a>).<\/p>\n<hr \/>\n<h2 style=\"text-align: center;\">L&rsquo;assembl\u00e9e g\u00e9n\u00e9rale de 3A 2020 le jeudi 6 ao\u00fbt<\/h2>\n<p>Notre assembl\u00e9e g\u00e9n\u00e9rale annuelle se tiendra cette ann\u00e9e le 6 ao\u00fbt au centre Taillefer. Elle pr\u00e9c\u00e9dera la r\u00e9union d&rsquo;information traditionnelle organis\u00e9e par la mairie, l&rsquo;office du tourisme et les remont\u00e9es m\u00e9caniques, reconduite par la nouvelle municipalit\u00e9. L&rsquo;heure exacte sera pr\u00e9cis\u00e9e ult\u00e9rieurement.<\/p>\n<h2 style=\"text-align: center;\">Soutenez-nous !<\/h2>\n<p>Le poids des actions de 3A vis-\u00e0-vis des diff\u00e9rents acteurs de la station d\u00e9pend beaucoup du nombre de ses adh\u00e9rents.<\/p>\n<p>Pour ceux d\u2019entre vous qui soutenez 3A depuis plusieurs ann\u00e9es et qui n\u2019avez pas encore renouvel\u00e9 votre cotisation pour 2020, c\u2019est le moment de le faire. Pour les autres, c\u2019est le moment de nous rejoindre ! Pour cela, rendez-vous <a href=\"https:\/\/www.trois-a.org\/index.php\/adhesion\/\">sur cette <\/a> <a href=\"https:\/\/www.trois-a.org\/index.php\/adhesion\/\">pa<\/a>ge : <a href=\"https:\/\/www.trois-a.org\/index.php\/adhesion\/\">https:\/\/www.trois-a.org\/index.php\/adhesion\/<\/a><\/p>\n<p>La nouvelle possibilit\u00e9 de r\u00e9gler sa cotisation par carte bleue est particuli\u00e8rement efficace, pour vous comme pour nous.<\/p>\n<h2 style=\"text-align: center;\">Dialoguez avec nous<\/h2>\n<p>Vous pouvez interagir avec nous :<\/p>\n<ul>\n<li>en utilisant <a href=\"https:\/\/www.trois-a.org\/index.php\/exprimez-vous\/\">la rubrique \u00ab Exprimez-vous \u00bb<\/a> (en haut \u00e0 droite de chaque page du site)<\/li>\n<li>en envoyant un mail \u00e0 <a href=\"mailto:contact@trois-a.org\">contact<\/a>@trois-a.org<\/li>\n<li>en postant un commentaire sur un article du site (ce qui permettra de dialoguer \u00e9galement avec les autres adh\u00e9rents)<\/li>\n<li>en participant aux r\u00e9unions \u00ab Propri\u00e9taire aux Arcs \u00bb que 3A organise r\u00e9guli\u00e8rement aux Arcs.<\/li>\n<\/ul>\n<p style=\"text-align: center;\">\u00a9 Avenir et Animation des Arcs 2020<\/p>\n","protected":false},"excerpt":{"rendered":"<p>Lisez et t\u00e9l\u00e9chargez la version pdf. Les Br\u00e8ves de 3A n\u00b011 &#8211; juillet 2020 Derni\u00e8re minute Les adh\u00e9rents au nouveau programme Avantages Propri\u00e9taires viennent de recevoir l&rsquo;annonce de l&rsquo;arr\u00eat de ce programme. 3A ne manquera pas de vous tenir inform\u00e9s des suites de cette d\u00e9cision regrettable \u00e0 bien des \u00e9gards. Les vacances sont l\u00e0, et &#8230;<\/p>\n","protected":false},"author":386,"featured_media":0,"comment_status":"open","ping_status":"closed","sticky":false,"template":"","format":"standard","meta":{"footnotes":""},"categories":[12,38],"tags":[48],"class_list":["post-2960","post","type-post","status-publish","format-standard","hentry","category-3a","category-breve","tag-article-en-acces-libre"],"_links":{"self":[{"href":"https:\/\/www.trois-a.org\/index.php\/wp-json\/wp\/v2\/posts\/2960","targetHints":{"allow":["GET"]}}],"collection":[{"href":"https:\/\/www.trois-a.org\/index.php\/wp-json\/wp\/v2\/posts"}],"about":[{"href":"https:\/\/www.trois-a.org\/index.php\/wp-json\/wp\/v2\/types\/post"}],"author":[{"embeddable":true,"href":"https:\/\/www.trois-a.org\/index.php\/wp-json\/wp\/v2\/users\/386"}],"replies":[{"embeddable":true,"href":"https:\/\/www.trois-a.org\/index.php\/wp-json\/wp\/v2\/comments?post=2960"}],"version-history":[{"count":3,"href":"https:\/\/www.trois-a.org\/index.php\/wp-json\/wp\/v2\/posts\/2960\/revisions"}],"predecessor-version":[{"id":2975,"href":"https:\/\/www.trois-a.org\/index.php\/wp-json\/wp\/v2\/posts\/2960\/revisions\/2975"}],"wp:attachment":[{"href":"https:\/\/www.trois-a.org\/index.php\/wp-json\/wp\/v2\/media?parent=2960"}],"wp:term":[{"taxonomy":"category","embeddable":true,"href":"https:\/\/www.trois-a.org\/index.php\/wp-json\/wp\/v2\/categories?post=2960"},{"taxonomy":"post_tag","embeddable":true,"href":"https:\/\/www.trois-a.org\/index.php\/wp-json\/wp\/v2\/tags?post=2960"}],"curies":[{"name":"wp","href":"https:\/\/api.w.org\/{rel}","templated":true}]}}