{"id":2874,"date":"2020-05-29T14:09:22","date_gmt":"2020-05-29T12:09:22","guid":{"rendered":"https:\/\/www.trois-a.org\/?p=2874"},"modified":"2025-05-26T07:44:04","modified_gmt":"2025-05-26T05:44:04","slug":"le-festival-de-musique-aura-bien-lieu-cet-ete","status":"publish","type":"post","link":"https:\/\/www.trois-a.org\/index.php\/2020\/05\/29\/le-festival-de-musique-aura-bien-lieu-cet-ete\/","title":{"rendered":"Le festival de musique aura bien lieu cet \u00e9t\u00e9"},"content":{"rendered":"<div id=\"content_box_ded47a096b116ae96acf022eb5966454\" class=\"content_box\">\n\t<div class=\"content_box_title\"><i class=\"theme-icon icon-music\"><\/i>Mise \u00e0 jour 10 juin 2020<\/div>\n\t<div class=\"content_box_content\">\n\t\t\n<h4>Lisez la <a href=\"https:\/\/mailchi.mp\/e9a87248bd0d\/newsletter-juin\" target=\"_blank\" rel=\"noopener noreferrer\">newsletter de juin du festival<\/a> qui donne des informations sur cette \u00e9dition 2020.<\/h4>\n\n\t\t<div class=\"content_box_space\"><\/div>\n\t<\/div>\n<\/div>\n<style>#content_box_ded47a096b116ae96acf022eb5966454 .content_box_content a {\n\tcolor: #091eec;\n}#content_box_ded47a096b116ae96acf022eb5966454 .content_box_content a:hover,\n#content_box_ded47a096b116ae96acf022eb5966454 .content_box_content a:active {\n\tcolor: #bebff6;\n}<\/style>\n<p>Malgr\u00e9 les difficult\u00e9s redoutables engendr\u00e9es par la situation sanitaire, les organisateurs du <a href=\"https:\/\/www.festivaldesarcs.com\/edition-2020\/\" target=\"_blank\" rel=\"noopener noreferrer\">Festival de Musique des Arcs<\/a> ont travaill\u00e9 d&rsquo;arrache-pied pour le maintenir cette ann\u00e9e. En France, ce sera peut-\u00eatre le plus grand festival de musique de la saison !<\/p>\n<p>Pour r\u00e9ussir ce pari, plus que jamais, il a besoin de notre concours, nous les propri\u00e9taires. Si notre appartement est disponible la derni\u00e8re quinzaine de juillet, nous pouvons le mettre \u00e0 la disposition du festival pour loger les musiciens et organisateurs. Soyez rassur\u00e9s, il ne s&rsquo;agit que de personnes tr\u00e8s responsables, et, d&rsquo;exp\u00e9rience, toujours porteuses de convivialit\u00e9, cette marque si pr\u00e9cieuse de toute l&rsquo;\u00e9quipe d&rsquo;animation du festival. Rappelons que l&rsquo;ensemble des concerts (au format revisit\u00e9 cette ann\u00e9e, corona oblige) est enti\u00e8rement gratuit. Une grande partie du fonctionnement du festival repose donc sur le b\u00e9n\u00e9volat (et l&rsquo;enthousiasme), soyons partie prenante !<\/p>\n<p>Lisez le message d&rsquo;\u00c9ric ci-dessous, il donne beaucoup de d\u00e9tails sur cette \u00e9dition. Si vous pensez pouvoir pr\u00eater votre appartement, contactez\u00a0B\u00e9n\u00e9dicte Ordody au 01 40 07 11 48 ou par mail \u00e0 <a href=\"mailto:contact@festivaldesarcs.com\">contact@festivaldesarcs.com<\/a>.<\/p>\n<p><em>Ch\u00e8res et chers adh\u00e9rents, membres de l\u2019association de l\u2019Acad\u00e9mie-Festival des Arcs,<\/em><\/p>\n<p><em>Ch\u00e8res et chers amis m\u00e9lomanes,<\/em><\/p>\n<p><em>Mesdames et Messieurs les propri\u00e9taires d\u2019un appartement aux Arcs que je n\u2019ai pas (encore\u00a0!) le plaisir de conna\u00eetre,<\/em><\/p>\n<p><em>J\u2019esp\u00e8re que ce message vous trouvera, ainsi que vos proches, en bonne sant\u00e9 et que cette p\u00e9riode de grande incertitude ne vous affecte pas outre mesure.<\/em><\/p>\n<p><em>La stupeur pass\u00e9e, le choc encaiss\u00e9, les risques \u00e9valu\u00e9s, les consignes enregistr\u00e9es, l\u2019\u00e9quipe de l\u2019Acad\u00e9mie-Festival de musique des Arcs a d\u00e9cid\u00e9 de maintenir co\u00fbte que co\u00fbte sa 47\u00e8me \u00e9dition qui doit se tenir du 17 juillet au 2 ao\u00fbt prochain.<\/em><\/p>\n<p><em>Il nous faudra \u00eatre respectueux des consignes sanitaires bien s\u00fbr, \u00e0 l\u2019\u00e9coute des autorit\u00e9s, attentifs au bien-\u00eatre et \u00e0 la sant\u00e9 de notre public, de nos artistes et de nos stagiaires et \u00e9galement ne pas faire courir un risque structurel \u00e0 notre association qui, comme vous le savez, ne tient sa long\u00e9vit\u00e9 qu\u2019\u00e0 un petit miracle renouvel\u00e9 chaque \u00e9t\u00e9\u00a0!<\/em><\/p>\n<p><em>Bien s\u00fbr, ce ne sera pas une ann\u00e9e comme les autres. A l\u2019heure o\u00f9 je vous \u00e9cris, nous ne sommes pas encore en possession de tous les \u00e9l\u00e9ments pour savoir pr\u00e9cis\u00e9ment ce vers quoi nous nous engageons.<\/em><\/p>\n<p><em>En revanche nous avons tr\u00e8s t\u00f4t d\u00e9cid\u00e9 que si la station des Arcs ouvrait cet \u00e9t\u00e9 \u2013 et elle accueillera les vacanciers \u00e0 partir du 4 juillet, nous serions pr\u00e9sents pour remplir la mission fix\u00e9e par Roger Godino il y a pr\u00e8s de cinquante ans : offrir aux estivants, aux populations locales, aux festivaliers venus de la France enti\u00e8re et d\u2019ailleurs, aux propri\u00e9taires des Arcs un acc\u00e8s \u00e0 la musique, \u00e0 la culture, et \u00e0 l\u2019Art.<\/em><\/p>\n<p><em>Il nous a paru inconcevable de ne pas participer \u00e0 cet effort collectif qui doit permettre de nous sortir de cet abominable cauchemar\u00a0! Il nous semble m\u00eame que l\u2019acte du concert, celui du partage, de la transmission, sont autant d\u2019atouts qui vont justement \u00eatre n\u00e9cessaires \u00e0 la reconstruction de notre soci\u00e9t\u00e9 meurtrie.<\/em><\/p>\n<p><em>Il serait bien entendu dangereux de se cacher la r\u00e9alit\u00e9. Il nous faudra r\u00e9duire les jauges de nos salles de concert, nous le ferons. Si d\u2019aventure nos 160 \u00e9l\u00e8ves ne pouvaient \u00eatre accueillis dans de bonnes conditions, nous nous orienterions vers un festival sans acad\u00e9mie. Si la programmation, pr\u00e9par\u00e9e depuis janvier, devait \u00eatre modifi\u00e9e, elle le sera.<\/em><\/p>\n<p><em>Il nous faut aussi inventer de nouvelles mani\u00e8res de partager notre passion. Nous avons d\u2019ores et d\u00e9j\u00e0 entam\u00e9 la cr\u00e9ation d\u2019une sc\u00e8ne digitale qui portera le nom d\u2019espace Roger Godino et qui permettra au public pr\u00e9sent aux Arcs, mais \u00e9galement \u00e0 celui emp\u00each\u00e9 d\u2019y venir, de suivre certains des concerts en streaming\u00a0; nous diffuserons \u00e9galement conf\u00e9rences, ateliers, concerts jeunes public ou autres interviews en replay sur cet espace virtuel\u00a0; nous sommes convaincus que ce sera de plus un outil formidable dans l\u2019avenir.<\/em><\/p>\n<p><em>Nous avons \u00e9galement pr\u00e9vu d\u2019installer une sc\u00e8ne en plein air afin de pouvoir rassembler une audience en toute s\u00e9curit\u00e9, en respectant la distanciation physique et profiter pleinement de l\u2019environnement dont nous disposons aux Arcs.<\/em><\/p>\n<p><em>Nous sommes pr\u00eats. Pr\u00eats \u00e0 nous adapter, \u00e0 r\u00e9agir, \u00e0 inventer. Notre enthousiasme et notre \u00e9nergie sont d\u00e9cupl\u00e9s par la t\u00e2che qui nous attend. Tous les artistes, priv\u00e9s de concerts et de public depuis tant de mois, sont enchant\u00e9s \u00e0 l\u2019id\u00e9e que le Festival des Arcs tient bon, l\u2019un des derniers dans un paysage culturel en plein d\u00e9sarroi. Les stagiaires qui suivent leurs cours sur des \u00e9crans depuis tant de semaines ne manqueront pas de s\u2019inscrire\u00a0; notre Acad\u00e9mie, si elle a lieu, serait l\u2019une des seules\u2026<\/em><\/p>\n<p><em>La gratuit\u00e9 de nos concerts, inscrite dans l\u2019ADN de notre manifestation, nous permet ce luxe de ne pas d\u00e9pendre d\u2019une billetterie. Les cachets raisonnables de nos artistes et la fid\u00e9lit\u00e9 de nos adh\u00e9rents, de nos partenaires et de nos tutelles rendent possible ce maintien.<\/em><\/p>\n<p><em>Mais il est \u00e9vident que la situation \u00e9conomique du pays a conduit \u2013 et conduira encore \u2013 certains de nos partenaires priv\u00e9s \u00e0 se d\u00e9sengager. De m\u00eame, certaines aides en nature (h\u00e9bergements entre autres) ne se verront pas reconduites.<\/em><\/p>\n<p><em>Vous qui avez d\u00e9cid\u00e9 d\u2019investir aux Arcs, vous qui \u00eates propri\u00e9taires, vous aimez ce lieu. Vous ne connaissez pas forc\u00e9ment le Festival. Mais vous en avez sans doute entendu parler. Voil\u00e0 46 ans que nous apportons une plus-value inestimable \u00e0 cette commune et \u00e0 cette station\u00a0: non seulement vous pouvez venir y skier, vous promener, jouer au golf, sauter en parapente ou tout simplement admirer le panorama\u2026Mais vous pouvez \u00e9galement assister chaque ann\u00e9e \u00e0 plus de 40 concerts interpr\u00e9t\u00e9s par une soixantaine de musiciens de renomm\u00e9e internationale. Et le tout GRATUITEMENT !! Si vous n\u2019aimez pas le baroque, il y a du classique. Si vous n\u2019aimez pas le classique, il y a du romantique\u00a0! il y a m\u00eame de la musique d\u2019aujourd\u2019hui\u00a0! Vous n\u2019aimez pas la musique\u00a0? Peut-\u00eatre que vos enfants ou vos petits enfants l\u2019appr\u00e9cient. Et peut-\u00eatre que nos conf\u00e9renciers sauront vous la faire d\u00e9couvrir et que vous rejoindrez les milliers de m\u00e9lomanes dont la vocation s\u2019est d\u00e9clench\u00e9e aux Arcs\u2026<\/em><\/p>\n<p><em>Nous avons besoin d\u2019aide, en cette ann\u00e9e si particuli\u00e8re\u00a0; plus que jamais.<\/em><\/p>\n<p><em>Nous faisons feu de tout bois afin de compenser la perte de certains partenaires.<\/em><\/p>\n<p><em>Et vous pouvez participer \u00e0 cet effort.<\/em><\/p>\n<p><em>Comment\u00a0? C\u2019est tout simple et cela ne vous co\u00fbtera pas un centime\u00a0!<\/em><\/p>\n<p><em>Peut-\u00eatre ne serez-vous pas aux Arcs ce mois de juillet\u00a0? Peut-\u00eatre connaissez-vous des amis sur votre palier qui ne seront pas aux Arcs ce mois de juillet\u00a0? Peut-\u00eatre avez-vous eu vent d\u2019un appartement qui ne serait pas occup\u00e9 ce mois de juillet\u00a0?<\/em><\/p>\n<p><em>Et bien, nous en avons besoin\u00a0!<\/em><\/p>\n<p><em>Nous avons besoin de loger nos musiciens (je vous assure qu\u2019ils se comportent tr\u00e8s bien\u00a0!), nos b\u00e9n\u00e9voles, les membres de notre bureau. Chaque appartement qui pourrait \u00eatre mis \u00e0 disposition signifierait pour notre association une \u00e9conomie substantielle et permettrait de reporter cette d\u00e9pense sur un poste de production ou de communication par exemple\u2026<\/em><\/p>\n<p><em>Alors, n\u2019h\u00e9sitez pas\u00a0! Participez \u00e0 cet effort collectif qui nous permettra de reconstruire ensemble une normalit\u00e9 relative, un espace de partage, d\u2019\u00e9changes, de communion autour de la musique.<\/em><\/p>\n<p><em>L\u2019Acad\u00e9mie-Festival, par le simple fait de r\u00e9sister et d\u2019\u00eatre l\u00e0, y contribue. Tous nos artistes s\u2019y consacrent pleinement, mais ils ont besoin d\u2019un toit pour le faire\u00a0!<\/em><\/p>\n<p><em>Nous serons pr\u00e9sents cette ann\u00e9e entre le 15 juillet et le 3 ao\u00fbt. L\u2019appartement n\u2019a pas besoin d\u2019\u00eatre libre pendant la totalit\u00e9 de la p\u00e9riode et le Festival peut prendre \u00e0 sa charge les d\u00e9penses d\u2019eau et d\u2019\u00e9lectricit\u00e9. Si vous entrevoyez la possibilit\u00e9 de faire ce geste, vous pouvez laisser un message \u00e0 B\u00e9n\u00e9dicte Ordody au 01 40 07 11 48 ou par mail \u00e0 <a href=\"mailto:contact@festivaldesarcs.com\">contact@festivaldesarcs.com<\/a><\/em><\/p>\n<p><em>D\u2019avance, un immense merci et \u00e0 tr\u00e8s bient\u00f4t, au plaisir de vous retrouver aux Arcs, si ce n\u2019est en 2020 parce que vous pr\u00eatez votre appartement (dans ce cas, rendez-vous sur l\u2019Espace Roger Godino cet \u00e9t\u00e9\u00a0!), en 2021\u00a0!!!<\/em><\/p>\n<p><em>Bien cordialement,<\/em><\/p>\n<p><em><a href=\"https:\/\/www.festivaldesarcs.com\/le-festival\/en-un-coup-doeil\/\" target=\"_blank\" rel=\"noopener noreferrer\">Eric Crambes<\/a>, directeur artistique du festival<\/em><\/p>\n","protected":false},"excerpt":{"rendered":"<p>Malgr\u00e9 les difficult\u00e9s redoutables engendr\u00e9es par la situation sanitaire, les organisateurs du Festival de Musique des Arcs ont travaill\u00e9 d&rsquo;arrache-pied pour le maintenir cette ann\u00e9e. En France, ce sera peut-\u00eatre le plus grand festival de musique de la saison ! Pour r\u00e9ussir ce pari, plus que jamais, il a besoin de notre concours, nous les &#8230;<\/p>\n","protected":false},"author":386,"featured_media":2875,"comment_status":"open","ping_status":"closed","sticky":false,"template":"","format":"standard","meta":{"footnotes":""},"categories":[10,39],"tags":[48],"class_list":["post-2874","post","type-post","status-publish","format-standard","has-post-thumbnail","hentry","category-academie","category-actualite","tag-article-en-acces-libre"],"_links":{"self":[{"href":"https:\/\/www.trois-a.org\/index.php\/wp-json\/wp\/v2\/posts\/2874","targetHints":{"allow":["GET"]}}],"collection":[{"href":"https:\/\/www.trois-a.org\/index.php\/wp-json\/wp\/v2\/posts"}],"about":[{"href":"https:\/\/www.trois-a.org\/index.php\/wp-json\/wp\/v2\/types\/post"}],"author":[{"embeddable":true,"href":"https:\/\/www.trois-a.org\/index.php\/wp-json\/wp\/v2\/users\/386"}],"replies":[{"embeddable":true,"href":"https:\/\/www.trois-a.org\/index.php\/wp-json\/wp\/v2\/comments?post=2874"}],"version-history":[{"count":8,"href":"https:\/\/www.trois-a.org\/index.php\/wp-json\/wp\/v2\/posts\/2874\/revisions"}],"predecessor-version":[{"id":2902,"href":"https:\/\/www.trois-a.org\/index.php\/wp-json\/wp\/v2\/posts\/2874\/revisions\/2902"}],"wp:featuredmedia":[{"embeddable":true,"href":"https:\/\/www.trois-a.org\/index.php\/wp-json\/wp\/v2\/media\/2875"}],"wp:attachment":[{"href":"https:\/\/www.trois-a.org\/index.php\/wp-json\/wp\/v2\/media?parent=2874"}],"wp:term":[{"taxonomy":"category","embeddable":true,"href":"https:\/\/www.trois-a.org\/index.php\/wp-json\/wp\/v2\/categories?post=2874"},{"taxonomy":"post_tag","embeddable":true,"href":"https:\/\/www.trois-a.org\/index.php\/wp-json\/wp\/v2\/tags?post=2874"}],"curies":[{"name":"wp","href":"https:\/\/api.w.org\/{rel}","templated":true}]}}