{"id":2421,"date":"2019-12-04T16:13:41","date_gmt":"2019-12-04T15:13:41","guid":{"rendered":"https:\/\/www.trois-a.org\/?p=2421"},"modified":"2025-05-26T10:45:28","modified_gmt":"2025-05-26T08:45:28","slug":"les-breves-de-3a-n9","status":"publish","type":"post","link":"https:\/\/www.trois-a.org\/index.php\/2019\/12\/04\/les-breves-de-3a-n9\/","title":{"rendered":"Les Br\u00e8ves de 3A n\u00b09"},"content":{"rendered":"<p>Version <a href=\"https:\/\/sway.office.com\/5CkEjchY7a7UdGn6\" target=\"_blank\" rel=\"noopener noreferrer\">en format original<\/a>, <a href=\"https:\/\/www.trois-a.org\/wp-content\/uploads\/2020\/01\/Les-Br\u00e8ves-3A-n\u00b09-_D\u00e9cembre-2019.pdf\" target=\"_blank\" rel=\"noopener noreferrer\">en pdf<\/a>.<\/p>\n<p><img decoding=\"async\" class=\"wp-image-2476 aligncenter\" src=\"https:\/\/www.trois-a.org\/wp-content\/uploads\/2019\/12\/word-image-50.jpeg\" width=\"782\" height=\"587\" srcset=\"https:\/\/www.trois-a.org\/wp-content\/uploads\/2019\/12\/word-image-50.jpeg 2067w, https:\/\/www.trois-a.org\/wp-content\/uploads\/2019\/12\/word-image-50-300x225.jpeg 300w, https:\/\/www.trois-a.org\/wp-content\/uploads\/2019\/12\/word-image-50-1024x768.jpeg 1024w, https:\/\/www.trois-a.org\/wp-content\/uploads\/2019\/12\/word-image-50-768x576.jpeg 768w, https:\/\/www.trois-a.org\/wp-content\/uploads\/2019\/12\/word-image-50-1536x1152.jpeg 1536w, https:\/\/www.trois-a.org\/wp-content\/uploads\/2019\/12\/word-image-50-2048x1536.jpeg 2048w\" sizes=\"(max-width: 782px) 100vw, 782px\" \/><\/p>\n<h1 style=\"text-align: center;\">Les Br\u00e8ves 3A\u00a0n\u00b09<\/h1>\n<p style=\"text-align: center;\">D\u00e9cembre 2019<\/p>\n<p style=\"text-align: center;\"><img decoding=\"async\" width=\"300\" height=\"247\" class=\"wp-image-2477\" src=\"https:\/\/www.trois-a.org\/wp-content\/uploads\/2019\/12\/logo-3a-2.jpeg\" alt=\"Logo 3A\" \/><\/p>\n<p>&nbsp;<\/p>\n<p>3A, association de propri\u00e9taires aux Arcs, vous informe, vous \u00e9coute, et dialogue en votre nom avec les op\u00e9rateurs de la station.<\/p>\n<p>Pour pr\u00e9server et valoriser votre patrimoine aux Arcs, <a href=\"https:\/\/www.trois-a.org\/index.php\/adhesion\/\">rejoignez-nous<\/a> !<\/p>\n<p>Exprimez-vous !<\/p>\n<p>Propri\u00e9taires aux Arcs, nous sommes \u00e0 votre \u00e9coute. Faites-nous part de vos remarques et suggestions sur le bon fonctionnement de notre station via ce lien : <a href=\"https:\/\/www.trois-a.org\/index.php\/exprimez-vous\/\">https:\/\/www.trois-a.org\/index.php\/exprimez-vous\/<\/a> ou \u00e0 cette adresse : contact@trois-a.org.<\/p>\n<p>Quoi de neuf en station ?<\/p>\n<h2>Le nouveau funiculaire<\/h2>\n<p>Rappelons que <a href=\"https:\/\/www.lesarcs.com\/funiculaire.html\">les nouvelles rames du funiculaire<\/a>, d\u00e9j\u00e0 en service depuis cet \u00e9t\u00e9, red\u00e9marrent le 14 d\u00e9cembre prochain, cette fois-ci avec une gare aval flambant neuve.<\/p>\n<p><img decoding=\"async\" class=\"wp-image-2478 aligncenter\" src=\"https:\/\/www.trois-a.org\/wp-content\/uploads\/2019\/12\/word-image-51.jpeg\" width=\"498\" height=\"333\" srcset=\"https:\/\/www.trois-a.org\/wp-content\/uploads\/2019\/12\/word-image-51.jpeg 1278w, https:\/\/www.trois-a.org\/wp-content\/uploads\/2019\/12\/word-image-51-300x200.jpeg 300w, https:\/\/www.trois-a.org\/wp-content\/uploads\/2019\/12\/word-image-51-1024x684.jpeg 1024w, https:\/\/www.trois-a.org\/wp-content\/uploads\/2019\/12\/word-image-51-768x513.jpeg 768w\" sizes=\"(max-width: 498px) 100vw, 498px\" \/><\/p>\n<p style=\"text-align: center;\">Avant\/Apr\u00e8s<\/p>\n<p style=\"text-align: center;\"><img decoding=\"async\" class=\"wp-image-2479\" src=\"https:\/\/www.trois-a.org\/wp-content\/uploads\/2019\/12\/word-image-52.jpeg\" width=\"851\" height=\"402\" srcset=\"https:\/\/www.trois-a.org\/wp-content\/uploads\/2019\/12\/word-image-52.jpeg 1034w, https:\/\/www.trois-a.org\/wp-content\/uploads\/2019\/12\/word-image-52-300x142.jpeg 300w, https:\/\/www.trois-a.org\/wp-content\/uploads\/2019\/12\/word-image-52-1024x483.jpeg 1024w, https:\/\/www.trois-a.org\/wp-content\/uploads\/2019\/12\/word-image-52-768x362.jpeg 768w\" sizes=\"(max-width: 851px) 100vw, 851px\" \/><\/p>\n<p style=\"text-align: center;\">Le projet de nouvelle gare aval<\/p>\n<p style=\"text-align: center;\"><img decoding=\"async\" class=\"wp-image-2480\" src=\"https:\/\/www.trois-a.org\/wp-content\/uploads\/2019\/12\/word-image-53.jpeg\" width=\"844\" height=\"512\" srcset=\"https:\/\/www.trois-a.org\/wp-content\/uploads\/2019\/12\/word-image-53.jpeg 1034w, https:\/\/www.trois-a.org\/wp-content\/uploads\/2019\/12\/word-image-53-300x182.jpeg 300w, https:\/\/www.trois-a.org\/wp-content\/uploads\/2019\/12\/word-image-53-1024x621.jpeg 1024w, https:\/\/www.trois-a.org\/wp-content\/uploads\/2019\/12\/word-image-53-768x466.jpeg 768w\" sizes=\"(max-width: 844px) 100vw, 844px\" \/><\/p>\n<p style=\"text-align: center;\">Le chantier de la gare aval le 22 novembre<\/p>\n<h2>La chaufferie d&rsquo;Arc 1600<\/h2>\n<p>La station d\u2019Arc 1600 a fait le choix de l\u2019\u00e9nergie durable et de la transition \u00e9nerg\u00e9tique en construisant une chaufferie collective biomasse. \u00c0 compter de la saison Hiver 19\/20, celle-ci entre en service, et t\u00e9moigne de la volont\u00e9 des copropri\u00e9taires d\u2019arc 1600 de prendre part \u00e0 la transition \u00e9nerg\u00e9tique en diminuant le rejet de CO2 de 1800 tonnes \u00e9quivalent CO2\/an.<\/p>\n<p>(extrait du <a href=\"https:\/\/www.trois-a.org\/wp-content\/uploads\/2019\/01\/Dossier-de-presseUSPB-chaufferie-13-d\u00e9cembre-2018.pdf\">dossier de presse d\u00e9cembre 2018<\/a> cf <a href=\"https:\/\/www.trois-a.org\/index.php\/2019\/02\/10\/les-breves-de-3a-n6\/\">br\u00e8ves num\u00e9ro 6<\/a>)<\/p>\n<p><img decoding=\"async\" width=\"1283\" height=\"393\" class=\"wp-image-2481 aligncenter\" src=\"https:\/\/www.trois-a.org\/wp-content\/uploads\/2019\/12\/word-image-54.jpeg\" srcset=\"https:\/\/www.trois-a.org\/wp-content\/uploads\/2019\/12\/word-image-54.jpeg 1283w, https:\/\/www.trois-a.org\/wp-content\/uploads\/2019\/12\/word-image-54-300x92.jpeg 300w, https:\/\/www.trois-a.org\/wp-content\/uploads\/2019\/12\/word-image-54-1024x314.jpeg 1024w, https:\/\/www.trois-a.org\/wp-content\/uploads\/2019\/12\/word-image-54-768x235.jpeg 768w\" sizes=\"(max-width: 1283px) 100vw, 1283px\" \/><\/p>\n<p style=\"text-align: center;\">Le projet<\/p>\n<p style=\"text-align: center;\"><img decoding=\"async\" width=\"640\" height=\"427\" class=\"wp-image-2482\" src=\"https:\/\/www.trois-a.org\/wp-content\/uploads\/2019\/12\/word-image-55.jpeg\" srcset=\"https:\/\/www.trois-a.org\/wp-content\/uploads\/2019\/12\/word-image-55.jpeg 640w, https:\/\/www.trois-a.org\/wp-content\/uploads\/2019\/12\/word-image-55-300x200.jpeg 300w\" sizes=\"(max-width: 640px) 100vw, 640px\" \/><\/p>\n<p style=\"text-align: center;\">La r\u00e9alisation<\/p>\n<h2>La gare routi\u00e8re des Villards<\/h2>\n<p><img decoding=\"async\" width=\"787\" height=\"443\" class=\"wp-image-2483 aligncenter\" src=\"https:\/\/www.trois-a.org\/wp-content\/uploads\/2019\/12\/word-image-56.jpeg\" srcset=\"https:\/\/www.trois-a.org\/wp-content\/uploads\/2019\/12\/word-image-56.jpeg 787w, https:\/\/www.trois-a.org\/wp-content\/uploads\/2019\/12\/word-image-56-300x169.jpeg 300w, https:\/\/www.trois-a.org\/wp-content\/uploads\/2019\/12\/word-image-56-768x432.jpeg 768w\" sizes=\"(max-width: 787px) 100vw, 787px\" \/><\/p>\n<p style=\"text-align: center;\"><img decoding=\"async\" width=\"1004\" height=\"870\" class=\"wp-image-2484\" src=\"https:\/\/www.trois-a.org\/wp-content\/uploads\/2019\/12\/word-image-57.jpeg\" srcset=\"https:\/\/www.trois-a.org\/wp-content\/uploads\/2019\/12\/word-image-57.jpeg 1004w, https:\/\/www.trois-a.org\/wp-content\/uploads\/2019\/12\/word-image-57-300x260.jpeg 300w, https:\/\/www.trois-a.org\/wp-content\/uploads\/2019\/12\/word-image-57-768x665.jpeg 768w\" sizes=\"(max-width: 1004px) 100vw, 1004px\" \/><\/p>\n<p style=\"text-align: center;\">\u00c9tat des lieux le 20 novembre<\/p>\n<h2>Le Lodge en Folie<\/h2>\n<p>La reprise du Lodge par <a href=\"https:\/\/www.lafoliedouce.com\/fr\/\">la Folie Douce<\/a> sera ponctu\u00e9e par l&rsquo;inauguration (\u00ab\u00a0Big Opening Party\u00a0\u00bb) le 14 d\u00e9cembre prochain \u00e0 midi de ce nouveau lieu d&rsquo;animation de notre station, qui rejoint ainsi ses sept autres cons\u0153urs (Val d&rsquo;Is\u00e8re, M\u00e9ribel, Val Thorens, Alpe d&rsquo;Huez, Morzine, Saint-Gervais, Chamonix). Vous pouvez consulter l&rsquo;<a href=\"https:\/\/www.trois-a.org\/index.php\/2019\/05\/26\/reprise-du-lodge-par-la-folie-douce\/\">article du site de 3A<\/a> sur cette op\u00e9ration et \u00e9ventuellement y laisser les commentaires qu&rsquo;elle vous inspire.<\/p>\n<p><img decoding=\"async\" width=\"1034\" height=\"423\" class=\"wp-image-2485 aligncenter\" src=\"https:\/\/www.trois-a.org\/wp-content\/uploads\/2019\/12\/word-image-58.jpeg\" srcset=\"https:\/\/www.trois-a.org\/wp-content\/uploads\/2019\/12\/word-image-58.jpeg 1034w, https:\/\/www.trois-a.org\/wp-content\/uploads\/2019\/12\/word-image-58-300x123.jpeg 300w, https:\/\/www.trois-a.org\/wp-content\/uploads\/2019\/12\/word-image-58-1024x419.jpeg 1024w, https:\/\/www.trois-a.org\/wp-content\/uploads\/2019\/12\/word-image-58-768x314.jpeg 768w\" sizes=\"(max-width: 1034px) 100vw, 1034px\" \/><\/p>\n<p style=\"text-align: center;\"><img decoding=\"async\" width=\"1034\" height=\"515\" class=\"wp-image-2486\" src=\"https:\/\/www.trois-a.org\/wp-content\/uploads\/2019\/12\/word-image-59.jpeg\" srcset=\"https:\/\/www.trois-a.org\/wp-content\/uploads\/2019\/12\/word-image-59.jpeg 1034w, https:\/\/www.trois-a.org\/wp-content\/uploads\/2019\/12\/word-image-59-300x149.jpeg 300w, https:\/\/www.trois-a.org\/wp-content\/uploads\/2019\/12\/word-image-59-1024x510.jpeg 1024w, https:\/\/www.trois-a.org\/wp-content\/uploads\/2019\/12\/word-image-59-768x383.jpeg 768w\" sizes=\"(max-width: 1034px) 100vw, 1034px\" \/><\/p>\n<p style=\"text-align: center;\">Petit reportage photo du 20 novembre 2019<\/p>\n<h2>La r\u00e9novation des acc\u00e8s parking<\/h2>\n<p><img decoding=\"async\" class=\"wp-image-2487 aligncenter\" src=\"https:\/\/www.trois-a.org\/wp-content\/uploads\/2019\/12\/word-image-60.jpeg\" width=\"287\" height=\"422\" srcset=\"https:\/\/www.trois-a.org\/wp-content\/uploads\/2019\/12\/word-image-60.jpeg 514w, https:\/\/www.trois-a.org\/wp-content\/uploads\/2019\/12\/word-image-60-204x300.jpeg 204w\" sizes=\"(max-width: 287px) 100vw, 287px\" \/><\/p>\n<p style=\"text-align: center;\"><img decoding=\"async\" class=\"wp-image-2488\" src=\"https:\/\/www.trois-a.org\/wp-content\/uploads\/2019\/12\/word-image-61.jpeg\" width=\"800\" height=\"533\" srcset=\"https:\/\/www.trois-a.org\/wp-content\/uploads\/2019\/12\/word-image-61.jpeg 888w, https:\/\/www.trois-a.org\/wp-content\/uploads\/2019\/12\/word-image-61-300x200.jpeg 300w, https:\/\/www.trois-a.org\/wp-content\/uploads\/2019\/12\/word-image-61-768x512.jpeg 768w\" sizes=\"(max-width: 800px) 100vw, 800px\" \/><\/p>\n<p style=\"text-align: center;\"><img decoding=\"async\" class=\"wp-image-2489\" src=\"https:\/\/www.trois-a.org\/wp-content\/uploads\/2019\/12\/word-image-62.jpeg\" width=\"799\" height=\"532\" srcset=\"https:\/\/www.trois-a.org\/wp-content\/uploads\/2019\/12\/word-image-62.jpeg 881w, https:\/\/www.trois-a.org\/wp-content\/uploads\/2019\/12\/word-image-62-300x200.jpeg 300w, https:\/\/www.trois-a.org\/wp-content\/uploads\/2019\/12\/word-image-62-768x512.jpeg 768w\" sizes=\"(max-width: 799px) 100vw, 799px\" \/><\/p>\n<p><img decoding=\"async\" class=\"wp-image-2490 aligncenter\" src=\"https:\/\/www.trois-a.org\/wp-content\/uploads\/2019\/12\/word-image-63.jpeg\" width=\"800\" height=\"533\" srcset=\"https:\/\/www.trois-a.org\/wp-content\/uploads\/2019\/12\/word-image-63.jpeg 878w, https:\/\/www.trois-a.org\/wp-content\/uploads\/2019\/12\/word-image-63-300x200.jpeg 300w, https:\/\/www.trois-a.org\/wp-content\/uploads\/2019\/12\/word-image-63-768x512.jpeg 768w\" sizes=\"(max-width: 800px) 100vw, 800px\" \/><\/p>\n<p><img decoding=\"async\" class=\"wp-image-2491 aligncenter\" src=\"https:\/\/www.trois-a.org\/wp-content\/uploads\/2019\/12\/word-image-64.jpeg\" width=\"801\" height=\"534\" srcset=\"https:\/\/www.trois-a.org\/wp-content\/uploads\/2019\/12\/word-image-64.jpeg 877w, https:\/\/www.trois-a.org\/wp-content\/uploads\/2019\/12\/word-image-64-300x200.jpeg 300w, https:\/\/www.trois-a.org\/wp-content\/uploads\/2019\/12\/word-image-64-768x512.jpeg 768w\" sizes=\"(max-width: 801px) 100vw, 801px\" \/><\/p>\n<p>SAGS, l&rsquo;entreprise d\u00e9l\u00e9gataire pour la gestion des parkings aux Arcs, r\u00e9nove cette saison tous les appareils de contr\u00f4le d&rsquo;acc\u00e8s aux parkings (<a href=\"https:\/\/www.sags.fr\/parking-arc-1800\/arc-1800-charmettoger.html\">Arc 1800<\/a> et <a href=\"https:\/\/www.sags.fr\/parking\/arc-2000.html\">Arc 2000<\/a>), et aux <a href=\"https:\/\/www.lesarcs.com\/parkings-arc-1800.html#ong333\">portes d&rsquo;entr\u00e9e<\/a> d&rsquo;Arc 1800. Les passages \u00e0 ces contr\u00f4les devraient \u00eatre de ce fait acc\u00e9l\u00e9r\u00e9s, gr\u00e2ce aux r\u00e9servations faites \u00e0 l&rsquo;avance sur leur site Internet et valid\u00e9es par QR code ou lecture de plaque d&rsquo;immatriculation, en plus de la possibilit\u00e9 toujours pr\u00e9sente de taper un code sur un clavier.<\/p>\n<p>Pour les propri\u00e9taires de parkings priv\u00e9s, a priori rien ne change cette ann\u00e9e.<\/p>\n<h1>Le nouveau programme Avantages Propri\u00e9taires<\/h1>\n<p><img decoding=\"async\" class=\"wp-image-2492 aligncenter\" src=\"https:\/\/www.trois-a.org\/wp-content\/uploads\/2019\/12\/word-image-65.jpeg\" width=\"631\" height=\"592\" srcset=\"https:\/\/www.trois-a.org\/wp-content\/uploads\/2019\/12\/word-image-65.jpeg 988w, https:\/\/www.trois-a.org\/wp-content\/uploads\/2019\/12\/word-image-65-300x281.jpeg 300w, https:\/\/www.trois-a.org\/wp-content\/uploads\/2019\/12\/word-image-65-768x720.jpeg 768w\" sizes=\"(max-width: 631px) 100vw, 631px\" \/><\/p>\n<p>L\u2019ensemble des propri\u00e9taires adh\u00e9rents au programme Nirvanalps ont re\u00e7u d\u00e9but novembre une information sur son \u00e9volution vers un nouveau programme \u00ab\u00a0Avantages Propri\u00e9taires\u00a0\u00bb.<\/p>\n<p>La pr\u00e9sentation de ce nouveau programme a suscit\u00e9 nombre de r\u00e9actions sur les modalit\u00e9s de contr\u00f4le et d\u2019interrogations sur les avantages pr\u00e9vus, que 3A a relay\u00e9es aupr\u00e8s des responsables d\u2019ADS.\u00a0Vous trouverez <a href=\"https:\/\/www.trois-a.org\/index.php\/2019\/11\/30\/le-nouveau-programme-avantages-proprietaires-dans-les-starting-blocks\/\">sur le site de 3A<\/a> la r\u00e9ponse apport\u00e9e par ADS, qui en modifie plusieurs aspects. Elle nous semble avoir pris en compte la plupart des objections mises en avant par les propri\u00e9taires, notamment sur les atteintes \u00e0 la vie priv\u00e9e qu&rsquo;on pouvait craindre \u00e0 la lecture du premier texte.<\/p>\n<p>Pour compl\u00e9ter sa r\u00e9ponse, ADS nous pr\u00e9cise que le programme sera mis en ligne d\u00e8s que :<\/p>\n<ul>\n<li>les conditions g\u00e9n\u00e9rales d\u2019adh\u00e9sion seront valid\u00e9es par son service juridique<\/li>\n<li>les derniers d\u00e9veloppements techniques auront permis de rendre l&rsquo;utilisation du site la plus conviviale possible<\/li>\n<li>les bar\u00e8mes de gain de points et catalogue cadeaux seront d\u00e9finitivement valid\u00e9s.<\/li>\n<\/ul>\n<p>Nous mettrons \u00e0 jour <a href=\"https:\/\/www.trois-a.org\/index.php\/2019\/11\/30\/le-nouveau-programme-avantages-proprietaires-dans-les-starting-blocks\/\">l&rsquo;article du site<\/a> au fur et \u00e0 mesure que nous obtiendrons de nouvelles informations.<\/p>\n<h1>Le projet de la Ma\u00eftaz<\/h1>\n<p><img decoding=\"async\" class=\"wp-image-2493 aligncenter\" src=\"https:\/\/www.trois-a.org\/wp-content\/uploads\/2019\/12\/word-image-66.jpeg\" width=\"777\" height=\"391\" srcset=\"https:\/\/www.trois-a.org\/wp-content\/uploads\/2019\/12\/word-image-66.jpeg 1956w, https:\/\/www.trois-a.org\/wp-content\/uploads\/2019\/12\/word-image-66-300x151.jpeg 300w, https:\/\/www.trois-a.org\/wp-content\/uploads\/2019\/12\/word-image-66-1024x515.jpeg 1024w, https:\/\/www.trois-a.org\/wp-content\/uploads\/2019\/12\/word-image-66-768x386.jpeg 768w, https:\/\/www.trois-a.org\/wp-content\/uploads\/2019\/12\/word-image-66-1536x773.jpeg 1536w\" sizes=\"(max-width: 777px) 100vw, 777px\" \/><\/p>\n<p>Avec une trentaine de commentaires \u00e0 la suite de <a href=\"https:\/\/www.trois-a.org\/index.php\/2019\/10\/14\/participez-a-lenquete-publique-sur-le-plu-de-landry\/\">cet article du site de 3A<\/a>, ce projet, soumis \u00e0 enqu\u00eate publique dans le cadre plus g\u00e9n\u00e9ral du PLU de Landry (plus d&rsquo;une centaine de contributions d\u00e9pos\u00e9es sur <a href=\"https:\/\/www.registre-numerique.fr\/plu-landry\/voir-les-avis\">le site de l&rsquo;enqu\u00eate<\/a>), suscite beaucoup de r\u00e9actions de la part des propri\u00e9taires aux Arcs, particuli\u00e8rement ceux de Charmettoger, situ\u00e9 \u00e0 proximit\u00e9 imm\u00e9diate. Force est de constater que les avis favorables sont rares. Vous pouvez consulter <a href=\"https:\/\/www.trois-a.org\/wp-content\/uploads\/2019\/11\/Observations-pr\u00e9sent\u00e9es-par-M-Seligmann-au-nom-de-lassociation-3A-30-oct-2019.pdf\">la contribution de 3A<\/a> \u00e0 l&rsquo;enqu\u00eate publique.<\/p>\n<h1>O\u00f9 en est le projet de construction des bureaux d&rsquo;ADS \u00e0 Arc 1600 ?<\/h1>\n<p>Dans notre <a href=\"https:\/\/www.trois-a.org\/wp-content\/uploads\/2018\/09\/B3A4.pdf\">\u00ab\u00a0Br\u00e8ves n\u00b04\u00a0\u00bb<\/a> de septembre 2018, nous avions pr\u00e9sent\u00e9 le projet de construction de bureaux qu\u2019ADS souhaitait implanter sur Arc 1600 pour ses services administratifs, et nous avions fait le point sur l\u2019\u00e9tat d\u2019avancement de ce projet.<\/p>\n<p>Celui-ci a connu de multiples p\u00e9rip\u00e9ties\u00a0:<\/p>\n<ul>\n<li>Un premier projet, situ\u00e9 sous l\u2019ancienne \u00e9cole, \u00e0 proximit\u00e9 imm\u00e9diate des r\u00e9sidences des 3 Arcs et du Roc de Belleface, a \u00e9t\u00e9 refus\u00e9 en 2018 par la municipalit\u00e9, en raison de son incoh\u00e9rence architecturale avec les constructions environnantes<\/li>\n<li>ADS a alors mis \u00ab\u00a0deux fers au feu\u00a0\u00bb\u00a0:\n<ul>\n<li>un nouveau projet, moins important, implant\u00e9 sur le site de l\u2019ancienne \u00e9cole (pour lequel un dossier de construire a \u00e9t\u00e9 pr\u00e9sent\u00e9),<\/li>\n<li>un autre projet implant\u00e9 en contrebas de la place du soleil et en entr\u00e9e de station (qui a fait l\u2019objet d\u2019\u00e9tudes pr\u00e9liminaires).<\/li>\n<\/ul>\n<\/li>\n<li>Le permis de construire sous l\u2019ancienne \u00e9cole a \u00e9t\u00e9 accord\u00e9 en avril 2019. Cette d\u00e9cision a fait l\u2019objet de deux recours contentieux assez solidement \u00e9tay\u00e9s, d\u00e9pos\u00e9s devant le tribunal administratif de Grenoble au nom de copropri\u00e9taires de la r\u00e9sidence des 3 Arcs et de celle du Roc de Belleface hostiles \u00e0 ce projet, qui affecte leur vue sur la montagne<\/li>\n<li>ADS a annonc\u00e9 \u00e0 la fin juillet que, pour de multiples raisons, elle devait renoncer \u00e0 l\u2019implantation sous la place du Soleil et qu\u2019elle revenait\u00a0au projet d\u2019installation sous l\u2019ancienne \u00e9cole, pour lequel elle dispose d\u00e9j\u00e0 du permis de construire. Son directeur g\u00e9n\u00e9ral a toutefois indiqu\u00e9 qu\u2019il envisageait, en collaboration avec la Mairie, un nouveau projet de construction, qui serait situ\u00e9 sur l\u2019aire de retournement des navettes bus inter stations.<\/li>\n<\/ul>\n<h1>Nouvelles constructions au Chantel : Les Cristaux<\/h1>\n<p><img decoding=\"async\" class=\"wp-image-2494 aligncenter\" src=\"https:\/\/www.trois-a.org\/wp-content\/uploads\/2019\/12\/word-image-67.jpeg\" width=\"612\" height=\"762\" srcset=\"https:\/\/www.trois-a.org\/wp-content\/uploads\/2019\/12\/word-image-67.jpeg 1498w, https:\/\/www.trois-a.org\/wp-content\/uploads\/2019\/12\/word-image-67-241x300.jpeg 241w, https:\/\/www.trois-a.org\/wp-content\/uploads\/2019\/12\/word-image-67-822x1024.jpeg 822w, https:\/\/www.trois-a.org\/wp-content\/uploads\/2019\/12\/word-image-67-768x957.jpeg 768w, https:\/\/www.trois-a.org\/wp-content\/uploads\/2019\/12\/word-image-67-1233x1536.jpeg 1233w\" sizes=\"(max-width: 612px) 100vw, 612px\" \/><\/p>\n<p>Sotarbat poursuit l&rsquo;urbanisation de la ZAC du Chantel avec un projet, <a href=\"https:\/\/lescristaux1800.com\">les Cristaux<\/a>, de 27 appartements haut de gamme (\u00ab\u00a0chalets loft\u00a0\u00bb) r\u00e9partis sur trois immeubles en bordure de la route des Espagnols, tout \u00e0 c\u00f4t\u00e9 d&rsquo;Edenarc et de l&rsquo;Iseran. La commercialisation commence le 9 d\u00e9cembre 2019.<\/p>\n<p>L&rsquo;avis de 3A : Bien qu&rsquo;il s&rsquo;inscrive dans l&rsquo;enveloppe des derniers m2 autoris\u00e9s restant \u00e0 construire dans la ZAC du Chantel, on peut s&rsquo;interroger une nouvelle fois sur l&rsquo;opportunit\u00e9 pour le d\u00e9veloppement de la station d&rsquo;un projet suppl\u00e9mentaire de r\u00e9sidences secondaires, et regretter que sa finalisation intervienne sans concertation avec les immeubles voisins. Plusieurs questions se posent :<\/p>\n<ul>\n<li>\u00c0 notre connaissance, le permis de construire n&rsquo;est pas encore accord\u00e9 (il n&rsquo;\u00e9tait m\u00eame pas encore d\u00e9pos\u00e9 d\u00e9but novembre. N&rsquo;est-il pas pr\u00e9matur\u00e9 de lancer la commercialisation d&rsquo;une op\u00e9ration non encore approuv\u00e9e ?<\/li>\n<li>Le retour \u00e0 skis suppose l&rsquo;am\u00e9nagement, visible sur l&rsquo;illustration, d&rsquo;une v\u00e9ritable piste ; or, d&rsquo;apr\u00e8s nos sources, ADS n&rsquo;a pas de tel projet dans ses cartons \u00e0 l&rsquo;heure actuelle<\/li>\n<li>Le d\u00e9part \u00e0 skis promis dans les brochures de promotion semble quelque peu probl\u00e9matique, sauf \u00e0 marcher (\u00e0 la mont\u00e9e) sur la route des Espagnols pour rejoindre les pistes du Chantel.<\/li>\n<\/ul>\n<h1>Vos rendez-vous avec 3A cet hiver<\/h1>\n<p><img decoding=\"async\" class=\"wp-image-2495 aligncenter\" src=\"https:\/\/www.trois-a.org\/wp-content\/uploads\/2019\/12\/word-image-68.jpeg\" width=\"439\" height=\"339\" srcset=\"https:\/\/www.trois-a.org\/wp-content\/uploads\/2019\/12\/word-image-68.jpeg 1388w, https:\/\/www.trois-a.org\/wp-content\/uploads\/2019\/12\/word-image-68-300x232.jpeg 300w, https:\/\/www.trois-a.org\/wp-content\/uploads\/2019\/12\/word-image-68-1024x791.jpeg 1024w, https:\/\/www.trois-a.org\/wp-content\/uploads\/2019\/12\/word-image-68-768x593.jpeg 768w\" sizes=\"(max-width: 439px) 100vw, 439px\" \/><\/p>\n<p>R\u00e9servez d\u00e8s \u00e0 pr\u00e9sent ces dates pour nos prochaines r\u00e9unions, o\u00f9 nous vous esp\u00e9rons nombreux (non adh\u00e9rents bienvenus !) :<\/p>\n<ul>\n<li>r\u00e9union \u00ab\u00a0Propri\u00e9taire aux Arcs\u00a0\u00bb d\u2019\u00e9changes entre les propri\u00e9taires et les animateurs de 3A : vendredi 27 d\u00e9cembre 2019 \u00e0 <del>16<\/del><span style=\"color: #ff0000;\">15h<\/span><\/li>\n<li>r\u00e9union d\u2019\u00e9change avec les pr\u00e9sidents de copropri\u00e9t\u00e9 : mardi 10 mars 2020 \u00e0 18h<\/li>\n<\/ul>\n<h6>(attention, date modifi\u00e9e depuis la publication de ces Br\u00e8ves)<\/h6>\n<ul>\n<li>r\u00e9union \u00ab\u00a0Propri\u00e9taire aux Arcs\u00a0\u00bb d\u2019\u00e9changes entre les propri\u00e9taires et les animateurs de 3A :\u00a0jeudi 2 avril \u00e0 18h<\/li>\n<\/ul>\n<p>Toutes les r\u00e9unions ont lieu au <a href=\"https:\/\/www.lesarcs.com\/centre-bernard-taillefer-seminaires.html\">Centre Taillefer<\/a> (Arc 1800), salle Pierra Menta.<\/p>\n<h1>Vos questions aux candidats \u00e0 la Mairie de Bourg Saint Maurice<\/h1>\n<p><img decoding=\"async\" class=\"wp-image-2496 aligncenter\" src=\"https:\/\/www.trois-a.org\/wp-content\/uploads\/2019\/12\/word-image-69.jpeg\" width=\"531\" height=\"314\" srcset=\"https:\/\/www.trois-a.org\/wp-content\/uploads\/2019\/12\/word-image-69.jpeg 728w, https:\/\/www.trois-a.org\/wp-content\/uploads\/2019\/12\/word-image-69-300x177.jpeg 300w\" sizes=\"(max-width: 531px) 100vw, 531px\" \/><\/p>\n<p>C&rsquo;est la tradition : \u00e0 chaque \u00e9lection municipale, 3A envoie \u00e0 chaque candidat \u00e0 la mairie de Bourg Saint Maurice Les Arcs un questionnaire, dont les r\u00e9ponses sont restitu\u00e9es aux propri\u00e9taires avant l&rsquo;\u00e9lection. Participez \u00e0 l&rsquo;\u00e9laboration de ce questionnaire en formulant vos questions br\u00fblantes dans les commentaires de <a href=\"https:\/\/www.trois-a.org\/index.php\/2019\/12\/01\/elections-municipales-pour-que-comptent-la-voix-et-les-voix-des-proprietaires-aux-arcs\/\">cet article du site de 3A<\/a>.<\/p>\n<p>Rappelons que vous avez encore parfaitement le temps de vous inscrire sur les listes \u00e9lectorales de Bourg Saint-Maurice (Monsieur et\/ou Madame), et que vous pouvez voter par procuration. D\u00e9tails dans <a href=\"https:\/\/www.trois-a.org\/index.php\/2019\/12\/01\/elections-municipales-pour-que-comptent-la-voix-et-les-voix-des-proprietaires-aux-arcs\/\">l&rsquo;article du site<\/a> (en consultation libre).<\/p>\n<h1>Les Arcs Film Festival : et de 11 !<\/h1>\n<p><img decoding=\"async\" class=\"wp-image-2497 aligncenter\" src=\"https:\/\/www.trois-a.org\/wp-content\/uploads\/2019\/12\/word-image-70.jpeg\" width=\"472\" height=\"295\" srcset=\"https:\/\/www.trois-a.org\/wp-content\/uploads\/2019\/12\/word-image-70.jpeg 1033w, https:\/\/www.trois-a.org\/wp-content\/uploads\/2019\/12\/word-image-70-300x188.jpeg 300w, https:\/\/www.trois-a.org\/wp-content\/uploads\/2019\/12\/word-image-70-1024x640.jpeg 1024w, https:\/\/www.trois-a.org\/wp-content\/uploads\/2019\/12\/word-image-70-768x480.jpeg 768w\" sizes=\"(max-width: 472px) 100vw, 472px\" \/><\/p>\n<p>Offre sp\u00e9ciale PROPRIETAIRES\u00a0!<\/p>\n<p>La 11e \u00e9dition du Festival de Cin\u00e9ma Europ\u00e9en des Arcs se tiendra\u00a0du 14 d\u00e9cembre au 21 d\u00e9cembre 2019. Le <a href=\"https:\/\/lesarcs-filmfest.com\/fr\/programmation\">programme complet<\/a> est disponible en ligne.\u00a0Le Festival vous propose des PASS CINEMA et PASS PRIORITAIRE \u00e0 prix r\u00e9duits en pr\u00e9vente sur Internet uniquement, avec le code\u00a0PROP19.<\/p>\n<p>Les organisateurs du festival vous convient le lundi 16 d\u00e9cembre \u00e0 19h30 \u00e0 un cocktail sp\u00e9cial propri\u00e9taires, suivi \u00e0 20h30 du film \u00ab\u00a0Deux\u00a0\u00bb du producteur Pierre-Emmanuel Fleurantin.<\/p>\n<p>S\u00e9ance d\u00e9dicace du livre Tapis rouge d\u2019Eric Garandeau.<\/p>\n<p>Achetez vos pass <a href=\"https:\/\/lesarcs-filmfest.com\/fr\/achat-pass\">en ligne<\/a> !<\/p>\n<h1>Exposition Charlotte Perriand \u00e0 la Fondation Louis Vuitton<\/h1>\n<p><img decoding=\"async\" class=\"wp-image-2498 aligncenter\" src=\"https:\/\/www.trois-a.org\/wp-content\/uploads\/2019\/12\/word-image-71.jpeg\" width=\"709\" height=\"330\" srcset=\"https:\/\/www.trois-a.org\/wp-content\/uploads\/2019\/12\/word-image-71.jpeg 1280w, https:\/\/www.trois-a.org\/wp-content\/uploads\/2019\/12\/word-image-71-300x139.jpeg 300w, https:\/\/www.trois-a.org\/wp-content\/uploads\/2019\/12\/word-image-71-1024x476.jpeg 1024w, https:\/\/www.trois-a.org\/wp-content\/uploads\/2019\/12\/word-image-71-768x357.jpeg 768w\" sizes=\"(max-width: 709px) 100vw, 709px\" \/><\/p>\n<p>A l\u2019occasion du 20e anniversaire de la disparition de Charlotte Perriand, la fondation\u00a0Louis Vuitton pr\u00e9sente dans <a href=\"https:\/\/www.fondationlouisvuitton.fr\/fr\/expositions\/exposition\/charlotte-perriand.html\">une vaste exposition<\/a> l&rsquo;ensemble de ses cr\u00e9ations, y compris ses r\u00e9alisations aux Arcs. Cette c\u00e9l\u00e8bre architecte a en effet contribu\u00e9 d\u00e8s le d\u00e9part \u00e0 la conception et la r\u00e9alisation d&rsquo;Arc 1600 et d&rsquo;Arc 1800, en d\u00e9clinant dans l\u2019am\u00e9nagement int\u00e9rieur des logements ses cr\u00e9ations originelles, qui dataient des ann\u00e9es 30, et en concevant les nouveaux immeubles dans une logique esth\u00e9tique et fonctionnelle de respect de la montagne et de prise en compte de l&rsquo;environnement.<\/p>\n<p>On peut s&rsquo;y procurer le magnifique ouvrage \u00ab <a href=\"https:\/\/librairie.fondationlouisvuitton.fr\/fr\/charlotte-perriand-le-monde-nouveau-de-charlotte-perriand\/charlotte-perriand-loeuvre-complete-volume-4-1968-1999\/749.html\">Charlotte Perriand, l\u2019\u0153uvre compl\u00e8te volume 4 1968-1999<\/a> \u00bb,\u00a0\u00e9crit par Jacques Barsac et publi\u00e9 par les \u00e9ditions Norma, qui retrace l\u2019histoire de la cr\u00e9ation des Arcs, et qui m\u00e9rite sa place dans la biblioth\u00e8que de toute personne int\u00e9ress\u00e9e par le pass\u00e9, le pr\u00e9sent et l&rsquo;avenir des Arcs.<\/p>\n<p style=\"text-align: center;\"><img decoding=\"async\" class=\"wp-image-2499\" src=\"https:\/\/www.trois-a.org\/wp-content\/uploads\/2019\/12\/word-image-72.jpeg\" width=\"279\" height=\"373\" srcset=\"https:\/\/www.trois-a.org\/wp-content\/uploads\/2019\/12\/word-image-72.jpeg 480w, https:\/\/www.trois-a.org\/wp-content\/uploads\/2019\/12\/word-image-72-225x300.jpeg 225w\" sizes=\"(max-width: 279px) 100vw, 279px\" \/>\u00a0 \u00a0 \u00a0 \u00a0 \u00a0 \u00a0<img decoding=\"async\" class=\"wp-image-2500\" src=\"https:\/\/www.trois-a.org\/wp-content\/uploads\/2019\/12\/word-image-73.jpeg\" width=\"499\" height=\"374\" srcset=\"https:\/\/www.trois-a.org\/wp-content\/uploads\/2019\/12\/word-image-73.jpeg 640w, https:\/\/www.trois-a.org\/wp-content\/uploads\/2019\/12\/word-image-73-300x225.jpeg 300w\" sizes=\"(max-width: 499px) 100vw, 499px\" \/><\/p>\n<p><img decoding=\"async\" class=\"wp-image-2501 aligncenter\" src=\"https:\/\/www.trois-a.org\/wp-content\/uploads\/2019\/12\/word-image-74.jpeg\" width=\"444\" height=\"333\" srcset=\"https:\/\/www.trois-a.org\/wp-content\/uploads\/2019\/12\/word-image-74.jpeg 640w, https:\/\/www.trois-a.org\/wp-content\/uploads\/2019\/12\/word-image-74-300x225.jpeg 300w\" sizes=\"(max-width: 444px) 100vw, 444px\" \/><\/p>\n","protected":false},"excerpt":{"rendered":"<p>Version en format original, en pdf. Les Br\u00e8ves 3A\u00a0n\u00b09 D\u00e9cembre 2019 &nbsp; 3A, association de propri\u00e9taires aux Arcs, vous informe, vous \u00e9coute, et dialogue en votre nom avec les op\u00e9rateurs de la station. Pour pr\u00e9server et valoriser votre patrimoine aux Arcs, rejoignez-nous ! Exprimez-vous ! Propri\u00e9taires aux Arcs, nous sommes \u00e0 votre \u00e9coute. Faites-nous part &#8230;<\/p>\n","protected":false},"author":386,"featured_media":2504,"comment_status":"open","ping_status":"closed","sticky":false,"template":"","format":"standard","meta":{"footnotes":""},"categories":[12,39,38],"tags":[48],"class_list":["post-2421","post","type-post","status-publish","format-standard","has-post-thumbnail","hentry","category-3a","category-actualite","category-breve","tag-article-en-acces-libre"],"_links":{"self":[{"href":"https:\/\/www.trois-a.org\/index.php\/wp-json\/wp\/v2\/posts\/2421","targetHints":{"allow":["GET"]}}],"collection":[{"href":"https:\/\/www.trois-a.org\/index.php\/wp-json\/wp\/v2\/posts"}],"about":[{"href":"https:\/\/www.trois-a.org\/index.php\/wp-json\/wp\/v2\/types\/post"}],"author":[{"embeddable":true,"href":"https:\/\/www.trois-a.org\/index.php\/wp-json\/wp\/v2\/users\/386"}],"replies":[{"embeddable":true,"href":"https:\/\/www.trois-a.org\/index.php\/wp-json\/wp\/v2\/comments?post=2421"}],"version-history":[{"count":6,"href":"https:\/\/www.trois-a.org\/index.php\/wp-json\/wp\/v2\/posts\/2421\/revisions"}],"predecessor-version":[{"id":2570,"href":"https:\/\/www.trois-a.org\/index.php\/wp-json\/wp\/v2\/posts\/2421\/revisions\/2570"}],"wp:featuredmedia":[{"embeddable":true,"href":"https:\/\/www.trois-a.org\/index.php\/wp-json\/wp\/v2\/media\/2504"}],"wp:attachment":[{"href":"https:\/\/www.trois-a.org\/index.php\/wp-json\/wp\/v2\/media?parent=2421"}],"wp:term":[{"taxonomy":"category","embeddable":true,"href":"https:\/\/www.trois-a.org\/index.php\/wp-json\/wp\/v2\/categories?post=2421"},{"taxonomy":"post_tag","embeddable":true,"href":"https:\/\/www.trois-a.org\/index.php\/wp-json\/wp\/v2\/tags?post=2421"}],"curies":[{"name":"wp","href":"https:\/\/api.w.org\/{rel}","templated":true}]}}