{"id":1881,"date":"2019-06-05T23:55:46","date_gmt":"2019-06-05T21:55:46","guid":{"rendered":"https:\/\/www.trois-a.org\/?p=1881"},"modified":"2025-05-26T10:45:28","modified_gmt":"2025-05-26T08:45:28","slug":"les-cafescontacts-de-3a","status":"publish","type":"post","link":"https:\/\/www.trois-a.org\/index.php\/2019\/06\/05\/les-cafescontacts-de-3a\/","title":{"rendered":"Les Caf\u00e9sContacts de 3A"},"content":{"rendered":"<p><img decoding=\"async\" class=\"wp-image-1934  aligncenter\" src=\"https:\/\/www.trois-a.org\/wp-content\/uploads\/2019\/07\/Caf\u00e9Contact-3A-vignette.jpg\" alt=\"\" width=\"250\" height=\"250\" srcset=\"https:\/\/www.trois-a.org\/wp-content\/uploads\/2019\/07\/Caf\u00e9Contact-3A-vignette.jpg 200w, https:\/\/www.trois-a.org\/wp-content\/uploads\/2019\/07\/Caf\u00e9Contact-3A-vignette-150x150.jpg 150w\" sizes=\"(max-width: 250px) 100vw, 250px\" \/><\/p>\n<p>&nbsp;<\/p>\n<p>Paul Landowski, membre du conseil d&rsquo;administration de 3A, a mis sur pied le <a href=\"http:\/\/www.cafecontactemploi.fr\" target=\"_blank\" rel=\"noopener noreferrer\">Caf\u00e9 Contact de l&rsquo;Emploi\u00ae<\/a>, qui se propose de court-circuiter le processus traditionnel du recrutement (via le CV) en mettant en contact direct les demandeurs et fournisseurs d&#8217;emploi dans un lieu convivial, le caf\u00e9.<\/p>\n<p><img decoding=\"async\" class=\"alignnone size-full wp-image-1886\" src=\"https:\/\/www.trois-a.org\/wp-content\/uploads\/2019\/06\/Paul.jpg\" alt=\"\" width=\"2048\" height=\"1150\" srcset=\"https:\/\/www.trois-a.org\/wp-content\/uploads\/2019\/06\/Paul.jpg 2048w, https:\/\/www.trois-a.org\/wp-content\/uploads\/2019\/06\/Paul-300x168.jpg 300w, https:\/\/www.trois-a.org\/wp-content\/uploads\/2019\/06\/Paul-768x431.jpg 768w, https:\/\/www.trois-a.org\/wp-content\/uploads\/2019\/06\/Paul-1024x575.jpg 1024w\" sizes=\"(max-width: 2048px) 100vw, 2048px\" \/><\/p>\n<p>Fort de son exp\u00e9rience, Paul invite cet \u00e9t\u00e9, chez Boubou \u00e0 Arc 1800, tous les propri\u00e9taires aux Arcs \u00e0 venir partager un moment convivial avec 3A pour \u00e9changer librement sur le d\u00e9roulement de leur s\u00e9jour et les conditions de vie aux Arcs, tous les lundis de 9h30 \u00e0 11h30 pendant les dates d&rsquo;ouverture de la station.<\/p>\n<p><img decoding=\"async\" class=\"wp-image-1420 alignleft\" src=\"https:\/\/www.trois-a.org\/wp-content\/uploads\/2018\/08\/Miren-Vercollier.jpg\" alt=\"Miren Vercollier\" width=\"176\" height=\"254\" srcset=\"https:\/\/www.trois-a.org\/wp-content\/uploads\/2018\/08\/Miren-Vercollier.jpg 1063w, https:\/\/www.trois-a.org\/wp-content\/uploads\/2018\/08\/Miren-Vercollier-208x300.jpg 208w, https:\/\/www.trois-a.org\/wp-content\/uploads\/2018\/08\/Miren-Vercollier-768x1109.jpg 768w, https:\/\/www.trois-a.org\/wp-content\/uploads\/2018\/08\/Miren-Vercollier-709x1024.jpg 709w\" sizes=\"(max-width: 176px) 100vw, 176px\" \/><\/p>\n<p>&nbsp;<\/p>\n<p>&nbsp;<\/p>\n<p>&nbsp;<\/p>\n<p>Miren fera de m\u00eame \u00e0 Arc 1600.<\/p>\n<p>&nbsp;<\/p>\n<p>&nbsp;<\/p>\n<p>&nbsp;<\/p>\n<p>Regardez <a href=\"https:\/\/www.youtube.com\/watch?v=mMG8R7WkYh4&amp;t=44s\" target=\"_blank\" rel=\"noopener noreferrer\">le reportage<\/a> qu&rsquo;A2 a consacr\u00e9 au Caf\u00e9 Contact de l&rsquo;Emploi\u00ae lors du JT de 13 h le 3 juin dernier.<\/p>\n<p><img decoding=\"async\" class=\"alignnone size-full wp-image-1932\" src=\"https:\/\/www.trois-a.org\/wp-content\/uploads\/2019\/06\/Caf\u00e9Contact-3A.jpg\" alt=\"\" width=\"1920\" height=\"1080\" srcset=\"https:\/\/www.trois-a.org\/wp-content\/uploads\/2019\/06\/Caf\u00e9Contact-3A.jpg 1920w, https:\/\/www.trois-a.org\/wp-content\/uploads\/2019\/06\/Caf\u00e9Contact-3A-300x169.jpg 300w, https:\/\/www.trois-a.org\/wp-content\/uploads\/2019\/06\/Caf\u00e9Contact-3A-768x432.jpg 768w, https:\/\/www.trois-a.org\/wp-content\/uploads\/2019\/06\/Caf\u00e9Contact-3A-1024x576.jpg 1024w\" sizes=\"(max-width: 1920px) 100vw, 1920px\" \/><\/p>\n","protected":false},"excerpt":{"rendered":"<p>&nbsp; Paul Landowski, membre du conseil d&rsquo;administration de 3A, a mis sur pied le Caf\u00e9 Contact de l&rsquo;Emploi\u00ae, qui se propose de court-circuiter le processus traditionnel du recrutement (via le CV) en mettant en contact direct les demandeurs et fournisseurs d&#8217;emploi dans un lieu convivial, le caf\u00e9. Fort de son exp\u00e9rience, Paul invite cet \u00e9t\u00e9, &#8230;<\/p>\n","protected":false},"author":386,"featured_media":0,"comment_status":"open","ping_status":"closed","sticky":false,"template":"","format":"standard","meta":{"footnotes":""},"categories":[12,4],"tags":[48],"class_list":["post-1881","post","type-post","status-publish","format-standard","hentry","category-3a","category-action","tag-article-en-acces-libre"],"_links":{"self":[{"href":"https:\/\/www.trois-a.org\/index.php\/wp-json\/wp\/v2\/posts\/1881","targetHints":{"allow":["GET"]}}],"collection":[{"href":"https:\/\/www.trois-a.org\/index.php\/wp-json\/wp\/v2\/posts"}],"about":[{"href":"https:\/\/www.trois-a.org\/index.php\/wp-json\/wp\/v2\/types\/post"}],"author":[{"embeddable":true,"href":"https:\/\/www.trois-a.org\/index.php\/wp-json\/wp\/v2\/users\/386"}],"replies":[{"embeddable":true,"href":"https:\/\/www.trois-a.org\/index.php\/wp-json\/wp\/v2\/comments?post=1881"}],"version-history":[{"count":9,"href":"https:\/\/www.trois-a.org\/index.php\/wp-json\/wp\/v2\/posts\/1881\/revisions"}],"predecessor-version":[{"id":1939,"href":"https:\/\/www.trois-a.org\/index.php\/wp-json\/wp\/v2\/posts\/1881\/revisions\/1939"}],"wp:attachment":[{"href":"https:\/\/www.trois-a.org\/index.php\/wp-json\/wp\/v2\/media?parent=1881"}],"wp:term":[{"taxonomy":"category","embeddable":true,"href":"https:\/\/www.trois-a.org\/index.php\/wp-json\/wp\/v2\/categories?post=1881"},{"taxonomy":"post_tag","embeddable":true,"href":"https:\/\/www.trois-a.org\/index.php\/wp-json\/wp\/v2\/tags?post=1881"}],"curies":[{"name":"wp","href":"https:\/\/api.w.org\/{rel}","templated":true}]}}