{"id":1833,"date":"2019-06-03T12:11:43","date_gmt":"2019-06-03T10:11:43","guid":{"rendered":"https:\/\/www.trois-a.org\/?p=1833"},"modified":"2025-05-26T10:45:28","modified_gmt":"2025-05-26T08:45:28","slug":"les-breves-de-3a-n7","status":"publish","type":"post","link":"https:\/\/www.trois-a.org\/index.php\/2019\/06\/03\/les-breves-de-3a-n7\/","title":{"rendered":"Les Br\u00e8ves de 3A n\u00b07"},"content":{"rendered":"<p>Lisez ces br\u00e8ves <a href=\"https:\/\/sway.office.com\/LPdxYdM0RnQoK6DV?ref=Link\" target=\"_blank\" rel=\"noopener noreferrer\">sous leur format original en ligne<\/a>.<\/p>\r\n<p>Ou bien r\u00e9cup\u00e9rez la version pdf\u00a0(2 MB) : <a href=\"https:\/\/www.trois-a.org\/wp-content\/uploads\/2019\/06\/breves_7-1.pdf\" target=\"_blank\" rel=\"noopener noreferrer\"><img decoding=\"async\" class=\"alignnone  wp-image-1915\" src=\"https:\/\/www.trois-a.org\/wp-content\/uploads\/2019\/06\/file_pdf_download_icon-icons.com_68954.png\" alt=\"\" width=\"38\" height=\"38\" srcset=\"https:\/\/www.trois-a.org\/wp-content\/uploads\/2019\/06\/file_pdf_download_icon-icons.com_68954.png 512w, https:\/\/www.trois-a.org\/wp-content\/uploads\/2019\/06\/file_pdf_download_icon-icons.com_68954-150x150.png 150w, https:\/\/www.trois-a.org\/wp-content\/uploads\/2019\/06\/file_pdf_download_icon-icons.com_68954-300x300.png 300w\" sizes=\"(max-width: 38px) 100vw, 38px\" \/><\/a><\/p>\r\n\r\n<div>\u00a0<\/div>\r\n<div>\u00a0<\/div>\r\n<div>\r\n<p><img decoding=\"async\" width=\"1888\" height=\"1350\" class=\"wp-image-1978\" src=\"https:\/\/www.trois-a.org\/wp-content\/uploads\/2019\/06\/word-image.jpg\" srcset=\"https:\/\/www.trois-a.org\/wp-content\/uploads\/2019\/06\/word-image.jpg 1888w, https:\/\/www.trois-a.org\/wp-content\/uploads\/2019\/06\/word-image-300x215.jpg 300w, https:\/\/www.trois-a.org\/wp-content\/uploads\/2019\/06\/word-image-768x549.jpg 768w, https:\/\/www.trois-a.org\/wp-content\/uploads\/2019\/06\/word-image-1024x732.jpg 1024w\" sizes=\"(max-width: 1888px) 100vw, 1888px\" \/><\/p>\r\n<h1 style=\"text-align: center;\">3A &#8211; Bulletin d\u2019informations <br \/>Les br\u00e8ves N\u00b07 &#8211; mai 2019<\/h1>\r\n<p><img decoding=\"async\" width=\"942\" height=\"263\" class=\"wp-image-1979\" src=\"https:\/\/www.trois-a.org\/wp-content\/uploads\/2019\/06\/word-image-1.jpg\" srcset=\"https:\/\/www.trois-a.org\/wp-content\/uploads\/2019\/06\/word-image-1.jpg 942w, https:\/\/www.trois-a.org\/wp-content\/uploads\/2019\/06\/word-image-1-300x84.jpg 300w, https:\/\/www.trois-a.org\/wp-content\/uploads\/2019\/06\/word-image-1-768x214.jpg 768w\" sizes=\"(max-width: 942px) 100vw, 942px\" \/><\/p>\r\n<p><em>Assembl\u00e9e g\u00e9n\u00e9rale de 3A<\/em><\/p>\r\n<h3>L&rsquo;assembl\u00e9e g\u00e9n\u00e9rale de l&rsquo;association 3A se tiendra le MARDI 6 AOUT 2019 \u00e0 15H00 salle Bernard TAILLEFER \u00e0 Arc 1800, assembl\u00e9e g\u00e9n\u00e9rale suivie de la r\u00e9union publique d&rsquo;information de la municipalit\u00e9 \u00e0 18H00. Un pot de l&rsquo;amiti\u00e9 offert par 3A cl\u00f4turera cette r\u00e9union.<\/h3>\r\n<p><strong>Sommaire<\/strong><\/p>\r\n<p>1. Funiculaire &#8211; Nouvelles rames pour 2019<\/p>\r\n<p>2. Le festival de musique 2019<\/p>\r\n<p>3. Les Chalets du Chantel &#8211; Un nouveau programme immobilier \u00e0 1800<\/p>\r\n<p>4. Arc 1800 &#8211; Requalification du Village des Villards<\/p>\r\n<p>5. Arc 2000 &#8211; Deux grandes r\u00e9alisations communales<\/p>\r\n<p>6. Bornes de recharge pour les v\u00e9hicules \u00e9lectriques<\/p>\r\n<p>7. Le Lodge change de propri\u00e9taire<\/p>\r\n<p>8. Du nouveau au golf des Arcs !<\/p>\r\n<p>9. R\u00e9union 3A-pr\u00e9sidents de copropri\u00e9t\u00e9s &#8211; Mars 2019<\/p>\r\n<p>10. R\u00e9novation de la r\u00e9sidence \u00ab\u00a0Les Chardons\u00a0\u00bb<\/p>\r\n<p>11. Pour contacter 3A \/ adh\u00e9rer \u00e0 3A<\/p>\r\n<h1><a id=\"post-1833-_Toc11919192\"><\/a>Funiculaire &#8211; Nouvelles rames pour 2019<\/h1>\r\n<p><img decoding=\"async\" width=\"1888\" height=\"1063\" class=\"wp-image-1980\" src=\"https:\/\/www.trois-a.org\/wp-content\/uploads\/2019\/06\/word-image-2.jpg\" srcset=\"https:\/\/www.trois-a.org\/wp-content\/uploads\/2019\/06\/word-image-2.jpg 1888w, https:\/\/www.trois-a.org\/wp-content\/uploads\/2019\/06\/word-image-2-300x169.jpg 300w, https:\/\/www.trois-a.org\/wp-content\/uploads\/2019\/06\/word-image-2-768x432.jpg 768w, https:\/\/www.trois-a.org\/wp-content\/uploads\/2019\/06\/word-image-2-1024x577.jpg 1024w\" sizes=\"(max-width: 1888px) 100vw, 1888px\" \/><\/p>\r\n<p>Pour le cinquantenaire de la station des Arcs, le funiculaire qui la relie depuis 30 ans \u00e0 Bourg-Saint-Maurice (800 m de d\u00e9nivel\u00e9, 7 min de parcours) fait peau neuve pour un co\u00fbt de 7 millions d\u2019euros. Le groupe Poma (qui avait d\u00e9j\u00e0 r\u00e9alis\u00e9 le premier funiculaire) et ses sous-traitants (Seirel, Atelier 360 Design, CFD) ont construit deux nouvelles rames. Enti\u00e8rement produites en France dans la r\u00e9gion, 100\u00a0% \u00e9lectriques, panoramiques, avec un toit transparent et une cabine de conduite unique centrale permettant de d\u00e9gager la vue sur les espaces avant et arri\u00e8re, elles ont \u00e9t\u00e9 livr\u00e9es par transports exceptionnels les 22 et 29 mai et elles seront mises en service d\u00e8s l\u2019ouverture de la saison d&rsquo;\u00e9t\u00e9 2019. D\u00e9couvrez le nouveau funiculaire\u00a0: <a href=\"https:\/\/www.youtube.com\/watch?v=ifmCQUdJeZs&amp;feature=youtu.be&amp;utm_source=Flash+info+%2F+Liste+interne&amp;utm_campaign=69fea147b3-EMAIL_CAMPAIGN_2018_12_28_10_39_COPY_01&amp;utm_medium=email&amp;utm_term=0_f378c7dfbe-69fea147b3-113042301\">ici<\/a>. Plus d&rsquo;infos\u00a0: <a href=\"https:\/\/www.remontees-mecaniques.net\/forums\/index.php?showtopic=31093\">ici<\/a>.<\/p>\r\n<p><img decoding=\"async\" width=\"1360\" height=\"1192\" class=\"wp-image-1981\" src=\"https:\/\/www.trois-a.org\/wp-content\/uploads\/2019\/06\/word-image-3.jpg\" srcset=\"https:\/\/www.trois-a.org\/wp-content\/uploads\/2019\/06\/word-image-3.jpg 1360w, https:\/\/www.trois-a.org\/wp-content\/uploads\/2019\/06\/word-image-3-300x263.jpg 300w, https:\/\/www.trois-a.org\/wp-content\/uploads\/2019\/06\/word-image-3-768x673.jpg 768w, https:\/\/www.trois-a.org\/wp-content\/uploads\/2019\/06\/word-image-3-1024x898.jpg 1024w\" sizes=\"(max-width: 1360px) 100vw, 1360px\" \/><\/p>\r\n<h1><a id=\"post-1833-_Toc11919193\"><\/a>Le festival de musique 2019<\/h1>\r\n<p><img decoding=\"async\" width=\"1880\" height=\"589\" class=\"wp-image-1982\" src=\"https:\/\/www.trois-a.org\/wp-content\/uploads\/2019\/06\/word-image-4.jpg\" srcset=\"https:\/\/www.trois-a.org\/wp-content\/uploads\/2019\/06\/word-image-4.jpg 1880w, https:\/\/www.trois-a.org\/wp-content\/uploads\/2019\/06\/word-image-4-300x94.jpg 300w, https:\/\/www.trois-a.org\/wp-content\/uploads\/2019\/06\/word-image-4-768x241.jpg 768w, https:\/\/www.trois-a.org\/wp-content\/uploads\/2019\/06\/word-image-4-1024x321.jpg 1024w\" sizes=\"(max-width: 1880px) 100vw, 1880px\" \/><\/p>\r\n<p>La 46e \u00e9dition du festival de musique des Arcs se d\u00e9roulera du 17 juillet au 2 ao\u00fbt.<\/p>\r\n<p>Au programme, plus de 40 concerts de musique classique, des conf\u00e9rences, des master classes, une journ\u00e9e exceptionnelle le 31 juillet dans le cadre des festivit\u00e9s pour les 50 ans des Arcs.<\/p>\r\n<p><strong>Le Festival n\u2019oublie pas Arc 2000 :<\/strong><\/p>\r\n<p>Samedi 20 juillet \u00e0 18.00 \u2013 Salle des Festivals. Programme : de B. Attahir <em>(compositeur contemporain en r\u00e9sidence) <\/em>\u00e0 Beethoven.<\/p>\r\n<p>Jeudi 25 juillet \u00e0 12.00 \u2013 Chapelle Saint Jacques : Classe de cor de Vladimir Dubois<\/p>\r\n<p><strong>Vous souhaitez devenir b\u00e9n\u00e9vole ?<\/strong><\/p>\r\n<p>Pour donner vie au Festival, chaque ann\u00e9e, plus de 30 b\u00e9n\u00e9voles int\u00e8grent l\u2019\u00e9quipe d\u2019organisation, selon leurs envies et leurs disponibilit\u00e9s. Etre b\u00e9n\u00e9vole du Festival, c\u2019est participer \u00e0 cette aventure collective de l\u2019int\u00e9rieur !<\/p>\r\n<p>Quelques missions : accueil des artistes avant le concert, contr\u00f4le des mises en place des diff\u00e9rents lieux de concert, accueil du public avant les concerts, vente des programmes, installation et tenue du bar au salon VIP&#8230; Vous d\u00e9sirez int\u00e9grer l\u2019organisation d\u2019un \u00e9v\u00e8nement d\u2019envergure qui accueille chaque ann\u00e9e pr\u00e8s d\u2019une centaine de musiciens pour la programmation de 40 concerts.<\/p>\r\n<p><strong>Vous \u00eates majeur, disponible quelques jours pendant le Festival, motiv\u00e9, dynamique et \u00e0 l\u2019\u00e9coute ?<\/strong><\/p>\r\n<p><strong>Contacter Miren VERCOLLIER au 07 84 96 25 66 ou par mail :<\/strong><a href=\"mailto:mecenat@festivaldesarcs.com\"> mecenat@festivaldesarcs.com<\/a><\/p>\r\n<p>3A soutient le Festival et invite tous les m\u00e9lomanes \u00e0 faire de m\u00eame en adh\u00e9rant \u00e0 l\u2019association du Festival. Pour plus d&rsquo;infos :<a href=\"https:\/\/www.festivaldesarcs.com\/edition-2019\/\"> https:\/\/www.festivaldesarcs.com\/edition-2019\/<\/a><\/p>\r\n<h1><a id=\"post-1833-_Toc11919194\"><\/a>Les Chalets du Chantel &#8211; Un nouveau programme immobilier \u00e0 1800<\/h1>\r\n<p><img decoding=\"async\" width=\"1888\" height=\"1087\" class=\"wp-image-1983\" src=\"https:\/\/www.trois-a.org\/wp-content\/uploads\/2019\/06\/word-image-5.jpg\" srcset=\"https:\/\/www.trois-a.org\/wp-content\/uploads\/2019\/06\/word-image-5.jpg 1888w, https:\/\/www.trois-a.org\/wp-content\/uploads\/2019\/06\/word-image-5-300x173.jpg 300w, https:\/\/www.trois-a.org\/wp-content\/uploads\/2019\/06\/word-image-5-768x442.jpg 768w, https:\/\/www.trois-a.org\/wp-content\/uploads\/2019\/06\/word-image-5-1024x590.jpg 1024w\" sizes=\"(max-width: 1888px) 100vw, 1888px\" \/><\/p>\r\n<p>La soci\u00e9t\u00e9 SOTARBAT 360 a engag\u00e9 an d\u00e9but de l\u2019ann\u00e9e la commercialisation de 5 chalets individuels qui seront implant\u00e9s en continuit\u00e9 et juste au-dessus des immeubles d\u2019Edenarc.<\/p>\r\n<p>Les cinq \u00ab Chalets du Chantel \u00bb, d\u2019une surface allant de 230 m<sup>2<\/sup> \u00e0 340 m<sup>2<\/sup>, se composeront de quatre \u00e0 cinq chambres, une pi\u00e8ce de vie avec plafond cath\u00e9drale et chemin\u00e9e suspendue. Ils incluront salle de projection vid\u00e9o, espace bien-\u00eatre avec salle de fitness, sauna, hammam et jacuzzi. Livraison annonc\u00e9e \u00e0 partir de d\u00e9cembre 2019. Les prix ? De 2,3 M\u20ac \u00e0 3,5 M\u20ac.<\/p>\r\n<p>Infos commerciales en ligne :<a href=\"https:\/\/www.immo-investir.com\/les-chalets-du-chantel-aux-arcs-1800.htm\"> https:\/\/www.immo-investir.com\/les-chalets-du-chantel-aux-arcs-1800.htm<\/a> <a href=\"http:\/\/leschaletsduchantel.com\/\">http:\/\/leschaletsduchantel.com\/<\/a><\/p>\r\n<p><strong>Commentaires de 3A<\/strong> : Avec ces nouveaux b\u00e2timents, l\u2019occupation de la ZAC du Chantel atteindra son point haut, juste en limite des tennis existants.<\/p>\r\n<p>Pour autant, les constructions de la ZAC ne s\u2019arr\u00eateront pas l\u00e0.<\/p>\r\n<p>Le promoteur, qui se construit un chalet de grande taille sous la route des Espagnols, annonce en effet le lancement en 2019 d\u2019une derni\u00e8re op\u00e9ration baptis\u00e9e \u00ab les Cristaux de 1800 \u00bb. Elle sera implant\u00e9e en contrebas d\u2019Edenarc, juste au-dessus de la route des Espagnols. Son programme pourrait comprendre une quinzaine de chalets abritant une trentaine de logements.<\/p>\r\n<p>On vous en dira plus sur ce qui devrait \u00eatre l\u2019ultime op\u00e9ration de la ZAC du Chantel &#8230;. d\u00e8s qu\u2019elle aura obtenu son permis de construire.<\/p>\r\n<h1><a id=\"post-1833-_Toc11919195\"><\/a>Arc 1800 &#8211; Requalification du Village des Villards<\/h1>\r\n<p><img decoding=\"async\" width=\"1888\" height=\"610\" class=\"wp-image-1984\" src=\"https:\/\/www.trois-a.org\/wp-content\/uploads\/2019\/06\/word-image-6.jpg\" srcset=\"https:\/\/www.trois-a.org\/wp-content\/uploads\/2019\/06\/word-image-6.jpg 1888w, https:\/\/www.trois-a.org\/wp-content\/uploads\/2019\/06\/word-image-6-300x97.jpg 300w, https:\/\/www.trois-a.org\/wp-content\/uploads\/2019\/06\/word-image-6-768x248.jpg 768w, https:\/\/www.trois-a.org\/wp-content\/uploads\/2019\/06\/word-image-6-1024x331.jpg 1024w\" sizes=\"(max-width: 1888px) 100vw, 1888px\" \/><\/p>\r\n<p><strong>Samedi 23 f\u00e9vrier 2019 Communiqu\u00e9 du Maire &#8211; R\u00e9novation des Villards<\/strong><\/p>\r\n<p>Dans le cadre d\u2019une remise \u00e0 niveau essentielle des Villards, la commune et les copropri\u00e9t\u00e9s concern\u00e9es ont engag\u00e9 de grands travaux et en projettent d\u2019autres.<\/p>\r\n<p>Ainsi :<\/p>\r\n<ul>\r\n<li>2018 : Le \u00ab Tunnel de Livraison \u00bb est r\u00e9nov\u00e9 par la commune.<\/li>\r\n<li>2018 : Le \u00ab Parking de Villards \u00bb est r\u00e9nov\u00e9 par les copropri\u00e9taires, dont la commune.<\/li>\r\n<li>2018 : Les \u00ab Places Basse et haute des Villards \u00bb sont c\u00e9d\u00e9es \u00e0 la commune par ADS.<\/li>\r\n<li>2018 : Une r\u00e9flexion est engag\u00e9e par la commune, les copropri\u00e9t\u00e9s et associations concern\u00e9es, afin de redonner aux espaces d\u00e9di\u00e9s au public : confort, esth\u00e9tique, mise en valeur de l\u2019environnement favorisant leur fr\u00e9quentation.<\/li>\r\n<\/ul>\r\n<p>Les surfaces communales (places des Villards) et les surfaces propri\u00e9t\u00e9s des copros ou<\/p>\r\n<p>associations (centre commercial, circulations, belv\u00e9d\u00e8res), sont \u00e0 peu pr\u00e8s \u00e9quivalentes. Dans ce contexte, une op\u00e9ration de r\u00e9novation en commun et rationnelle semble possible.<\/p>\r\n<p>Ainsi un groupe de travail, repr\u00e9sentant toutes les parties prenantes, propose un projet sommaire d\u2019am\u00e9nagements (paysagisme, mobilier, signal\u00e9tique, sols, d\u00e9neigement, etc..) et le budget qui lui serait d\u00e9di\u00e9.<\/p>\r\n<p>Il en ressort une proposition de budget maximum de 2 M\u20ac (50 % commune, 50% copros, US des Villards et associations) et de travaux programm\u00e9s sur 3 ans.<\/p>\r\n<ul>\r\n<li>2019 : La commune, les copropri\u00e9t\u00e9s et les associations concern\u00e9es d\u00e9lib\u00e8rent, toutes favorablement. A la suite, un AMO est choisi par le groupe de travail. Prochainement, le projet d\u00e9finitif sera pr\u00e9sent\u00e9 au maire et aux pr\u00e9sidents de l\u2019US, des copros et des associations. Ainsi la premi\u00e8re tranche de travaux pourrait \u00eatre ex\u00e9cut\u00e9e d\u00e8s l&rsquo;automne 2019.<\/li>\r\n<li>2019 : La \u00ab Gare Routi\u00e8re \u00bb sera r\u00e9nov\u00e9e par la commune, avec de nouveaux services (salle d\u2019attente, bagagerie, toilettes, douches) et deviendra \u00ab Terminus les Villards \u00bb.<\/li>\r\n<li>2020 : Deuxi\u00e8me tranche de la r\u00e9novation des parties publiques.<\/li>\r\n<li>2021 : Troisi\u00e8me tranche &#8230;&#8230;&#8230;&#8230;<\/li>\r\n<\/ul>\r\n<h1><a id=\"post-1833-_Toc11919196\"><\/a>Arc 2000 &#8211; Deux grandes r\u00e9alisations communales<\/h1>\r\n<p><img decoding=\"async\" width=\"1888\" height=\"791\" class=\"wp-image-1985\" src=\"https:\/\/www.trois-a.org\/wp-content\/uploads\/2019\/06\/word-image-7.jpg\" srcset=\"https:\/\/www.trois-a.org\/wp-content\/uploads\/2019\/06\/word-image-7.jpg 1888w, https:\/\/www.trois-a.org\/wp-content\/uploads\/2019\/06\/word-image-7-300x126.jpg 300w, https:\/\/www.trois-a.org\/wp-content\/uploads\/2019\/06\/word-image-7-768x322.jpg 768w, https:\/\/www.trois-a.org\/wp-content\/uploads\/2019\/06\/word-image-7-1024x429.jpg 1024w\" sizes=\"(max-width: 1888px) 100vw, 1888px\" \/><\/p>\r\n<p><strong>Pour Arc 2000, deux grandes r\u00e9alisations communales devraient \u00eatre achev\u00e9es pour la prochaine saison d\u2019hiver : la r\u00e9novation du parking des Combes et la construction d\u2019un b\u00e2timent de services qui accueillera notamment le cabinet m\u00e9dical.<\/strong><\/p>\r\n<p>On trouvera, en suivant les liens ci-apr\u00e8s, la reproduction des fiches de pr\u00e9sentation de ces deux investissements telles qu\u2019elles ont \u00e9t\u00e9 publi\u00e9es sur le site Internet de la mairie :<a href=\"https:\/\/www.bourgsaintmaurice.fr\/fileadmin\/user_upload\/pdf\/BSM\/Fiche_projets\/Parking_Lac_des_Combes_-_Arc_2000.pdf\"> parking des combes<\/a> et<a href=\"https:\/\/www.bourgsaintmaurice.fr\/fileadmin\/user_upload\/pdf\/BSM\/Fiche_projets\/Batiment_service_Arc_2000.pdf\"> b\u00e2timent de services<\/a>.<\/p>\r\n<p>Les travaux de r\u00e9novation du parking repr\u00e9sentent un investissement de 3,7 millions d\u2019euros HT \u00e9tal\u00e9 sur deux ans. La reprise des structures a \u00e9t\u00e9 effectu\u00e9e en 2018. Elle aura permis la r\u00e9ouverture du parking pendant la saison d\u2019hiver. La requalification des espaces sera engag\u00e9e en mai. Elle comprendra rev\u00eatements de sols, peintures, traitement des eaux et bornes de rechargement des v\u00e9hicules \u00e9lectriques.<\/p>\r\n<p>La construction d\u2019un b\u00e2timent de services au-dessus de ce parking et en bordure de la place olympique permettra tout \u00e0 la fois l\u2019installation de la police municipale, celle d\u2019un cabinet m\u00e9dical, une circulation pi\u00e9tonne couverte et un d\u00e9chargement par monte-charges des livraisons et l\u2019\u00e9vacuation des brancards depuis le cabinet m\u00e9dical.<\/p>\r\n<p>Le conseil municipal a approuv\u00e9 cette op\u00e9ration et son financement pour un co\u00fbt de 1,3 million d\u2019euros H.T.<\/p>\r\n<p><strong>Commentaires de 3A :<\/strong><\/p>\r\n<ul>\r\n<li>La forte d\u00e9gradation du parking des Combes exigeait une op\u00e9ration lourde de r\u00e9novation.<\/li>\r\n<li>On ne peut que saluer la d\u00e9cision municipale d\u2019y consacrer tous les cr\u00e9dits n\u00e9cessaires.<\/li>\r\n<li>La construction d\u2019un b\u00e2timent de services \u00e0 finalit\u00e9s multiples apportera un plus important pour le bon fonctionnement de la station d\u2019Arc 2000.<\/li>\r\n<\/ul>\r\n<p>Toutefois, le dossier de permis de construire n\u2019\u00e9tant pas encore connu d\u00e9but avril, et les photomontages de l\u2019architecture pr\u00e9sentant une tr\u00e8s grande banalit\u00e9, nous formulons deux interrogations :<\/p>\r\n<ul>\r\n<li>L\u2019insertion architecturale atteindra-t-elle le niveau de qualit\u00e9 qu\u2019on est en droit d\u2019attendre pour un \u00e9difice fermant la place olympique dessin\u00e9e par Bernard Taillefer ?<\/li>\r\n<li>La mise en service des nouveaux locaux pourra-t-elle \u00eatre effective \u00e0 l\u2019hiver prochain ?<\/li>\r\n<\/ul>\r\n<h1><a id=\"post-1833-_Toc11919197\"><\/a>Bornes de recharge pour les v\u00e9hicules \u00e9lectriques<\/h1>\r\n<p><img decoding=\"async\" width=\"1417\" height=\"794\" class=\"wp-image-1986\" src=\"https:\/\/www.trois-a.org\/wp-content\/uploads\/2019\/06\/word-image-8.jpg\" srcset=\"https:\/\/www.trois-a.org\/wp-content\/uploads\/2019\/06\/word-image-8.jpg 1417w, https:\/\/www.trois-a.org\/wp-content\/uploads\/2019\/06\/word-image-8-300x168.jpg 300w, https:\/\/www.trois-a.org\/wp-content\/uploads\/2019\/06\/word-image-8-768x430.jpg 768w, https:\/\/www.trois-a.org\/wp-content\/uploads\/2019\/06\/word-image-8-1024x574.jpg 1024w\" sizes=\"(max-width: 1417px) 100vw, 1417px\" \/><\/p>\r\n<p><strong>Quelques infos de la municipalit\u00e9 <\/strong>La priorit\u00e9 est de pouvoir \u00e9quiper chaque site o\u00f9 la commune g\u00e8re du stationnement avec au moins un point de rechargement.<\/p>\r\n<p>Aussi, dans un premier temps, l\u2019installation de prises de rechargement sera r\u00e9alis\u00e9e par la soci\u00e9t\u00e9 SAGS, d\u00e9l\u00e9gataire de la Mairie, sur le parking du Charvet \u00e0 Arc 1800, le parking du Lac des Combes \u00e0 Arc 2000 et celui du centre \u00e0 Bourg St Maurice. La mairie avait pr\u00e9vu d\u2019\u00e9quiper les 3 parkings cit\u00e9s ci-dessous durant la deuxi\u00e8me quinzaine de f\u00e9vrier.<\/p>\r\n<p>Les normes actuelles d\u2019installation de ce type d\u2019\u00e9quipement imposent de tirer des lignes d\u2019alimentation d\u00e9di\u00e9es depuis le disjoncteur g\u00e9n\u00e9ral, ce qui n\u00e9cessiterait de couper l\u2019alimentation de ces parkings durant plusieurs heures. Il semble peu prudent de disjoncter compl\u00e8tement ces parkings tr\u00e8s fr\u00e9quent\u00e9s en pleine saison, ce qui neutraliserait durant la coupure certains des \u00e9l\u00e9ments de s\u00e9curit\u00e9. De plus, un incident technique est toujours possible lors de la remise en service.<\/p>\r\n<p>Aussi, la municipalit\u00e9 a pris la d\u00e9cision de reporter cette installation \u00e0 l&rsquo;intersaison pour une mise en service pour l&rsquo;hiver prochain. Pour la suite, elle \u00e9tudie le d\u00e9ploiement sur les autres parkings communaux.<\/p>\r\n<h1><a id=\"post-1833-_Toc11919198\"><\/a>Le Lodge change de propri\u00e9taire<\/h1>\r\n<p><img decoding=\"async\" width=\"1888\" height=\"1368\" class=\"wp-image-1987\" src=\"https:\/\/www.trois-a.org\/wp-content\/uploads\/2019\/06\/word-image-9.jpg\" srcset=\"https:\/\/www.trois-a.org\/wp-content\/uploads\/2019\/06\/word-image-9.jpg 1888w, https:\/\/www.trois-a.org\/wp-content\/uploads\/2019\/06\/word-image-9-300x217.jpg 300w, https:\/\/www.trois-a.org\/wp-content\/uploads\/2019\/06\/word-image-9-768x556.jpg 768w, https:\/\/www.trois-a.org\/wp-content\/uploads\/2019\/06\/word-image-9-1024x742.jpg 1024w\" sizes=\"(max-width: 1888px) 100vw, 1888px\" \/><\/p>\r\n<p>L\u2019annonce de la cession du \u00ab Lodge \u00bb (b\u00e2timent construit par ADS au-dessus d&rsquo;Arc 1800 \u00e0 l&rsquo;arriv\u00e9e de la t\u00e9l\u00e9cabine des Villards) au profit de \u00ab La Folie Douce \u00bb (soci\u00e9t\u00e9 dont les vastes installations dans plusieurs stations fran\u00e7aises allient restauration et dancing) a naturellement suscit\u00e9 quelque inqui\u00e9tude de la part de copropri\u00e9taires pouvant en redouter les nuisances sonores.<\/p>\r\n<p>Le pr\u00e9sident de 3A a demand\u00e9 \u00e0 Luc Reversade, fondateur de la Folie Douce, des pr\u00e9cisions sur ce qu\u2019on peut attendre de l\u2019ouverture de son nouvel \u00e9tablissement \u00e0 proximit\u00e9 de la station d&rsquo;Arc 1800.<\/p>\r\n<p>Vous trouverez la lettre de Jean-Louis Narquin et la r\u00e9ponse, qui se veut rassurante, de Luc Reversade sur le site internet de 3A :<a href=\"https:\/\/www.trois-a.org\/index.php\/2019\/05\/26\/reprise-du-lodge-par-la-folie-douce\/\"> https:\/\/www.trois-a.org\/index.php\/2019\/05\/26\/reprise-du-lodge-par-la-folie-douce\/<\/a><\/p>\r\n<h1><a id=\"post-1833-_Toc11919199\"><\/a>Du nouveau au golf des Arcs !<\/h1>\r\n<p><img decoding=\"async\" width=\"1262\" height=\"1863\" class=\"wp-image-1988\" src=\"https:\/\/www.trois-a.org\/wp-content\/uploads\/2019\/06\/word-image-10.jpg\" srcset=\"https:\/\/www.trois-a.org\/wp-content\/uploads\/2019\/06\/word-image-10.jpg 1262w, https:\/\/www.trois-a.org\/wp-content\/uploads\/2019\/06\/word-image-10-203x300.jpg 203w, https:\/\/www.trois-a.org\/wp-content\/uploads\/2019\/06\/word-image-10-768x1134.jpg 768w, https:\/\/www.trois-a.org\/wp-content\/uploads\/2019\/06\/word-image-10-694x1024.jpg 694w\" sizes=\"(max-width: 1262px) 100vw, 1262px\" \/><\/p>\r\n<h1><a id=\"post-1833-_Toc11919200\"><\/a>R\u00e9union 3A-pr\u00e9sidents de copropri\u00e9t\u00e9s &#8211; Mars 2019<\/h1>\r\n<p><img decoding=\"async\" width=\"1888\" height=\"559\" class=\"wp-image-1989\" src=\"https:\/\/www.trois-a.org\/wp-content\/uploads\/2019\/06\/word-image-11.jpg\" srcset=\"https:\/\/www.trois-a.org\/wp-content\/uploads\/2019\/06\/word-image-11.jpg 1888w, https:\/\/www.trois-a.org\/wp-content\/uploads\/2019\/06\/word-image-11-300x89.jpg 300w, https:\/\/www.trois-a.org\/wp-content\/uploads\/2019\/06\/word-image-11-768x227.jpg 768w, https:\/\/www.trois-a.org\/wp-content\/uploads\/2019\/06\/word-image-11-1024x303.jpg 1024w\" sizes=\"(max-width: 1888px) 100vw, 1888px\" \/><\/p>\r\n<p>En parall\u00e8le avec son action en prise directe avec les copropri\u00e9taires aux Arcs, 3A souhaite d\u00e9velopper un dialogue permanent avec les conseils syndicaux des copropri\u00e9t\u00e9s de notre station. \u00c0 ce titre, elle a organis\u00e9 fin mars 2019 une r\u00e9union avec les pr\u00e9sidents de copropri\u00e9t\u00e9 ou leurs repr\u00e9sentants. Bien qu\u2019il soit difficile de r\u00e9unir en un m\u00eame lieu au m\u00eame moment tous ces pr\u00e9sidents, la participation a \u00e9t\u00e9 beaucoup plus forte que pr\u00e9vu, et les discussions ont \u00e9t\u00e9 riches et instructives. 3A renouvellera r\u00e9guli\u00e8rement cette op\u00e9ration.<\/p>\r\n<p>Le compte-rendu de la r\u00e9union est <a href=\"https:\/\/www.trois-a.org\/index.php\/2019\/05\/27\/reunion-3a-presidents-de-coproprietes-mars-2019\/\">ici<\/a>.<\/p>\r\n<h1><a id=\"post-1833-_Toc11919201\"><\/a>R\u00e9novation de la r\u00e9sidence \u201cLes Chardons\u201d<\/h1>\r\n<p>Apr\u00e8s plus d\u2019une dizaine d\u2019ann\u00e9es d\u2019inoccupation, le b\u00e2timent de l\u2019OPAC \u00ab\u00a0les Chardons\u00a0\u00bb a \u00e9t\u00e9 rachet\u00e9 par \u00ab\u00a0Cap-Investissements\u00a0\u00bb. Plus d\u2019une soixantaine de logements seront livr\u00e9s au d\u00e9but de l\u2019hiver. Les travaux sont en cours. L\u2019entreprise a pr\u00e9vu la cr\u00e9ation de logements allant du T1 (30 m<sup>2<\/sup>) au T4 (120 m<sup>2<\/sup>), sur une surface de 6 000 m<sup>2<\/sup>. Plus d\u2019une cinquantaine d\u2019entre eux a d\u00e9j\u00e0 trouv\u00e9 acqu\u00e9reurs (entre 3 500 \u20ac et 4 000 \u20ac le m<sup>2<\/sup>).<\/p>\r\n<p><img decoding=\"async\" width=\"944\" height=\"503\" class=\"wp-image-1990\" src=\"https:\/\/www.trois-a.org\/wp-content\/uploads\/2019\/06\/word-image-12.jpg\" srcset=\"https:\/\/www.trois-a.org\/wp-content\/uploads\/2019\/06\/word-image-12.jpg 944w, https:\/\/www.trois-a.org\/wp-content\/uploads\/2019\/06\/word-image-12-300x160.jpg 300w, https:\/\/www.trois-a.org\/wp-content\/uploads\/2019\/06\/word-image-12-768x409.jpg 768w\" sizes=\"(max-width: 944px) 100vw, 944px\" \/><\/p>\r\n<h1><a id=\"post-1833-_Toc11919202\"><\/a>Pour contacter 3A \/ adh\u00e9rer \u00e0 3A<\/h1>\r\n<p><img decoding=\"async\" width=\"1410\" height=\"371\" class=\"wp-image-1991\" src=\"https:\/\/www.trois-a.org\/wp-content\/uploads\/2019\/06\/word-image-13.jpg\" srcset=\"https:\/\/www.trois-a.org\/wp-content\/uploads\/2019\/06\/word-image-13.jpg 1410w, https:\/\/www.trois-a.org\/wp-content\/uploads\/2019\/06\/word-image-13-300x79.jpg 300w, https:\/\/www.trois-a.org\/wp-content\/uploads\/2019\/06\/word-image-13-768x202.jpg 768w, https:\/\/www.trois-a.org\/wp-content\/uploads\/2019\/06\/word-image-13-1024x269.jpg 1024w\" sizes=\"(max-width: 1410px) 100vw, 1410px\" \/><\/p>\r\n<p><strong>Pour contacter 3A : <\/strong>Association 3A<\/p>\r\n<p>Chez monsieur Jean-Louis Narquin<\/p>\r\n<p>Le B\u00e9rard<\/p>\r\n<p>73700 Bourg-Saint-Maurice<\/p>\r\n<p>Contacter 3A par e-mail :<a href=\"mailto:contact@trois-a.org\"> contact@trois-a.org<\/a><\/p>\r\n<p>Visiter le site internet de 3A :<a href=\"https:\/\/www.trois-a.org\/\"> www.trois-a.org<\/a><\/p>\r\n<p><strong>Pour adh\u00e9rer \u00e0 3A :<\/strong><a href=\"https:\/\/www.trois-a.org\/wp-content\/uploads\/2018\/12\/3A_Bulletin_adh\u00c3\u00a9sion_2019.pdf\"> cliquez ici<\/a><\/p>\r\n<\/div>\r\n","protected":false},"excerpt":{"rendered":"<p>Lisez ces br\u00e8ves sous leur format original en ligne. Ou bien r\u00e9cup\u00e9rez la version pdf\u00a0(2 MB) :<\/p>\n","protected":false},"author":386,"featured_media":0,"comment_status":"open","ping_status":"closed","sticky":false,"template":"","format":"standard","meta":{"footnotes":""},"categories":[12,38],"tags":[48],"class_list":["post-1833","post","type-post","status-publish","format-standard","hentry","category-3a","category-breve","tag-article-en-acces-libre"],"_links":{"self":[{"href":"https:\/\/www.trois-a.org\/index.php\/wp-json\/wp\/v2\/posts\/1833","targetHints":{"allow":["GET"]}}],"collection":[{"href":"https:\/\/www.trois-a.org\/index.php\/wp-json\/wp\/v2\/posts"}],"about":[{"href":"https:\/\/www.trois-a.org\/index.php\/wp-json\/wp\/v2\/types\/post"}],"author":[{"embeddable":true,"href":"https:\/\/www.trois-a.org\/index.php\/wp-json\/wp\/v2\/users\/386"}],"replies":[{"embeddable":true,"href":"https:\/\/www.trois-a.org\/index.php\/wp-json\/wp\/v2\/comments?post=1833"}],"version-history":[{"count":14,"href":"https:\/\/www.trois-a.org\/index.php\/wp-json\/wp\/v2\/posts\/1833\/revisions"}],"predecessor-version":[{"id":1992,"href":"https:\/\/www.trois-a.org\/index.php\/wp-json\/wp\/v2\/posts\/1833\/revisions\/1992"}],"wp:attachment":[{"href":"https:\/\/www.trois-a.org\/index.php\/wp-json\/wp\/v2\/media?parent=1833"}],"wp:term":[{"taxonomy":"category","embeddable":true,"href":"https:\/\/www.trois-a.org\/index.php\/wp-json\/wp\/v2\/categories?post=1833"},{"taxonomy":"post_tag","embeddable":true,"href":"https:\/\/www.trois-a.org\/index.php\/wp-json\/wp\/v2\/tags?post=1833"}],"curies":[{"name":"wp","href":"https:\/\/api.w.org\/{rel}","templated":true}]}}