{"id":1479,"date":"2018-09-30T18:17:51","date_gmt":"2018-09-30T16:17:51","guid":{"rendered":"https:\/\/www.trois-a.org\/?p=1479"},"modified":"2019-02-12T08:34:05","modified_gmt":"2019-02-12T07:34:05","slug":"fin-de-lenquete-publique-sur-lamenagement-de-comborciere","status":"publish","type":"post","link":"https:\/\/www.trois-a.org\/index.php\/2018\/09\/30\/fin-de-lenquete-publique-sur-lamenagement-de-comborciere\/","title":{"rendered":"Fin de l&rsquo;enqu\u00eate publique sur l&rsquo;am\u00e9nagement de Comborci\u00e8re"},"content":{"rendered":"<p>Nous avions d\u00e9j\u00e0 publi\u00e9 <a href=\"https:\/\/www.trois-a.org\/index.php\/2018\/05\/02\/enquete-publique-sur-lamenagement-de-comborciere\/\" target=\"_blank\" rel=\"noopener\">ici<\/a>\u00a0les remarques de 3A sur le remplacement du t\u00e9l\u00e9si\u00e8ge de Comborci\u00e8re et l&rsquo;ouverture dans ce secteur d&rsquo;une nouvelle piste rouge, la piste de Secret (n\u00e9e piste du Loup), qui double la c\u00e9l\u00e8bre (et redout\u00e9e par les skieurs moyens) piste noire de Comborci\u00e8re, accompagn\u00e9es du <a href=\"https:\/\/www.trois-a.org\/wp-content\/uploads\/2018\/05\/R\u00e9sum\u00e9-Non-technique-T\u00e9l\u00e9si\u00e8ge-de-Comborci\u00e8re-et-Piste-du-Loup.pdf\" target=\"_blank\" rel=\"noopener\">dossier technique d&rsquo;ADS<\/a> sur ce projet.<\/p>\n<p>Comme on peut le lire dans <a href=\"https:\/\/www.trois-a.org\/wp-content\/uploads\/2018\/09\/Avis-commissaire.pdf\" target=\"_blank\" rel=\"noopener\">les conclusions du commissaire enqu\u00eateur<\/a>, dans <a href=\"https:\/\/www.trois-a.org\/wp-content\/uploads\/2018\/09\/r\u00e9ponse-maire.pdf\" target=\"_blank\" rel=\"noopener\">le courrier du maire<\/a> et dans <a href=\"https:\/\/www.trois-a.org\/wp-content\/uploads\/2018\/09\/R\u00e9ponse-ADS.pdf\" target=\"_blank\" rel=\"noopener\">les commentaires du directeur g\u00e9n\u00e9ral d&rsquo;ADS<\/a>, des\u00a0r\u00e9ponses pr\u00e9cises, que nous estimons relativement satisfaisantes, ont \u00e9t\u00e9 donn\u00e9es \u00e0 nos interrogations concernant :<\/p>\n<ul>\n<li>la r\u00e9cup\u00e9ration des \u00e9l\u00e9ments d\u2019un t\u00e9l\u00e9si\u00e8ge d\u2019occasion,<\/li>\n<li>la protection des arolles sur la piste nouvelle,<\/li>\n<li>la s\u00e9curit\u00e9 des skieurs traversant la route d\u00e9partementale,<\/li>\n<li>et, partiellement, la suppression\u00a0du parc de stationnement du Pr\u00e9-Saint-Esprit.<\/li>\n<\/ul>\n<p>Sur le dernier point, le commissaire enqu\u00eateur ayant subordonn\u00e9 son avis favorable \u00e0 la reconstitution partielle de ce parking, au b\u00e9n\u00e9fice notamment des clients des restaurants du Pr\u00e9-Saint-Esprit, la commune a finalement accept\u00e9 cette exigence.<\/p>\n<p>L\u2019ensemble de ces am\u00e9nagements du site de Comborci\u00e8re (remplacement du t\u00e9l\u00e9si\u00e8ge et cr\u00e9ation d\u2019une nouvelle piste de ski) est actuellement en travaux, pour une mise en service au d\u00e9but de la saison d\u2019hiver. Ainsi sera achev\u00e9e en d\u00e9cembre prochain la modernisation des installations de la vall\u00e9e de l\u2019Arc engag\u00e9e l\u2019an pass\u00e9 avec la construction du nouveau t\u00e9l\u00e9si\u00e8ge du Pr\u00e9 Saint-Esprit, un programme d\u2019un co\u00fbt total de 18 millions d\u2019euros pour valoriser les atouts du domaine skiable de la vall\u00e9e de l\u2019Arc.<\/p>\n","protected":false},"excerpt":{"rendered":"<p>Nous avions d\u00e9j\u00e0 publi\u00e9 ici\u00a0les remarques de 3A sur le remplacement du t\u00e9l\u00e9si\u00e8ge de Comborci\u00e8re et l&rsquo;ouverture dans ce secteur d&rsquo;une nouvelle piste rouge, la piste de Secret (n\u00e9e piste du Loup), qui double la c\u00e9l\u00e8bre (et redout\u00e9e par les skieurs moyens) piste noire de Comborci\u00e8re, accompagn\u00e9es du dossier technique d&rsquo;ADS sur ce projet. Comme &#8230;<\/p>\n","protected":false},"author":386,"featured_media":0,"comment_status":"open","ping_status":"closed","sticky":false,"template":"","format":"standard","meta":{"footnotes":""},"categories":[12,18],"tags":[],"class_list":["post-1479","post","type-post","status-publish","format-standard","hentry","category-3a","category-ads"],"_links":{"self":[{"href":"https:\/\/www.trois-a.org\/index.php\/wp-json\/wp\/v2\/posts\/1479","targetHints":{"allow":["GET"]}}],"collection":[{"href":"https:\/\/www.trois-a.org\/index.php\/wp-json\/wp\/v2\/posts"}],"about":[{"href":"https:\/\/www.trois-a.org\/index.php\/wp-json\/wp\/v2\/types\/post"}],"author":[{"embeddable":true,"href":"https:\/\/www.trois-a.org\/index.php\/wp-json\/wp\/v2\/users\/386"}],"replies":[{"embeddable":true,"href":"https:\/\/www.trois-a.org\/index.php\/wp-json\/wp\/v2\/comments?post=1479"}],"version-history":[{"count":8,"href":"https:\/\/www.trois-a.org\/index.php\/wp-json\/wp\/v2\/posts\/1479\/revisions"}],"predecessor-version":[{"id":1683,"href":"https:\/\/www.trois-a.org\/index.php\/wp-json\/wp\/v2\/posts\/1479\/revisions\/1683"}],"wp:attachment":[{"href":"https:\/\/www.trois-a.org\/index.php\/wp-json\/wp\/v2\/media?parent=1479"}],"wp:term":[{"taxonomy":"category","embeddable":true,"href":"https:\/\/www.trois-a.org\/index.php\/wp-json\/wp\/v2\/categories?post=1479"},{"taxonomy":"post_tag","embeddable":true,"href":"https:\/\/www.trois-a.org\/index.php\/wp-json\/wp\/v2\/tags?post=1479"}],"curies":[{"name":"wp","href":"https:\/\/api.w.org\/{rel}","templated":true}]}}