{"id":1153,"date":"2018-02-07T00:24:28","date_gmt":"2018-02-06T23:24:28","guid":{"rendered":"https:\/\/www.trois-a.org\/?p=1153"},"modified":"2025-05-26T10:45:28","modified_gmt":"2025-05-26T08:45:28","slug":"nuisances-des-groupes","status":"publish","type":"post","link":"https:\/\/www.trois-a.org\/index.php\/2018\/02\/07\/nuisances-des-groupes\/","title":{"rendered":"Quelle gestion des nuisances provoqu\u00e9es par les groupes?"},"content":{"rendered":"<p>Des propri\u00e9taires de la r\u00e9sidence Belles-Challes\/Lauzi\u00e8res ont alert\u00e9 la mairie suite aux d\u00e9sordres provoqu\u00e9s par la pr\u00e9sence de groupes.<\/p>\n<h3>Troubles dans la r\u00e9sidence<\/h3>\n<p>Bonjour Yves<\/p>\n<p>Je te joins ce message pour te donner un aper\u00e7u des probl\u00e8mes que rencontre la copropri\u00e9t\u00e9 Laumi\u00e8re si Belles Challes avec les hardes de malfaisants qui plusieurs semaines par par hiver polluent ab\u00eement cassent vident cette copropri\u00e9t\u00e9 <\/p>\n<p>Il y a des proc\u00e9dures mises en place mais qui semblent inefficaces <\/p>\n<p>Depuis plusieurs jours je re\u00e7ois des plaintes de propri\u00e9taires exc\u00e9d\u00e9s par ces sauvages <\/p>\n<p>Comment cela se passe dans les autres copropri\u00e9t\u00e9s <\/p>\n<p>Y a t\u2019il autant collusion entre la mairie la SMA les TO et autres pour ne pas prendre les moyens de stopper ces pratiques et quel r\u00f4le proactif peut jouer3A dans cet imbroglio<\/p>\n<p>Amiti\u00e9s <\/p>\n<p>Claude <\/p>\n<blockquote><p>D\u00e9but du message transf\u00e9r\u00e9 :<\/p>\n<p>&#8212;&#8212;&#8211; Message d&rsquo;origine &#8212;&#8212;&#8211;<\/p>\n<p>Objet : RE: {Copro BC-LZ} incidents BCL<\/p>\n<p>Bonjour \u00e0 tous<\/p>\n<p>Une pr\u00e9cision et un bilan de la semaine \u00e9coul\u00e9e.<\/p>\n<p>Pr\u00e9cision : la gendarmerie est bien intervenue pour faire cesser les troubles au 622 BC.<\/p>\n<p>Bilan de la semaine \u00e9coul\u00e9e. Nous n&rsquo;\u00e9tions pas pr\u00e9sents mais nous constatons les stigmates du passage des groupes ou pas groupes &#8230; bref des jeunes pr\u00e9sents au dessus de chez nous.<\/p>\n<p>C&rsquo;est tr\u00e8s agr\u00e9able de regarder par la fen\u00eatre et de contempler divers vomis, canettes de bi\u00e8res, m\u00e9gots de cigarettes, cartons de pizzas, morceau de bois provenant s\u00fbrement du balcon d&rsquo;un appartement &#8230; et cerise sur le g\u00e2teau, un beau morceau de raclette.<\/p>\n<p>Moralit\u00e9 ce matin : m\u00e9nage ext\u00e9rieur.<\/p>\n<p>Loin de moi l&rsquo;id\u00e9e de remettre de l&rsquo;huile sur le feu. Transmis en toute transparence.<\/p>\n<p>Je fais une d\u00e9claration de nuisance.<\/p>\n<p>Qq photos\n<\/p><\/blockquote>\n<div class=\"divider_line\"><\/div>\n<h3>Les remarques de Mme Sarah Martin<\/h3>\n<blockquote><p>Mesdames, Messieurs,<\/p>\n<p>Depuis une semaine, je lis les messages de chacun. Certains expriment leur ras le bol (et je les rejoins), et d\u2019autres minimisent les nuisances.<\/p>\n<p>Je suis tr\u00e8s \u00e9tonn\u00e9e des messages et notamment celui de la gardienne, pr\u00e9cisant que nous pouvons exprimer notre m\u00e9contentement sur des formulaires, que des num\u00e9ros sont affich\u00e9s dans les ascenseurs pour appeler le surveillant de nuit, ou appeler la gendarmerie, etc\u2026comme si cette situation de nuisance \u00e9tait naturelle, et que nous devrions la supporter.<\/p>\n<p>Nous avons achet\u00e9 aux Lauzi\u00e8res il y a bient\u00f4t 2 ans, au 12 \u00e8me \u00e9tage (1254), et nous le regrettons fortement \u00e0 cause de ces groupes, de ces comportements irrespectueux. L\u2019ann\u00e9e derni\u00e8re, un anglais compl\u00e8tement ivre, se trompant de logement, a tent\u00e9 de p\u00e9n\u00e9trer dans notre appartement pendant un quart d&rsquo;heure (bruit de cl\u00e9s dans la porte, coups de pied dans la porte) rendant ma fille de 5 ans en \u00e9tat d\u2019hyst\u00e9rie, et moi en \u00e9tat de stress. il a fini par uriner devant la porte. J\u2019avais d\u00fb appeler les gendarmes, qui ne pouvaient pas intervenir avant 30 minutes car ils \u00e9taient sur Arc 2000. Et attendre une demi heure, c\u2019est long! Le gardien n\u2019\u00e9tait pas l\u00e0. Et si ce n\u2019\u00e9tait qu\u2019une fois de temps, \u00e7a irait. Je n\u2019ai pas encore pass\u00e9 de vacances ressour\u00e7antes aux Lauzi\u00e8res! \u00e0 part l\u2019\u00e9t\u00e9.<\/p>\n<p>Ce genre de comportement ne devrait pas exister, comme celui de se jeter du balcon, balancer des chaises (je l\u2019ai vu) par la fen\u00eatre, et autres. <\/p>\n<p>Quand on ach\u00e8te un appartement \u00e0 un certain prix au m2 (certes inf\u00e9rieur \u00e0 celui de Val d\u2019Is\u00e8re ou de Tignes), on peut s\u2019attendre \u00e0 une certaine qualit\u00e9, et certaines prestations. Les locataires savent que cette r\u00e9sidence est bruyante, et ne veulent plus revenir. R\u00e9sultat dans quelques ann\u00e9es : plus personne (ni les locataires, ni les futurs acqu\u00e9reurs) ne voudra venir aux Lauzi\u00e8res Belles Challes, et nos appartements n\u2019auront plus la m\u00eame cotation. <\/p>\n<p>Vous ne pouvez pas nous demander de faire des efforts financiers pour tendre \u00e0 une r\u00e9sidence de standing, si nous ne pouvons pas y dormir tranquillement.<\/p>\n<p>Je partage l\u2019opinion d\u2019un copropri\u00e9taire mettant la mairie (ou ADS) devant sa responsabilit\u00e9 de construire en contrebas de la station une r\u00e9sidence sp\u00e9ciale groupe. Ils n\u2019ont pas besoin d\u2019avoir un acc\u00e8s direct \u00e0 la station. Ils sont connus pour ne pas consommer : ni chez les loueurs de ski, ni dans les bars, ni chez les commer\u00e7ants, car ils arrivent avec leur propre mat\u00e9riel, leur propre stock. Leur pr\u00e9sence dans la station ne profite qu\u2019aux loueurs de ces appartements (et encore je n\u2019aimerai pas \u00eatre l\u2019un d\u2019eux ayant trop peur de retrouver mon appartement saccag\u00e9), et aux vendeurs de forfait\u2026.<\/p>\n<p>Etablir un calendrier des groupes est \u00e9galement une aberration! Devoir choisir ses vacances en fonction des groupes ne devrait pas \u00eatre concevable. Des amis retrait\u00e9s ayant un appartement au 16\u00e8me \u00e9tage ont fait le choix cette ann\u00e9e de venir pendant les vacances scolaires de f\u00e9vrier pour \u00eatre assur\u00e9s de ne pas avoir \u00e0 supporter ces nuisances! c\u2019est un comble, et vous trouvez cela normal?<\/p>\n<p>Je serai aux Lauzi\u00e8res du 3 au 10 f\u00e9vrier, et j\u2019appr\u00e9hende d\u00e9j\u00e0 la nuit du samedi, et celle du dimanche, et les nuits \u00e0 venir, \u00e0 devoir supporter la musique, et les cris toute la nuit\u2026.Venir en vacances, chez soi, et savoir \u00e0 l\u2019avance qu\u2019on ne pourra pas se reposer\u2026vous trouvez cela normal? Appeler la gendarmerie, le gardien, le surveillant de nuit, vous trouvez cela normal? ce devrait \u00eatre l\u2019exception, et non le quotidien de cette r\u00e9sidence. <\/p>\n<p>J\u2019esp\u00e8re que le syndic saura faire remonter nos \u00e9changes de mail aux seuls profiteurs financiers de la pr\u00e9sence de ces groupes. <\/p>\n<p>Je r\u00eave de lire sur le prochain PV d\u2019AG : <\/p>\n<p>\u00ab R\u00e9solution 10 : il a \u00e9t\u00e9 d\u00e9cid\u00e9 \u00e0 la majorit\u00e9 que les groupes ne pourront plus louer quelconque appartement dans les r\u00e9sidences Belles-Challes\/Lauzi\u00e8res. \u00ab <\/p>\n<p>A bon entendeur\u2026.<\/p>\n<p>Et vous souhaitant \u00e0 tous une belle ann\u00e9e 2018 formulant le voeu d\u2019une r\u00e9sidence tranquille\u2026.<\/p>\n<p>Sarah MARTIN<\/p>\n<\/blockquote>\n<div class=\"divider_line\"><\/div>\n<h3>La r\u00e9ponse de Michel Giraudy, maire de Bourg-saint-Maurice\/les Arcs<\/h3>\n<blockquote><p>Madame,<\/p>\n<p>Votre mail du 14 janvier a retenu toute mon attention.<\/p>\n<p>Je vous confirme que deux vigiles ont \u00e9t\u00e9 missionn\u00e9s cette ann\u00e9e dans le cadre d\u2019un accord de financement \u00e0 100 % par Paradiski Tour et la commune de Bourg Saint Maurice \u2013 les Arcs pendant les semaines de pr\u00e9sence de groupes dans la r\u00e9sidence Belles Challes \u2013 Lauzi\u00e8res. Ils assurent la surveillance de la r\u00e9sidence toutes les nuits pendant la dur\u00e9e du s\u00e9jour des groupes afin d\u2019assurer la tranquillit\u00e9 nocturne.<\/p>\n<p>A la lecture de votre mail, je n\u2019ai pas trouv\u00e9 de pr\u00e9cision sur la date \u00e0 laquelle vous auriez subi un tapage cette ann\u00e9e, pouvez-vous m\u2019en informer afin que je diligente une enqu\u00eate aupr\u00e8s de la Police Municipale. Il apparait en effet que notre Police Municipale n\u2019a pas re\u00e7u d\u2019appel \u00e0 ce sujet depuis le d\u00e9but de la saison d\u2019hiver.<\/p>\n<p>Pour la semaine de votre prochain s\u00e9jour, du 3 au 10 f\u00e9vrier, aucun groupe n\u2019est programm\u00e9 en s\u00e9jour sur les Arcs (d\u00e9part le 3 f\u00e9vrier au matin).<\/p>\n<p>Enfin, je vous confirme l\u2019enjeu \u00e9conomique important que repr\u00e9sente pour nos stations des Arcs l\u2019accueil de ces groupes (commer\u00e7ants, restaurants, bars, \u00e9coles de ski,\u2026) en dehors des p\u00e9riodes de cong\u00e9s scolaires.<\/p>\n<p>Cordialement<\/p>\n<p>Michel GIRAUDY<\/p>\n<p>Le Maire<\/p><\/blockquote>\n<div class=\"divider_line\"><\/div>\n<h3>La r\u00e9ponse de Mme Sarah Martin<\/h3>\n<blockquote><p>Monsieur le Maire,<\/p>\n<p>Tout d\u2019abord je tiens \u00e0 vous remercier de l\u2019attention que vous portez \u00e0 nos \u00e9changes. Je pense que les copropri\u00e9taires y sont sensibles.<\/p>\n<p>Concernant l\u2019incident \u00e9voqu\u00e9, il s\u2019est d\u00e9roul\u00e9 en 2017, l\u2019avant-derni\u00e8re semaine d\u2019ouverture de la station, la semaine du 15 avril 2017. Je ne vous dirai pas le jour. La police s\u2019est bien d\u00e9plac\u00e9e, elle s\u2019est rendu au 1256, mais le temps qu\u2019elle arrive le jeune anglais ivre avait disparu. (initialement, nous avions \u00e9t\u00e9 r\u00e9veill\u00e9s, en pleine nuit, par des bruits et cris de l\u2019appartement voisin 1256 o\u00f9 4 jeunes anglaises logeaient; elles avaient r\u00e9ussi \u00e0 \u00e9jecter de leur appartement le jeune homme, lequel \u00e9tait ensuite venu trifouiller notre porte, tentant de l\u2019ouvrir, mais en vain. A raconter \u00e0 posteriori, l\u2019anecdote est amusante, mais plut\u00f4t stressante sur le moment, tant au 1256 qu\u2019au 1254. Ma fille, aujourd\u2019hui 6 ans, s\u2019en rappelle encore, et moi aussi). <\/p>\n<p>Cette m\u00eame semaine, un matin, on a d\u00e9couvert dehors, en bas de la r\u00e9sidence, une table basse cass\u00e9e, et autre d\u00e9tritus. J\u2019en ai parl\u00e9 au gardien, mais \u00e7a ne l\u2019\u00e9tonnait pas apr\u00e8s tout ce qu\u2019il avait vu dans la saison (t\u00e9l\u00e9 dehors, course dans les couloirs avec les matelas des appartements, etc\u2026.). <\/p>\n<p>Pour information, r\u00e9guli\u00e8rement dans la semaine, le soir, ces groupes prennent l\u2019habitude de se regrouper sous nos balcons, au pied de la r\u00e9sidence, ils mettent la musique \u00e0 fond, boivent leur bi\u00e8re dehors, et lancent des fumig\u00e8nes\u2026..et on ne dit rien car on a conscience que c\u2019est important pour la station, \u2026.une fois par semaine, ils rentrent tous des pistes, \u00e0 skis, en m\u00eame temps, vers 22h, apr\u00e8s avoir fait la f\u00eate \u00e0 l\u2019arpette, faisant du bruit \u2026.et on ne dit rien car on a conscience que c\u2019est important pour la station, et qu\u2019on n\u2019est pas en pleine nuit.<\/p>\n<p>Nous avons pass\u00e9 seulement 4 semaines \u00e0 Arc 1800 depuis que nous avons d\u00e9couvert la station. <\/p>\n<p>&#8211; La 1\u00e8re, c\u2019\u00e9tait en avril 2016, aux Lauzi\u00e8res, h\u00e9berg\u00e9s chez des amis, au 16\u00e8me, c\u2019\u00e9tait la derni\u00e8re semaine d\u2019ouverture\u2026mais c\u2019\u00e9tait aussi la semaine des infirmiers\u2026..nous n\u2019avons pas beaucoup dormi. Mais, plut\u00f4t fous, malgr\u00e9 le tapage, c\u2019est cette semaine l\u00e0 qu\u2019on a achet\u00e9, car nous \u00e9tions sous le charme de la station, de sa vie facile, pratique, accessible. Nous pensions \u00e0 tort que c\u2019\u00e9tait toujours cette derni\u00e8re semaine la plus bruyante!<\/p>\n<p>&#8211; Nous y sommes retourn\u00e9s l\u2019\u00e9t\u00e9 2016. Rien \u00e0 dire. <\/p>\n<p>&#8211; Puis en janvier 2017\u2026.le 1er soir, j\u2019adressai d\u00e9j\u00e0 un mail au syndic, \u2026\u00e0 le relire, le discours ne change pas. En voici la preuve  : <\/p>\n<blockquote><p>De: Christophe PRAUD <lesarcs.lz1254@yahoo.com><\/p>\n<p>Objet: Le bruit les groupes <\/p>\n<p>Date: 21 janvier 2017 \u00e0 00:22:59 UTC+1<\/p>\n<p>\u00c0: cs_bc_lz@googlegroups.com<\/p>\n<p>Bonsoir,<br \/>\n23.51&#8230;impossible de dormir! Ca chante, \u00e7a frappe dans les mains, ca joue de la musique! Et m\u00eame avec mes boules quies, je les entends.<br \/>\nNous sommes arriv\u00e9s \u00e0 la station tout juste cet apr\u00e8s midi, en famille avec nos 2 enfants, dans notre appartement du 1254 des Lauzieres nouvellement acquis, et que nous avons d\u00e9j\u00e0 envie de revendre \u00e0 cause de ces nuisances.<br \/>\nJe me dis que c&rsquo;est leur dernier soir et que \u00e7a ne va pas durer toute la semaine&#8230;mais je viens de consulter le planning 130 \u00e9tudiants arrivent demain!<br \/>\nQue dois je faire? Il me semblait qu&rsquo;\u00e0 minuit le tapage nocturne \u00e9tait prohib\u00e9. Dois je me lever  et chercher les fauteurs de trouble? Appeler la police? O\u00f9 puis je trouver le num\u00e9ro du veilleur de nuit? Appelez le syndic \u00e0 minuit&#8230;.?<br \/>\nMerci de me dire quand je dois venir en vacances? En janvier, des groupes toutes les semaines! Reste les vacances de f\u00e9vrier, mais j&rsquo;ai la chance d&rsquo;avoir des enfants en bas \u00e2ge et de venir hors vacances. Je voulais y retourner la semaine du 8 avril&#8230;mais malheureusement  il y a un gros groupe cette semaine l\u00e0! Il me faut donc d\u00e9caler mes vacances en fonction de ces groupes. M\u00eame plus libre de venir quand je veux.!<\/p>\n<p>Vous jouez la carte de la transparence en affichant les dates, mais c&rsquo;est bien trop tard. \u00c0 la mi novembre, j&rsquo;ai d\u00e9j\u00e0 r\u00e9serv\u00e9 les forfaits qui sont moins chers si achet\u00e9s avant le 31 octobre. De m\u00eame les locataires ont d\u00e9j\u00e0 fait leur r\u00e9servation. Des que j&rsquo;ai su les arriv\u00e9es des groupes, j&rsquo;ai rendu indisponible les locations. Donc une perte d&rsquo;argent pour moi, mais pas pour d&rsquo;autres!<br \/>\nJ&rsquo;ai lou\u00e9 La semaine du 1er janvier, (semaine r\u00e9serv\u00e9e avant le 31 octobre), les locataires ont laiss\u00e9 un commentaire lisible par le monde entier sur rbnb en disant que le logement \u00e9tait tr\u00e8s agr\u00e9able mais les voisins trop bruyants. Et en commentaire priv\u00e9, il m&rsquo;a pr\u00e9cis\u00e9 qu&rsquo;il y avait trop de bruit. J&rsquo;\u00e9tais vraiment g\u00ean\u00e9e de lui avoir lou\u00e9 cet appartement.<br \/>\nLe probl\u00e8me est que les propri\u00e9taires loueurs ne vivent pas dans leur appartement au moment de la venue des groupes. Ils ne se rendent pas compte.<br \/>\nJ&rsquo;ai bien compris que la station en avait besoin mais les groupes devraient tous venir en m\u00eame temps sur 2-3 semaines et c&rsquo;est tout. Et \u00e7a devrait \u00eatre toujours les m\u00eames semaines. En avril 2016, c&rsquo;\u00e9tait la derni\u00e8re semaine qui \u00e9tait bruyante. Cette ann\u00e9e, l&rsquo;avant derni\u00e8re! Ca manque de logique pour nous organiser.<br \/>\nEt nous devrions le savoir d\u00e8s le 1er octobre pour s&rsquo;organiser tant personnellement que dans nos locations.<br \/>\nMerci de votre \u00e9coute.<br \/>\nEn souhaitant un jour pass\u00e9 des nuits  paisibles aux Lauzieres. Notre derni\u00e8re semaine d&rsquo;hiver \u00e9tait celle du 18 avril 2016&#8230;celle du groupe des infirmiers&#8230;.nous n&rsquo;avons vraiment pas de chances.<br \/>\nChristophe Praud et Sarah Martin <\/p>\n<p>Envoy\u00e9 de mon iPhone<\/p><\/blockquote>\n<p>&#8211; puis en avril 2017, cette fois-ci l\u2019avant-derni\u00e8re semaine d&rsquo;ouverture, et nous voil\u00e0 encore avec un groupe d\u2019anglais.<\/p>\n<p>Bref, nous n\u2019avons jamais pass\u00e9 une semaine tranquille pendant l\u2019hiver. <\/p>\n<p>Monsieur le Maire, nous comprenons l\u2019enjeu \u00e9conomique pour la station. Nous comprenons qu\u2019il est important d\u2019accueillir ces groupes\u2026.mais pourquoi toujours aux Lauzi\u00e8res et Belles Challes? pourquoi les co-propori\u00e9taires de ce groupe de r\u00e9sidence doivent-ils toujours en \u00eatre victimes? D\u2019autres r\u00e9sidences ne peuvent-elles pas les loger? Si la station en a tant besoin, ne peut-elle pas construire un centre d\u2019h\u00e9bergement sp\u00e9cial groupe. Faites un appel au don \u00e0 tous les copropri\u00e9taires de toutes les r\u00e9sidences de la station Arc 1800 pour aider \u00e0 la construction. Nous sommes pr\u00eats \u00e0 donner si c\u2019est pour avoir la paix aux Lauzi\u00e8res et retrouver une r\u00e9sidence o\u00f9 il fait bon dormir. Apr\u00e8s, cela n\u2019emp\u00eachera pas les nuisances habituelles de voisins, in\u00e9vitables dans une telle r\u00e9sidence, et qui rel\u00e8vent de la biens\u00e9ance et qu\u2019on peut g\u00e9rer nous m\u00eames. <\/p>\n<p>Vous remerciant \u00e0 nouveau,<\/p>\n<p>Dans l\u2019espoir d\u2019un changement futur,<\/p>\n<p>Je vous prie d\u2019agr\u00e9er, Monsieur le Maire, l\u2019expression de mes sentiments respectueux.<\/p>\n<p>Sarah MARTIN et Christophe PRAUD<\/p><\/blockquote>\n<div class=\"divider_line\"><\/div>\n","protected":false},"excerpt":{"rendered":"<p>Des propri\u00e9taires de la r\u00e9sidence Belles-Challes\/Lauzi\u00e8res ont alert\u00e9 la mairie suite aux d\u00e9sordres provoqu\u00e9s par la pr\u00e9sence de groupes. Troubles dans la r\u00e9sidence Bonjour Yves Je te joins ce message pour te donner un aper\u00e7u des probl\u00e8mes que rencontre la copropri\u00e9t\u00e9 Laumi\u00e8re si Belles Challes avec les hardes de malfaisants qui plusieurs semaines par par &#8230;<\/p>\n","protected":false},"author":386,"featured_media":0,"comment_status":"open","ping_status":"closed","sticky":false,"template":"","format":"standard","meta":{"footnotes":""},"categories":[12,14],"tags":[48],"class_list":["post-1153","post","type-post","status-publish","format-standard","hentry","category-3a","category-mairie","tag-article-en-acces-libre"],"_links":{"self":[{"href":"https:\/\/www.trois-a.org\/index.php\/wp-json\/wp\/v2\/posts\/1153","targetHints":{"allow":["GET"]}}],"collection":[{"href":"https:\/\/www.trois-a.org\/index.php\/wp-json\/wp\/v2\/posts"}],"about":[{"href":"https:\/\/www.trois-a.org\/index.php\/wp-json\/wp\/v2\/types\/post"}],"author":[{"embeddable":true,"href":"https:\/\/www.trois-a.org\/index.php\/wp-json\/wp\/v2\/users\/386"}],"replies":[{"embeddable":true,"href":"https:\/\/www.trois-a.org\/index.php\/wp-json\/wp\/v2\/comments?post=1153"}],"version-history":[{"count":10,"href":"https:\/\/www.trois-a.org\/index.php\/wp-json\/wp\/v2\/posts\/1153\/revisions"}],"predecessor-version":[{"id":1218,"href":"https:\/\/www.trois-a.org\/index.php\/wp-json\/wp\/v2\/posts\/1153\/revisions\/1218"}],"wp:attachment":[{"href":"https:\/\/www.trois-a.org\/index.php\/wp-json\/wp\/v2\/media?parent=1153"}],"wp:term":[{"taxonomy":"category","embeddable":true,"href":"https:\/\/www.trois-a.org\/index.php\/wp-json\/wp\/v2\/categories?post=1153"},{"taxonomy":"post_tag","embeddable":true,"href":"https:\/\/www.trois-a.org\/index.php\/wp-json\/wp\/v2\/tags?post=1153"}],"curies":[{"name":"wp","href":"https:\/\/api.w.org\/{rel}","templated":true}]}}